{"id":85504,"date":"2024-07-25T18:03:01","date_gmt":"2024-07-25T18:03:01","guid":{"rendered":"https:\/\/rdnews.al\/?p=85504"},"modified":"2024-07-25T18:03:01","modified_gmt":"2024-07-25T18:03:01","slug":"birn-mazhoranca-po-mban-peng-klsh-ne","status":"publish","type":"post","link":"https:\/\/rdnews.al\/index.php\/2024\/07\/25\/birn-mazhoranca-po-mban-peng-klsh-ne\/","title":{"rendered":"BIRN: Mazhoranca po mban peng KLSH-n\u00eb"},"content":{"rendered":"<p>Kontrolli i Lart\u00eb i Shtetit \u00ebsht\u00eb i vetmi institucion i pavaruar q\u00eb nuk ka p\u00ebrfunduar procedur\u00ebn e raportimit n\u00eb Kuvend p\u00ebr k\u00ebt\u00eb sesion parlamentar, pasi raportimi i k\u00ebtij institucioni vijon t\u00eb jet\u00eb i hapur n\u00eb Komisionin p\u00ebr Ekonomin\u00eb dhe Financat, si komision p\u00ebrgjegj\u00ebs p\u00ebr t\u00eb d\u00ebrguar rezolut\u00ebn mbi pun\u00ebn e k\u00ebtij institucioni n\u00eb seanc\u00eb plenare.<\/p>\n<p>T\u00eb enjten gjat\u00eb punimeve t\u00eb Kuvendit, opozita k\u00ebrkoi q\u00eb t\u00eb futej n\u00eb rend dite dhe raportimi i KLSH-s\u00eb, duke akuzuar mazhoranc\u00ebn se po shkel Kushtetut\u00ebn duke mohuar k\u00ebt\u00eb procedur\u00eb ligjore.<\/p>\n<p>\u201c\u00cbsht\u00eb e papranueshme q\u00eb KLSH \u00ebsht\u00eb i vetmi institucion q\u00eb lihet pa raportuar,\u201d tha n\u00eb seanc\u00eb kryetari i grupit parlamentar t\u00eb Partis\u00eb Demokratike, Gazment Bardhi , duke cituar nenin p\u00ebrkat\u00ebs q\u00eb detyron KLSH-n\u00eb t\u2019i paraqes\u00eb raportin vjetor Kuvendit.<\/p>\n<p>Kryetarja e Kuvendit, Lindita Nikolla e quajti t\u00eb drejt\u00eb k\u00ebrkes\u00ebn dhe i b\u00ebri thirrje komisionit t\u00eb Ekonomis\u00eb t\u00eb vijoj\u00eb pun\u00ebn p\u00ebr p\u00ebrmbylljen e procesit t\u00eb raportimit dhe hartimit t\u00eb rezolut\u00ebs.<\/p>\n<p>Por kryetari i k\u00ebtij komisioni, Eduart Shalsi, pretendoi se KLSH nuk i kishte dh\u00ebn\u00eb p\u00ebrgjigjet e k\u00ebrkuara nga deputet\u00ebt n\u00eb k\u00ebt\u00eb komision, edhe pse jan\u00eb zhvilluar disa seanca d\u00ebgjimore me kreun e tij, Arben Shehu gjat\u00eb dit\u00ebve t\u00eb fundit.<\/p>\n<p>Ai tha se komisioni nuk ishte sqaruar se pse \u00ebsht\u00eb k\u00ebrkuar shkarkim nga detyra p\u00ebr drejtoresh\u00ebn e buxhetit n\u00eb Ministri t\u00eb Financave, Mimoza Dh\u00ebmbi, pse ska kall\u00ebzim p\u00ebr skandalin e Onkologjikut, p\u00ebr k\u00ebshilltar\u00ebt e jasht\u00ebm t\u00eb pun\u00ebsuar n\u00eb institucion, etj..<\/p>\n<p>I pyetur nga BIRN, Shalsi tha se \u201cKomisioni po vijon pun\u00ebn dhe nuk \u00ebsht\u00eb ende gati\u201d dhe se ishte n\u00eb tagrin e k\u00ebtij komisioni afati i p\u00ebrmbylljes s\u00eb procesit.<\/p>\n<p>Raportimi i kreut t\u00eb KLSH-s\u00eb n\u00eb k\u00ebt\u00eb komision \u00ebsht\u00eb shoq\u00ebruar me tensione dhe me akuza t\u00eb opozit\u00ebs p\u00ebr Shalsin dhe deputet\u00ebt e tjer\u00eb t\u00eb PS-s\u00eb se po ushtronin presion politik mbi nj\u00eb institucion t\u00eb pavarur. Vet\u00eb Shehu disa her\u00eb i gjeti si t\u00eb pap\u00ebrshtatshme, intimiduese dhe fyese p\u00ebr pun\u00ebn e institucionit pyetjet e deputet\u00ebve socialist\u00eb.<\/p>\n<p>N\u00eb seanc\u00ebn e s\u00eb enjtes, Kuvendi miratoi me 90 vota pro, 1 abstenim dhe 4 kund\u00ebr projektvendimin \u201cP\u00ebr ngritjen e N\u00ebnkomisionit p\u00ebr Auditimin e Sektorit Publik\u201d, nj\u00eb struktur\u00eb q\u00eb pritet t\u00eb ket\u00eb n\u00eb objekt t\u00eb pun\u00ebs s\u00eb saj pun\u00ebn e KLSH-s\u00eb. Pavar\u00ebsisht konsensusit politik nisma \u00ebsht\u00eb kritikuar nga opozita si nj\u00eb tentativ\u00eb p\u00ebr cenimin e pavar\u00ebsis\u00eb s\u00eb Kontrollit t\u00eb Lart\u00eb t\u00eb Shtetit.<\/p>\n<p>N\u00eb k\u00ebt\u00eb seanc\u00eb, Kuvendi miratoi rezolutat p\u00ebr pun\u00ebn e institucioneve t\u00eb pavarura q\u00eb raportojn\u00eb n\u00eb Kuvend dhe konfirmoi me shumic\u00eb t\u00eb thjesht\u00eb votash list\u00ebn e dal\u00eb nga shorti i tret\u00eb p\u00ebr p\u00ebrzgjedhjen e an\u00ebtar\u00ebve t\u00eb rinj t\u00eb K\u00ebshillit t\u00eb Lart\u00eb Gjyq\u00ebsor dhe K\u00ebshillit t\u00eb Lart\u00eb t\u00eb Prokuroris\u00eb nga radh\u00ebt e avokat\u00ebve.<\/p>\n<p>Kryetarja e Kuvendit, Lindita Nikolla tha se, n\u00ebse Kuvendi nuk arrin 2\/3-at n\u00eb votimin e tret\u00eb at\u00ebher\u00eb kandidat\u00ebt e k\u00ebsaj liste konsiderohen t\u00eb zgjedhur. Si rrjedhoj\u00eb kandidat\u00ebt Bledar Bajri dhe Albens Tabaku zgjidhen an\u00ebtar\u00eb t\u00eb KLGJ-s\u00eb dhe Erind M\u00ebrkuri dhe Erind G\u00ebrmenji zgjidhen an\u00ebtar\u00eb n\u00eb KLP.<\/p>\n","protected":false},"excerpt":{"rendered":"<p>Kontrolli i Lart\u00eb i Shtetit \u00ebsht\u00eb i vetmi institucion i pavaruar q\u00eb nuk ka p\u00ebrfunduar procedur\u00ebn e raportimit n\u00eb Kuvend p\u00ebr k\u00ebt\u00eb sesion parlamentar, pasi raportimi i k\u00ebtij institucioni vijon t\u00eb jet\u00eb i hapur n\u00eb Komisionin p\u00ebr Ekonomin\u00eb dhe Financat, si komision p\u00ebrgjegj\u00ebs p\u00ebr t\u00eb d\u00ebrguar rezolut\u00ebn mbi pun\u00ebn e k\u00ebtij institucioni n\u00eb seanc\u00eb plenare. &hellip;<\/p>\n","protected":false},"author":3,"featured_media":85505,"comment_status":"closed","ping_status":"closed","sticky":false,"template":"","format":"standard","meta":{"footnotes":""},"categories":[46],"tags":[],"class_list":["post-85504","post","type-post","status-publish","format-standard","has-post-thumbnail","","category-ekonomi"],"_links":{"self":[{"href":"https:\/\/rdnews.al\/index.php\/wp-json\/wp\/v2\/posts\/85504","targetHints":{"allow":["GET"]}}],"collection":[{"href":"https:\/\/rdnews.al\/index.php\/wp-json\/wp\/v2\/posts"}],"about":[{"href":"https:\/\/rdnews.al\/index.php\/wp-json\/wp\/v2\/types\/post"}],"author":[{"embeddable":true,"href":"https:\/\/rdnews.al\/index.php\/wp-json\/wp\/v2\/users\/3"}],"replies":[{"embeddable":true,"href":"https:\/\/rdnews.al\/index.php\/wp-json\/wp\/v2\/comments?post=85504"}],"version-history":[{"count":0,"href":"https:\/\/rdnews.al\/index.php\/wp-json\/wp\/v2\/posts\/85504\/revisions"}],"wp:featuredmedia":[{"embeddable":true,"href":"https:\/\/rdnews.al\/index.php\/wp-json\/wp\/v2\/media\/85505"}],"wp:attachment":[{"href":"https:\/\/rdnews.al\/index.php\/wp-json\/wp\/v2\/media?parent=85504"}],"wp:term":[{"taxonomy":"category","embeddable":true,"href":"https:\/\/rdnews.al\/index.php\/wp-json\/wp\/v2\/categories?post=85504"},{"taxonomy":"post_tag","embeddable":true,"href":"https:\/\/rdnews.al\/index.php\/wp-json\/wp\/v2\/tags?post=85504"}],"curies":[{"name":"wp","href":"https:\/\/api.w.org\/{rel}","templated":true}]}}