{"id":85690,"date":"2024-07-29T11:44:48","date_gmt":"2024-07-29T11:44:48","guid":{"rendered":"https:\/\/rdnews.al\/?p=85690"},"modified":"2024-07-29T11:58:23","modified_gmt":"2024-07-29T11:58:23","slug":"rama-i-dergon-njerezit-e-tij-ahmetajt-ne-zvicer-cfare-i-kerkuan","status":"publish","type":"post","link":"https:\/\/rdnews.al\/index.php\/2024\/07\/29\/rama-i-dergon-njerezit-e-tij-ahmetajt-ne-zvicer-cfare-i-kerkuan\/","title":{"rendered":"Rama i d\u00ebrgon njer\u00ebzit e tij Ahmetajt n\u00eb Zvic\u00ebr, \u00e7far\u00eb i k\u00ebrkuan"},"content":{"rendered":"<div dir=\"auto\"><strong>\u00c7im PEKA<\/strong><\/div>\n<div dir=\"auto\"><\/div>\n<div dir=\"auto\"><\/div>\n<div dir=\"auto\">Per gazetar\u00ebt e &#8216;familjes Sinaloa&#8217; t\u00eb Surrelit:<\/div>\n<div dir=\"auto\">Intervista me Ahmetaj \u00ebsht\u00eb e fresk\u00ebt, aktuale, e fort\u00eb, konkrete, e regjistruar k\u00ebt\u00eb t\u00eb m\u00ebrkur\u00eb dhe sigurisht me rrezik p\u00ebr Arben Ahmetaj. Nga intervista e par\u00eb deri t\u00eb m\u00ebrkur\u00ebn e k\u00ebsaj jave, Ahmetaj \u00ebsht\u00eb vizituar nga &#8216;misionar\u00eb&#8217; t\u00eb paqes nga &#8216;Sinaloa e Surrelit&#8217; p\u00ebr ta k\u00ebshilluar se Rama \u00ebsht\u00eb qet\u00ebsuar e ky nuk duhet t\u00eb flas\u00eb, por jan\u00eb shum\u00eb von\u00eb. Qart\u00ebsisht Arben Ahmetaj po flet e do t\u00eb flas\u00eb. Tek e para, oligark\u00ebt e Ram\u00ebs d\u00ebshtuan n\u00eb &#8216;negociata&#8217; q\u00eb t\u00eb mos jepej, tek kjo q\u00eb u realizua k\u00ebt\u00eb t\u00eb m\u00ebrkur\u00eb oligark\u00ebt e SPAK d\u00ebshtuan q\u00eb t\u00eb mos realizohej.<\/div>\n<div dir=\"auto\">Ps: Ka nj\u00eb zhvillim, para intervist\u00ebs s\u00eb par\u00eb Arben Ahmetaj konsiderohej si \u201cinstitucion korrupsioni\u201d, pas dy intervistave t\u00eb tij, Ahmetaj \u00ebsht\u00eb kthyer n\u00eb institucion BESIMI. Por, opozita nuk duhet t\u00eb pres\u00eb q\u00eb dyshen e &#8216;Sinaloas s\u00eb Surrelit&#8217; Rama-Dumani ta rr\u00ebzoj\u00eb Ahmetaj. Kjo band\u00eb nuk ik\u00ebn me fishekzjarre, ik\u00ebn si\u00e7 ikin bandat n\u00eb t\u00eb gjith\u00eb bot\u00ebn!<\/div>\n","protected":false},"excerpt":{"rendered":"<p>\u00c7im PEKA Per gazetar\u00ebt e &#8216;familjes Sinaloa&#8217; t\u00eb Surrelit: Intervista me Ahmetaj \u00ebsht\u00eb e fresk\u00ebt, aktuale, e fort\u00eb, konkrete, e regjistruar k\u00ebt\u00eb t\u00eb m\u00ebrkur\u00eb dhe sigurisht me rrezik p\u00ebr Arben Ahmetaj. Nga intervista e par\u00eb deri t\u00eb m\u00ebrkur\u00ebn e k\u00ebsaj jave, Ahmetaj \u00ebsht\u00eb vizituar nga &#8216;misionar\u00eb&#8217; t\u00eb paqes nga &#8216;Sinaloa e Surrelit&#8217; p\u00ebr ta k\u00ebshilluar &hellip;<\/p>\n","protected":false},"author":3,"featured_media":0,"comment_status":"closed","ping_status":"closed","sticky":false,"template":"","format":"standard","meta":{"footnotes":""},"categories":[40],"tags":[],"class_list":["post-85690","post","type-post","status-publish","format-standard","","category-aktualitet"],"_links":{"self":[{"href":"https:\/\/rdnews.al\/index.php\/wp-json\/wp\/v2\/posts\/85690","targetHints":{"allow":["GET"]}}],"collection":[{"href":"https:\/\/rdnews.al\/index.php\/wp-json\/wp\/v2\/posts"}],"about":[{"href":"https:\/\/rdnews.al\/index.php\/wp-json\/wp\/v2\/types\/post"}],"author":[{"embeddable":true,"href":"https:\/\/rdnews.al\/index.php\/wp-json\/wp\/v2\/users\/3"}],"replies":[{"embeddable":true,"href":"https:\/\/rdnews.al\/index.php\/wp-json\/wp\/v2\/comments?post=85690"}],"version-history":[{"count":0,"href":"https:\/\/rdnews.al\/index.php\/wp-json\/wp\/v2\/posts\/85690\/revisions"}],"wp:attachment":[{"href":"https:\/\/rdnews.al\/index.php\/wp-json\/wp\/v2\/media?parent=85690"}],"wp:term":[{"taxonomy":"category","embeddable":true,"href":"https:\/\/rdnews.al\/index.php\/wp-json\/wp\/v2\/categories?post=85690"},{"taxonomy":"post_tag","embeddable":true,"href":"https:\/\/rdnews.al\/index.php\/wp-json\/wp\/v2\/tags?post=85690"}],"curies":[{"name":"wp","href":"https:\/\/api.w.org\/{rel}","templated":true}]}}