{"id":85896,"date":"2024-07-31T09:09:22","date_gmt":"2024-07-31T09:09:22","guid":{"rendered":"https:\/\/rdnews.al\/?p=85896"},"modified":"2024-07-31T09:09:22","modified_gmt":"2024-07-31T09:09:22","slug":"fermeret-e-maliqit-perseri-ne-proteste-mallrat-serbe-po-na-falimentojme","status":"publish","type":"post","link":"https:\/\/rdnews.al\/index.php\/2024\/07\/31\/fermeret-e-maliqit-perseri-ne-proteste-mallrat-serbe-po-na-falimentojme\/","title":{"rendered":"Fermer\u00ebt e Maliqit p\u00ebrs\u00ebri n\u00eb protest\u00eb: Mallrat serbe po na falimentojm\u00eb"},"content":{"rendered":"<p>P\u00ebr her\u00eb t\u00eb dyt\u00eb n\u00eb vet\u00ebm pak dit\u00eb, fermer\u00ebt e Maliqit jan\u00eb ngritur n\u00eb protest\u00eb duke k\u00ebrkuar zgjidhje nga organet shtet\u00ebrore p\u00ebr t\u00eb gjetur treg p\u00ebr prodhimin e tyre q\u00eb ngelet stok.<\/p>\n<p>Ata jan\u00eb mbledhur p\u00ebrs\u00ebri n\u00eb kryq\u00ebzimin e Libonikut n\u00eb af\u00ebrsi t\u00eb rrug\u00ebs nacionale Kor\u00e7\u00eb \u2013 Pogradec, aty ku her\u00ebn e kaluar 24 drejtues mjetesh bujq\u00ebsore u gjobit\u00ebn nga 25.000 deri n\u00eb 100.000 lek t\u00eb reja p\u00ebr bllokimin e aksit gjat\u00eb tubimit.<\/p>\n<p>Produktet e pa shitura dhe \u00e7mimi shum\u00eb i ul\u00ebt p\u00ebr mallrat q\u00eb ata prodhojn\u00eb jan\u00eb dy arsyet kryesore q\u00eb kan\u00eb \u00e7uar n\u00eb organizimin e k\u00ebtyre protestave. Fermer\u00ebt k\u00ebrkojn\u00eb marrjen e masave t\u00eb menj\u00ebhershme nga qeveria shqiptare p\u00ebr t\u00eb bllokuar mallin q\u00eb importohet nga vendet e rajonit, kryesisht nga Kosova e Serbia.<\/p>\n<p>Sipas tyre, nj\u00eb kilogram grur\u00eb kushton 17 deri n\u00eb 22 lek, apo nj\u00eb kilogram patate 30 lek, dhe kjo b\u00ebn q\u00eb fermer\u00ebt t\u00eb shkojn\u00eb drejt falimentimit.<\/p>\n<p>Ndryshe nga hera e par\u00eb, k\u00ebt\u00eb her\u00eb numri i fermer\u00ebve q\u00eb kan\u00eb dal\u00eb n\u00eb protest\u00eb \u00ebsht\u00eb m\u00eb i pak\u00ebt.<\/p>\n","protected":false},"excerpt":{"rendered":"<p>P\u00ebr her\u00eb t\u00eb dyt\u00eb n\u00eb vet\u00ebm pak dit\u00eb, fermer\u00ebt e Maliqit jan\u00eb ngritur n\u00eb protest\u00eb duke k\u00ebrkuar zgjidhje nga organet shtet\u00ebrore p\u00ebr t\u00eb gjetur treg p\u00ebr prodhimin e tyre q\u00eb ngelet stok. Ata jan\u00eb mbledhur p\u00ebrs\u00ebri n\u00eb kryq\u00ebzimin e Libonikut n\u00eb af\u00ebrsi t\u00eb rrug\u00ebs nacionale Kor\u00e7\u00eb \u2013 Pogradec, aty ku her\u00ebn e kaluar 24 drejtues &hellip;<\/p>\n","protected":false},"author":4,"featured_media":85897,"comment_status":"closed","ping_status":"closed","sticky":false,"template":"","format":"standard","meta":{"footnotes":""},"categories":[37],"tags":[],"class_list":["post-85896","post","type-post","status-publish","format-standard","has-post-thumbnail","","category-politike"],"_links":{"self":[{"href":"https:\/\/rdnews.al\/index.php\/wp-json\/wp\/v2\/posts\/85896","targetHints":{"allow":["GET"]}}],"collection":[{"href":"https:\/\/rdnews.al\/index.php\/wp-json\/wp\/v2\/posts"}],"about":[{"href":"https:\/\/rdnews.al\/index.php\/wp-json\/wp\/v2\/types\/post"}],"author":[{"embeddable":true,"href":"https:\/\/rdnews.al\/index.php\/wp-json\/wp\/v2\/users\/4"}],"replies":[{"embeddable":true,"href":"https:\/\/rdnews.al\/index.php\/wp-json\/wp\/v2\/comments?post=85896"}],"version-history":[{"count":0,"href":"https:\/\/rdnews.al\/index.php\/wp-json\/wp\/v2\/posts\/85896\/revisions"}],"wp:featuredmedia":[{"embeddable":true,"href":"https:\/\/rdnews.al\/index.php\/wp-json\/wp\/v2\/media\/85897"}],"wp:attachment":[{"href":"https:\/\/rdnews.al\/index.php\/wp-json\/wp\/v2\/media?parent=85896"}],"wp:term":[{"taxonomy":"category","embeddable":true,"href":"https:\/\/rdnews.al\/index.php\/wp-json\/wp\/v2\/categories?post=85896"},{"taxonomy":"post_tag","embeddable":true,"href":"https:\/\/rdnews.al\/index.php\/wp-json\/wp\/v2\/tags?post=85896"}],"curies":[{"name":"wp","href":"https:\/\/api.w.org\/{rel}","templated":true}]}}