{"id":86009,"date":"2024-08-01T16:31:00","date_gmt":"2024-08-01T16:31:00","guid":{"rendered":"https:\/\/rdnews.al\/?p=86009"},"modified":"2024-08-01T16:32:22","modified_gmt":"2024-08-01T16:32:22","slug":"boci-pse-spak-nuk-heton-ramen-dhe-veliajn-pronaret-faktik-te-inceneratorit-te-tiranes","status":"publish","type":"post","link":"https:\/\/rdnews.al\/index.php\/2024\/08\/01\/boci-pse-spak-nuk-heton-ramen-dhe-veliajn-pronaret-faktik-te-inceneratorit-te-tiranes\/","title":{"rendered":"Bo\u00e7i: Pse SPAK nuk heton Ram\u00ebn dhe Veliajn, pronar\u00ebt faktik\u00eb t\u00eb inceneratorit t\u00eb Tiran\u00ebs"},"content":{"rendered":"<p>N\u00ebnkryetari i PD, Lu\u00e7iano Bo\u00e7i u shpreh se shp\u00ebrdorim detyre ka edhe n\u00eb incerenatorin e Elbasanit e Fierit jo vet\u00ebm n\u00eb at\u00eb t\u00eb Tiran\u00ebs, dhe se edhe n\u00eb k\u00ebto raste po fshihen pronar\u00ebt e v\u00ebrtet\u00eb.<\/p>\n<p>I ftuar n\u00eb Syri Tv, Bo\u00e7i tha se PD do t\u00eb vazhdoj\u00eb me protestat e denoncimet, dhe se ndosgta do t\u00eb ket\u00eb edhe fakte t\u00eb reja.<\/p>\n<p>Sa i p\u00ebrket zgjedhjeve t\u00eb Himar\u00ebs, Bo\u00e7i theksoi se qytetar\u00ebt e Himar\u00ebs e shpreh\u00ebn vullnetin e tyre me 14 maj dhe pushteti e refuzoi vullnetin e qytetar\u00ebve n\u00ebp\u00ebrmjet vendimeve qe rama imponoi duke p\u00ebrdorun policin\u00eb e shtetit, gjykatat e n\u00eb fund fare edhe presidentin.<\/p>\n<p>\u201cKa nj\u00eb penges\u00eb nga v\u00ebt\u00eb prokuroria p\u00ebr t\u00eb hetuar pronar\u00ebt faktik t\u00eb inceneratorit t\u00eb Tiran\u00ebs, q\u00eb jan\u00eb kryetari i bashkris\u00eb dhe kryeministri, dhe k\u00ebtu nuk kemi t\u00eb b\u00ebjm\u00eb me di\u00e7ka rast\u00ebsrore psi m\u00ebnyra si ka vepruar SPAK deri m\u00eb tani tregon qartazi q\u00eb SPAK k\u00ebrkon t\u00eb marr\u00eb ne mbrojtje pronar\u00ebt faktik t\u00eb inceneratorit t\u00eb tiran\u00ebs, duke ja shkarkuar t\u00eb gjith\u00eb p\u00ebrgjegjesin\u00eb pjes\u00ebs tjet\u00ebr t\u00eb zinxhirit t\u00eb grupit t\u00eb strukturuar kriminal ne nivel drejtor\u00ebsh apo n\u00eb nivele t\u00eb tjera me qellim q\u00eb t\u00eb shp\u00ebtoj\u00eb nga akuzat pik\u00ebrisht k\u00ebto njer\u00ebz q\u00eb sot rezultojn\u00eb si pronar\u00eb e grabit\u00ebs t\u00eb atyre parave q\u00eb gjoja shkojn\u00eb p\u00ebr incerenatorin e tiran\u00ebs, i lidhur si afer\u00eb n\u00eb t\u00ebr\u00ebsi edhe m\u00eb incerenerator\u00eb t\u00eb tjer\u00eb n\u00ebp\u00ebrmjet kryeministrit Rama n\u00ebp\u00ebrmjet sekretarit t\u00eb tij t\u00eb p\u00ebrgjithsh\u00ebm me inceneratorin e Fierit dhe t\u00eb Elbasanit.<\/p>\n<p>Nga m\u00ebnyra se si jan\u00eb trajtuar c\u00ebshtjet e m\u00ebparshme, duket q\u00eb ka nj\u00eb ngjashm\u00ebri mes incerenartorit te Elbasanit, Fierit dh et\u00eb Tiran\u00ebs. Dhe n\u00eb rastin e Elbasanit dhe Fierit nuk dol\u00ebn n\u00eb pah pronar\u00ebt e v\u00ebrt\u00ebt\u00eb q\u00eb jan\u00eb t\u00eb lidhur m\u00eb kryeministrin dhe sekretarin e p\u00ebrgjithsh\u00ebm, edhe n\u00eb rastin e Tiran\u00ebs po ndodh p\u00ebrs\u00ebri e nj\u00ebjta gje.<\/p>\n<p>Ne do vazhdojm\u00eb me denoncimet sic i kemi pasur, ndoshta edhe me fakte t\u00eb reja sesi \u00ebsht\u00eb vepruar n\u00eb inceneratorin e Tiran\u00ebs.<\/p>\n<p>Ajo cka u pa ne takimin e drejt\u00ebp\u00ebrdrejt\u00eb isht\u00eb mb\u00ebsht\u00ebtja e banor\u00ebve t\u00eb Himar\u00ebs, p\u00ebr zotin Gjikuria dhe ajo cka u vu re edhe n\u00eb takimin e par\u00eb mE qytetar\u00ebt \u00ebsht\u00eb zem\u00ebrimi dhe revolta e tyre ndaj nj\u00eb padrejt\u00ebsie t\u00eb imponuar pik\u00ebruisht nga pushteti, pasi qytetar\u00ebt e Himar\u00ebs e shpreh\u00ebn vullnetin e tyre me 14 maj dhe pushteti e refuzoi vullnetin e qytetar\u00ebve n\u00ebp\u00ebrmjet vendimeve qe Rama imponoi duke p\u00ebrdorun policin\u00eb e shtetit, ghykatat e n\u00eb fund fare edhe presidentin\u201d,\u00a0tha Bo\u00e7i.<\/p>\n","protected":false},"excerpt":{"rendered":"<p>N\u00ebnkryetari i PD, Lu\u00e7iano Bo\u00e7i u shpreh se shp\u00ebrdorim detyre ka edhe n\u00eb incerenatorin e Elbasanit e Fierit jo vet\u00ebm n\u00eb at\u00eb t\u00eb Tiran\u00ebs, dhe se edhe n\u00eb k\u00ebto raste po fshihen pronar\u00ebt e v\u00ebrtet\u00eb. I ftuar n\u00eb Syri Tv, Bo\u00e7i tha se PD do t\u00eb vazhdoj\u00eb me protestat e denoncimet, dhe se ndosgta do &hellip;<\/p>\n","protected":false},"author":4,"featured_media":83120,"comment_status":"closed","ping_status":"closed","sticky":false,"template":"","format":"standard","meta":{"footnotes":""},"categories":[37],"tags":[],"class_list":["post-86009","post","type-post","status-publish","format-standard","has-post-thumbnail","","category-politike"],"_links":{"self":[{"href":"https:\/\/rdnews.al\/index.php\/wp-json\/wp\/v2\/posts\/86009","targetHints":{"allow":["GET"]}}],"collection":[{"href":"https:\/\/rdnews.al\/index.php\/wp-json\/wp\/v2\/posts"}],"about":[{"href":"https:\/\/rdnews.al\/index.php\/wp-json\/wp\/v2\/types\/post"}],"author":[{"embeddable":true,"href":"https:\/\/rdnews.al\/index.php\/wp-json\/wp\/v2\/users\/4"}],"replies":[{"embeddable":true,"href":"https:\/\/rdnews.al\/index.php\/wp-json\/wp\/v2\/comments?post=86009"}],"version-history":[{"count":0,"href":"https:\/\/rdnews.al\/index.php\/wp-json\/wp\/v2\/posts\/86009\/revisions"}],"wp:featuredmedia":[{"embeddable":true,"href":"https:\/\/rdnews.al\/index.php\/wp-json\/wp\/v2\/media\/83120"}],"wp:attachment":[{"href":"https:\/\/rdnews.al\/index.php\/wp-json\/wp\/v2\/media?parent=86009"}],"wp:term":[{"taxonomy":"category","embeddable":true,"href":"https:\/\/rdnews.al\/index.php\/wp-json\/wp\/v2\/categories?post=86009"},{"taxonomy":"post_tag","embeddable":true,"href":"https:\/\/rdnews.al\/index.php\/wp-json\/wp\/v2\/tags?post=86009"}],"curies":[{"name":"wp","href":"https:\/\/api.w.org\/{rel}","templated":true}]}}