{"id":86029,"date":"2024-08-01T18:52:52","date_gmt":"2024-08-01T18:52:52","guid":{"rendered":"https:\/\/rdnews.al\/?p=86029"},"modified":"2024-08-01T18:52:52","modified_gmt":"2024-08-01T18:52:52","slug":"berisha-edi-rama-eshte-hajduti-me-i-papermbajtur-e-vodhi-kete-vend-si-asnje-sundimtar-tjeter-ne-histori","status":"publish","type":"post","link":"https:\/\/rdnews.al\/index.php\/2024\/08\/01\/berisha-edi-rama-eshte-hajduti-me-i-papermbajtur-e-vodhi-kete-vend-si-asnje-sundimtar-tjeter-ne-histori\/","title":{"rendered":"Berisha: Edi Rama \u00ebsht\u00eb hajduti m\u00eb i pap\u00ebrmbajtur, e vodhi k\u00ebt\u00eb vend si asnj\u00eb sundimtar tjet\u00ebr n\u00eb histori"},"content":{"rendered":"<p>Kryetari i PD, Sali Berisha n\u00eb fjal\u00ebn e tij p\u00ebrpara protestuesve \u00ebsht\u00eb shprehur se sot qytetar\u00ebt protestuan para bashkis\u00eb kund\u00ebr nj\u00eb bande kriminale q\u00eb ka vjedhur me modelin 100 p\u00ebrqind taksat.<\/p>\n<p>Berisha ka theksuar se, Edi Rama \u00ebsht\u00eb armiku m\u00eb i eg\u00ebr i kombit, i moralit, i qytetarit, i vendit, i flamurit, i Shqip\u00ebris\u00eb.<\/p>\n<p>\u201cMir\u00ebmbr\u00ebma dhe p\u00ebrsh\u00ebndetjet m\u00eb t\u00eb p\u00ebrzem\u00ebrta ju q\u00ebndrestareve dhe q\u00ebndrestar\u00ebve t\u00eb pamposhtur t\u00eb kauz\u00ebs s\u00eb drejt\u00eb t\u00eb \u00e7do shqiptari, t\u00eb kombit shqiptar dhe Shqip\u00ebris\u00eb.<\/p>\n<p>Nj\u00eb mir\u00ebnjohje t\u00eb pakufishme ndaj jush p\u00ebr q\u00ebndres\u00ebn e jasht\u00ebzakonshme.<\/p>\n<p>Nj\u00eb p\u00ebrsh\u00ebndetje p\u00ebr t\u00eb gjith\u00eb qytetar\u00ebt q\u00eb sfiduan edhe sot vap\u00ebn dhe \u00e7do gj\u00eb dhe protestuan p\u00ebr nderin dhe dinjitetin e qytetar\u00ebve t\u00eb Tiran\u00ebs.<\/p>\n<p>Protestuan para bashkis\u00eb kund\u00ebr nj\u00eb bande kriminale q\u00eb ka vjedhur me modelin 100 p\u00ebrqind taksat e qytetar\u00ebve t\u00eb Tiran\u00ebs p\u00ebr veten dhe familjet e tyre.<\/p>\n<p>T\u00eb dashur miq, n\u00eb \u00e7do variant, n\u00eb \u00e7do aspekt, n\u00eb \u00e7do drejtim q\u00eb t\u00eb analizosh, k\u00ebto zhvillime dramatike, n\u00eb \u00e7do form\u00eb q\u00eb ta analizosh zbrazjen e tmerrshme t\u00eb Shqip\u00ebris\u00eb nga shqiptar\u00ebt, largimin e tyre masiv p\u00ebr shkak t\u00eb kushteve t\u00eb kalkuluara nga vendi dhe dheu i tyre, n\u00eb rreth 40 p\u00ebrqind nga viti 2014 gjer sot, n\u00eb \u00e7do rrafsh q\u00eb t\u00eb shqyrtosh r\u00ebnien dramatike t\u00eb turizmit n\u00eb k\u00ebt\u00eb vend dhe shnd\u00ebrrimin e k\u00ebsaj pasurie p\u00ebrrallore n\u00eb nj\u00eb mallkim t\u00eb v\u00ebrtet\u00eb p\u00ebr qytetar\u00ebt shqiptar\u00eb, n\u00eb kuptimin q\u00eb ata fitojn\u00eb n\u00eb vit 3 gjer n\u00eb 4 euro dhe paguajn\u00eb nga taksat e tyre n\u00eb vit p\u00ebr turizmin 215-220 euro.<\/p>\n<p>Paguajn\u00eb n\u00eb vit n\u00eb total 430 milion\u00eb euro p\u00ebr infrastruktur\u00ebn e resorteve t\u00eb miqve t\u00eb Edi Ram\u00ebs dhe pronave t\u00eb tij dhe marrin gjithsej si shoq\u00ebri 8 milion\u00eb euro, nj\u00eb shum\u00eb qesharak\u00eb, e paimagjinueshme.<\/p>\n<p>N\u00eb t\u00eb gjitha k\u00ebto t\u00eb del nj\u00eb em\u00ebr si strumbullar dhe ky em\u00ebr \u00ebsht\u00eb Edi Rama.<\/p>\n<p>Ky njeri, p\u00ebr pushtetin dhe pasurimin e tij, nuk njeh komb, nuk njeh moral, nuk njeh atdhe, nuk njeh ligj, nuk njeh Kushtetut\u00eb.<\/p>\n<p>Ky \u00ebsht\u00eb armiku m\u00eb i eg\u00ebr i kombit, i moralit, i qytetarit, i vendit, i flamurit, i Shqip\u00ebris\u00eb.<\/p>\n<p>Ky \u00ebsht\u00eb hajduti m\u00eb i pap\u00ebrmbajtur, i cili e vodhi k\u00ebt\u00eb vend si asnj\u00eb sundimtar tjet\u00ebr n\u00eb histori.<\/p>\n<p>Edhe nj\u00ebher\u00eb iu rikujtoj shqiptar\u00ebve se v\u00ebrtet Enver Hoxha nd\u00ebrtoi nj\u00eb vil\u00eb n\u00eb mes t\u00eb Bllokut 3-4 kat\u00ebshe, por ky Hitler i pasluft\u00ebs s\u00eb dyt\u00eb bot\u00ebrore, nuk e regjistroi ndonj\u00ebher\u00eb at\u00eb n\u00eb em\u00ebr t\u00eb familjes s\u00eb tij.<\/p>\n<p>Kurse Edi Rama, pa u b\u00ebr\u00eb kryeminist\u00ebr, n\u00eb shkelje flagrante t\u00eb ligjeve, nd\u00ebrtoi sarajet 720 metra t\u00eb gjata, me oborrin park 5 mij\u00eb metra katror\u00eb.<\/p>\n<p>Ullinj qindravje\u00e7ar\u00eb q\u00eb kushtojn\u00eb qindra mij\u00ebra euro\u201d, tha Berisha.<\/p>\n","protected":false},"excerpt":{"rendered":"<p>Kryetari i PD, Sali Berisha n\u00eb fjal\u00ebn e tij p\u00ebrpara protestuesve \u00ebsht\u00eb shprehur se sot qytetar\u00ebt protestuan para bashkis\u00eb kund\u00ebr nj\u00eb bande kriminale q\u00eb ka vjedhur me modelin 100 p\u00ebrqind taksat. Berisha ka theksuar se, Edi Rama \u00ebsht\u00eb armiku m\u00eb i eg\u00ebr i kombit, i moralit, i qytetarit, i vendit, i flamurit, i Shqip\u00ebris\u00eb. \u201cMir\u00ebmbr\u00ebma &hellip;<\/p>\n","protected":false},"author":4,"featured_media":82601,"comment_status":"closed","ping_status":"closed","sticky":false,"template":"","format":"standard","meta":{"footnotes":""},"categories":[37],"tags":[],"class_list":["post-86029","post","type-post","status-publish","format-standard","has-post-thumbnail","","category-politike"],"_links":{"self":[{"href":"https:\/\/rdnews.al\/index.php\/wp-json\/wp\/v2\/posts\/86029","targetHints":{"allow":["GET"]}}],"collection":[{"href":"https:\/\/rdnews.al\/index.php\/wp-json\/wp\/v2\/posts"}],"about":[{"href":"https:\/\/rdnews.al\/index.php\/wp-json\/wp\/v2\/types\/post"}],"author":[{"embeddable":true,"href":"https:\/\/rdnews.al\/index.php\/wp-json\/wp\/v2\/users\/4"}],"replies":[{"embeddable":true,"href":"https:\/\/rdnews.al\/index.php\/wp-json\/wp\/v2\/comments?post=86029"}],"version-history":[{"count":0,"href":"https:\/\/rdnews.al\/index.php\/wp-json\/wp\/v2\/posts\/86029\/revisions"}],"wp:featuredmedia":[{"embeddable":true,"href":"https:\/\/rdnews.al\/index.php\/wp-json\/wp\/v2\/media\/82601"}],"wp:attachment":[{"href":"https:\/\/rdnews.al\/index.php\/wp-json\/wp\/v2\/media?parent=86029"}],"wp:term":[{"taxonomy":"category","embeddable":true,"href":"https:\/\/rdnews.al\/index.php\/wp-json\/wp\/v2\/categories?post=86029"},{"taxonomy":"post_tag","embeddable":true,"href":"https:\/\/rdnews.al\/index.php\/wp-json\/wp\/v2\/tags?post=86029"}],"curies":[{"name":"wp","href":"https:\/\/api.w.org\/{rel}","templated":true}]}}