{"id":86033,"date":"2024-08-01T19:02:00","date_gmt":"2024-08-01T19:02:00","guid":{"rendered":"https:\/\/rdnews.al\/?p=86033"},"modified":"2024-08-01T19:02:00","modified_gmt":"2024-08-01T19:02:00","slug":"berisha-maduro-i-tiranes-po-pret-te-perserise-skenarin-e-venezueles-por-ne-nuk-do-e-lejojme","status":"publish","type":"post","link":"https:\/\/rdnews.al\/index.php\/2024\/08\/01\/berisha-maduro-i-tiranes-po-pret-te-perserise-skenarin-e-venezueles-por-ne-nuk-do-e-lejojme\/","title":{"rendered":"Berisha: Maduro i Tiran\u00ebs po pret t\u00eb p\u00ebrs\u00ebris\u00eb skenarin e Venezuel\u00ebs, por ne nuk do e lejojm\u00eb!"},"content":{"rendered":"<p>Kryetari i PD, Sali Berisha n\u00eb fjal\u00ebn e tij p\u00ebrpara protestuesve \u00ebsht\u00eb shprehur se t\u00eb mos l\u00ebm\u00eb fatin ton\u00eb n\u00eb duart e nj\u00eb pla\u00e7kit\u00ebsi, n\u00eb duart e nj\u00eb antishqiptari, n\u00eb duart e nj\u00eb njeriu q\u00eb nuk ka komb, nuk ka atdhe, nuk ka nder, nuk ka dinjitet, nuk ka moral, por t\u00eb marrim fatin n\u00eb duart tona.<\/p>\n<p><strong>Berisha:<\/strong> Ndaj dhe un\u00eb p\u00ebrs\u00ebris thirrjen time p\u00ebr \u00e7do qytetar shqiptar, t\u00eb mos l\u00ebm\u00eb fatin ton\u00eb n\u00eb duart e nj\u00eb pla\u00e7kit\u00ebsi, n\u00eb duart e nj\u00eb antishqiptari, n\u00eb duart e nj\u00eb njeriu q\u00eb nuk ka komb, nuk ka atdhe, nuk ka nder, nuk ka dinjitet, nuk ka moral, por t\u00eb marrim fatin n\u00eb duart tona.<\/p>\n<p>Maduro i Tiran\u00ebs po pret t\u00eb p\u00ebrs\u00ebris\u00eb skenarin e Maduros s\u00eb Venezuel\u00ebs.<\/p>\n<p>Por guximi, nderi dhe dinjiteti yn\u00eb na fton t\u00eb gjith\u00ebve n\u00eb betej\u00eb p\u00ebr sakrifica.<\/p>\n<p>P\u00ebr krijimin e qeveris\u00eb teknike.<\/p>\n<p>P\u00ebr zgjedhje t\u00eb lira.<\/p>\n<p>P\u00ebr ndryshimin e pushtetit.<\/p>\n<p>Fitoren e opozit\u00ebs.<\/p>\n<p>Ndaj dhe ju ftoj t\u00eb mobilizojm\u00eb \u00e7do forc\u00eb, t\u00eb bisedojm\u00eb me \u00e7do qytetar, t\u00eb b\u00ebjm\u00eb gjith\u00e7ka p\u00ebr t\u00eb pushtuar mendjen dhe zemrat e qytetar\u00ebve shqiptar\u00eb.<\/p>\n<p>P\u00ebr t\u00eb dal\u00eb n\u00eb nj\u00eb betej\u00eb pa kthim dhe pa ndalim.<\/p>\n<p>Betej\u00eb pa ndalim gjer n\u00eb fitoren p\u00ebrfundimtare t\u00eb PD-s\u00eb, opozit\u00ebs dhe t\u00eb qytetar\u00ebve shqiptar\u00eb.<\/p>\n<p>Betej\u00eb e kombit shqiptar.<\/p>\n<p>Fitoren e tij, fitoren e Shqip\u00ebris\u00eb.<\/p>\n<p>Rrofshi ju, rroft\u00eb Shqip\u00ebria.<\/p>\n<p>Fitore, fitore, fitore!<\/p>\n","protected":false},"excerpt":{"rendered":"<p>Kryetari i PD, Sali Berisha n\u00eb fjal\u00ebn e tij p\u00ebrpara protestuesve \u00ebsht\u00eb shprehur se t\u00eb mos l\u00ebm\u00eb fatin ton\u00eb n\u00eb duart e nj\u00eb pla\u00e7kit\u00ebsi, n\u00eb duart e nj\u00eb antishqiptari, n\u00eb duart e nj\u00eb njeriu q\u00eb nuk ka komb, nuk ka atdhe, nuk ka nder, nuk ka dinjitet, nuk ka moral, por t\u00eb marrim fatin n\u00eb &hellip;<\/p>\n","protected":false},"author":4,"featured_media":82598,"comment_status":"closed","ping_status":"closed","sticky":false,"template":"","format":"standard","meta":{"footnotes":""},"categories":[37],"tags":[],"class_list":["post-86033","post","type-post","status-publish","format-standard","has-post-thumbnail","","category-politike"],"_links":{"self":[{"href":"https:\/\/rdnews.al\/index.php\/wp-json\/wp\/v2\/posts\/86033","targetHints":{"allow":["GET"]}}],"collection":[{"href":"https:\/\/rdnews.al\/index.php\/wp-json\/wp\/v2\/posts"}],"about":[{"href":"https:\/\/rdnews.al\/index.php\/wp-json\/wp\/v2\/types\/post"}],"author":[{"embeddable":true,"href":"https:\/\/rdnews.al\/index.php\/wp-json\/wp\/v2\/users\/4"}],"replies":[{"embeddable":true,"href":"https:\/\/rdnews.al\/index.php\/wp-json\/wp\/v2\/comments?post=86033"}],"version-history":[{"count":0,"href":"https:\/\/rdnews.al\/index.php\/wp-json\/wp\/v2\/posts\/86033\/revisions"}],"wp:featuredmedia":[{"embeddable":true,"href":"https:\/\/rdnews.al\/index.php\/wp-json\/wp\/v2\/media\/82598"}],"wp:attachment":[{"href":"https:\/\/rdnews.al\/index.php\/wp-json\/wp\/v2\/media?parent=86033"}],"wp:term":[{"taxonomy":"category","embeddable":true,"href":"https:\/\/rdnews.al\/index.php\/wp-json\/wp\/v2\/categories?post=86033"},{"taxonomy":"post_tag","embeddable":true,"href":"https:\/\/rdnews.al\/index.php\/wp-json\/wp\/v2\/tags?post=86033"}],"curies":[{"name":"wp","href":"https:\/\/api.w.org\/{rel}","templated":true}]}}