{"id":86035,"date":"2024-08-01T19:09:24","date_gmt":"2024-08-01T19:09:24","guid":{"rendered":"https:\/\/rdnews.al\/?p=86035"},"modified":"2024-08-01T20:11:48","modified_gmt":"2024-08-01T20:11:48","slug":"bardhi-nxjerr-emrat-balla-2-prokurore-te-spak-dhe-burri-i-felajt-ne-dosjen-e-sky-ecc","status":"publish","type":"post","link":"https:\/\/rdnews.al\/index.php\/2024\/08\/01\/bardhi-nxjerr-emrat-balla-2-prokurore-te-spak-dhe-burri-i-felajt-ne-dosjen-e-sky-ecc\/","title":{"rendered":"Bardhi nxjerr emrat: Balla, 2 prokuror\u00eb t\u00eb SPAK dhe burri i Felajt n\u00eb dosjen e SKY ECC"},"content":{"rendered":"<p>Kreu i Grupit Parlamentar t\u00eb PD, Gazment Bardhi ka denoncuar nj\u00eb tjet\u00ebr skandal t\u00eb r\u00ebnd\u00eb n\u00eb lidhje me drejt\u00ebsin\u00eb e re, e cila duket se \u00ebsht\u00eb selektive si asnj\u00ebher\u00eb m\u00eb par\u00eb, duke mos prekur politikan\u00eb dhe prokuror\u00eb q\u00eb kan\u00eb lidhje me Edi Ram\u00ebn dhe Partin\u00eb Socialiste.<\/p>\n<p>N\u00eb postimin e tij n\u00eb Facebook, Bardhi ka zbardhur detaje t\u00eb dosjes q\u00eb po mbahet sekret, ku jan\u00eb t\u00eb p\u00ebrfshir\u00eb Taulant Balla, dy prokuror\u00eb t\u00eb SPAK, prokurori Bledar Valikaj, bashk\u00ebshorti i Ermonela Felajt, komisjonerja e vettingut, ish gjyqtari Artan Gjermeni, etj.<\/p>\n<p>\u201cDrejt\u00ebsia selektive, q\u00eb merr n\u00eb mbrojtje disa prokuror\u00eb, n\u00eb em\u00ebr t\u00eb v\u00ebllaz\u00ebris\u00eb institucionale apo lidhjeve t\u00eb forta politike, rr\u00ebnon n\u00eb m\u00ebnyr\u00eb p\u00ebrfundimtare besimin e publikut tek SPAK\u201d, shkruan Bardhi.<\/p>\n<p><strong>Reagimi i plot\u00eb i Gazment Bardhit<\/strong><\/p>\n<p>Procedimi penal nr. 26, dat\u00eb 07.02.2024 i Prokuroris\u00eb s\u00eb Posa\u00e7me Kund\u00ebr Krimit t\u00eb Organizuar dhe Korrupsionit ka v\u00ebn\u00eb n\u00eb pik\u00ebpyetje serioze kredibilitetin e sistemit t\u00eb reformuar t\u00eb drejt\u00ebsis\u00eb n\u00eb vend dhe ka vet\u00ebm nj\u00eb m\u00ebnyr\u00eb p\u00ebr t\u00eb vazhduar t\u00eb ruhet besimi i publikut tek drejt\u00ebsia: Drejt\u00ebsi e barabart\u00eb, transparente dhe pa vija t\u00eb kuqe.<\/p>\n<p>Drejt\u00ebsia selektive, q\u00eb merr n\u00eb mbrojtje disa prokuror\u00eb, n\u00eb em\u00ebr t\u00eb v\u00ebllaz\u00ebris\u00eb institucionale apo lidhjeve t\u00eb forta politike, rr\u00ebnon n\u00eb m\u00ebnyr\u00eb p\u00ebrfundimtare besimin e publikut tek SPAK. Personalisht jam i shokuar nga t\u00eb dh\u00ebnat e p\u00ebrfituara nga hetimi i deritanish\u00ebm i k\u00ebsaj \u00e7\u00ebshtje, q\u00eb provon edhe nj\u00ebher\u00eb se filtrit t\u00eb vettingut i kan\u00eb shp\u00ebtuar nj\u00eb dyzin\u00eb prokuror\u00ebsh e gjyqtar\u00ebsh t\u00eb korruptuar. \u00cbsht\u00eb detyr\u00eb e SPAK dhe GJKKO, q\u00eb pa fshehur t\u00eb dh\u00ebnat, me kurajo dhe nj\u00eb hetim t\u00eb plot\u00eb e t\u00eb gjith\u00ebansh\u00ebm, t\u00eb p\u00ebrmbushin misionin p\u00ebr pastrimin e drejt\u00ebsis\u00eb nga prokuror\u00ebt e gjyqtar\u00ebt e korruptuar.<\/p>\n<p>P\u00ebr fat t\u00eb keq, t\u00eb dh\u00ebnat e deritanishme t\u00eb hetimit t\u00eb k\u00ebsaj \u00e7\u00ebshtje, ngren\u00eb dyshime t\u00eb arsyeshme se po funksionon v\u00ebllaz\u00ebria institucionale apo mbrojtja e prokuror\u00ebve me lidhje t\u00eb forta politike.<\/p>\n<p>Mekanizmi kriminal \u201cb\u00ebj gati xhixhat\u201d duhet t\u00eb sjell\u00eb pasoja p\u00ebr t\u00eb gjith\u00eb. Nuk b\u00ebn sens q\u00eb dy punonj\u00ebs t\u00eb drejt\u00ebsis\u00eb me t\u00eb drejt\u00eb t\u00eb jen\u00eb n\u00eb burg sepse akuzohen se kan\u00eb ushtruar ndikim t\u00eb paligjsh\u00ebm p\u00ebrmes p\u00ebrfitimeve monetare t\u00eb parregullta, nd\u00ebrkoh\u00eb q\u00eb \u201cp\u00ebrfituesi\u201d prokuror, vet\u00ebm se \u00ebsht\u00eb familjar i nj\u00eb deputetje t\u00eb Edi Ram\u00ebs, t\u00eb vazhdoj\u00eb t\u00eb jap\u00eb drejt\u00ebsi n\u00eb em\u00ebr t\u00eb Republik\u00ebs i pa shqet\u00ebsuar.<\/p>\n<p>Nuk b\u00ebn sens q\u00eb dy punonj\u00ebs t\u00eb drejt\u00ebsis\u00eb me t\u00eb drejt\u00eb t\u00eb jen\u00eb n\u00eb burg sepse akuzohen se kan\u00eb ushtruar ndikim t\u00eb paligjsh\u00ebm p\u00ebrmes p\u00ebrfitimeve monetare t\u00eb parregullta, nd\u00ebrkoh\u00eb q\u00eb t\u00eb pakt\u00ebn dy prokuror\u00eb t\u00eb SPAK, mes tyre i preferuari i Edi Ram\u00ebs, q\u00eb p\u00ebrshkruhen si prokurori me tarif\u00ebn m\u00eb t\u00eb ul\u00ebt apo tjetri me tarif\u00ebn m\u00eb t\u00eb lart\u00eb, t\u00eb vazhdojn\u00eb t\u00eb b\u00ebjn\u00eb sikur luftojn\u00eb t\u00eb pashqet\u00ebsuar \u201ckrimin dhe korrupsionin\u201d n\u00eb em\u00ebr t\u00eb Republik\u00ebs.<\/p>\n<p>Nuk b\u00ebn sens q\u00eb t\u00eb urdh\u00ebrohet mospublikimi i akteve dhe t\u00eb k\u00ebrc\u00ebnohet media me burg, vet\u00ebm q\u00eb t\u00eb mbahet e fsheht\u00eb p\u00ebrfshirja n\u00eb k\u00ebt\u00eb \u00e7\u00ebshtje e takimit t\u00eb politikanit \u201cTao\u201d me prokurorin e \u00e7\u00ebshtjes s\u00eb \u201cToyota Yaris\u201d. Nuk b\u00ebn po ashtu sens q\u00eb nj\u00eb pjes\u00eb e t\u00eb dh\u00ebnave p\u00ebr k\u00ebt\u00eb \u00e7\u00ebshtje t\u00eb p\u00ebrgjimeve t\u00eb SKY ECC t\u00eb sjella nga autoritetet e huaja (Europol, Eurojust, autoritetet franceze t\u00eb drejt\u00ebsis\u00eb, apo autoritetet belge t\u00eb drejt\u00ebsis\u00eb), t\u00eb mos p\u00ebrdoren p\u00ebr hetimin e plot\u00eb e t\u00eb gjith\u00ebansh\u00ebm t\u00eb k\u00ebsaj \u00e7\u00ebshtje, duke menduar se do mbeten t\u00eb fshehta dhe p\u00ebr to nuk do t\u00eb flitet.<\/p>\n<p>Nuk b\u00ebn sens q\u00eb nj\u00eb ish-gjyqtar i akuzuar p\u00ebrgjith\u00ebsisht si i lidhur me Band\u00ebn e Lushnjes, t\u00eb vazhdoj\u00eb i pashqet\u00ebsuar edhe pse qart\u00ebsisht \u00ebsht\u00eb \u201cmagjistari\u201d q\u00eb shqyrton \u00e7\u00ebshtjet ku ka efekt ndikimi i paligjsh\u00ebm.<\/p>\n<p>Nuk b\u00ebn sens q\u00eb komisionerja e vettingut q\u00eb ishte mandatuar p\u00ebr t\u00eb pastruar sistemin nga korrupsioni, t\u00eb vazhdojn\u00eb t\u00eb sillen sikur e ka p\u00ebrmbushur me integritet k\u00ebt\u00eb mision, nd\u00ebrkoh\u00eb q\u00eb p\u00ebrfshihet n\u00eb afera vet\u00eb, n\u00eb kaq pak t\u00eb dh\u00ebna sa jan\u00eb p\u00ebrfituar deri m\u00eb tani nga kjo \u00e7\u00ebshtje.<\/p>\n<p>SPAK \u00ebsht\u00eb v\u00ebn\u00eb edhe nj\u00ebher\u00eb n\u00eb nj\u00eb prov\u00eb serioze n\u00ebse do sjell at\u00eb q\u00eb presin qytetar\u00ebt e ndersh\u00ebm t\u00eb k\u00ebtij vendi p\u00ebr t\u2019i dh\u00ebn\u00eb fund pand\u00ebshkueshm\u00ebris\u00eb, apo do jet\u00eb selektiv dhe institucion me vija t\u00eb kuqe. Lufta ndaj krimit t\u00eb organizuar dhe korrupsionit \u00ebsht\u00eb jetike p\u00ebr t\u00eb ardhmen e Shqip\u00ebris\u00eb. Por ajo duhet t\u00eb jet\u00eb serioze, e plot\u00eb, pa vija t\u00eb kuqe dhe pa kursyer prokuror\u00eb, gjyqtar\u00eb, e politikan\u00eb, n\u00eb em\u00ebr t\u00eb v\u00ebllaz\u00ebris\u00eb institucionale, lidhjeve t\u00eb forta politike apo statusit social \u201ci pushtetsh\u00ebm, bashk\u00ebpun\u00ebtor i af\u00ebrt i Edi Ram\u00ebs\u201d!<\/p>\n","protected":false},"excerpt":{"rendered":"<p>Kreu i Grupit Parlamentar t\u00eb PD, Gazment Bardhi ka denoncuar nj\u00eb tjet\u00ebr skandal t\u00eb r\u00ebnd\u00eb n\u00eb lidhje me drejt\u00ebsin\u00eb e re, e cila duket se \u00ebsht\u00eb selektive si asnj\u00ebher\u00eb m\u00eb par\u00eb, duke mos prekur politikan\u00eb dhe prokuror\u00eb q\u00eb kan\u00eb lidhje me Edi Ram\u00ebn dhe Partin\u00eb Socialiste. N\u00eb postimin e tij n\u00eb Facebook, Bardhi ka zbardhur &hellip;<\/p>\n","protected":false},"author":4,"featured_media":86038,"comment_status":"closed","ping_status":"closed","sticky":false,"template":"","format":"standard","meta":{"footnotes":""},"categories":[37],"tags":[],"class_list":["post-86035","post","type-post","status-publish","format-standard","has-post-thumbnail","","category-politike"],"_links":{"self":[{"href":"https:\/\/rdnews.al\/index.php\/wp-json\/wp\/v2\/posts\/86035","targetHints":{"allow":["GET"]}}],"collection":[{"href":"https:\/\/rdnews.al\/index.php\/wp-json\/wp\/v2\/posts"}],"about":[{"href":"https:\/\/rdnews.al\/index.php\/wp-json\/wp\/v2\/types\/post"}],"author":[{"embeddable":true,"href":"https:\/\/rdnews.al\/index.php\/wp-json\/wp\/v2\/users\/4"}],"replies":[{"embeddable":true,"href":"https:\/\/rdnews.al\/index.php\/wp-json\/wp\/v2\/comments?post=86035"}],"version-history":[{"count":0,"href":"https:\/\/rdnews.al\/index.php\/wp-json\/wp\/v2\/posts\/86035\/revisions"}],"wp:featuredmedia":[{"embeddable":true,"href":"https:\/\/rdnews.al\/index.php\/wp-json\/wp\/v2\/media\/86038"}],"wp:attachment":[{"href":"https:\/\/rdnews.al\/index.php\/wp-json\/wp\/v2\/media?parent=86035"}],"wp:term":[{"taxonomy":"category","embeddable":true,"href":"https:\/\/rdnews.al\/index.php\/wp-json\/wp\/v2\/categories?post=86035"},{"taxonomy":"post_tag","embeddable":true,"href":"https:\/\/rdnews.al\/index.php\/wp-json\/wp\/v2\/tags?post=86035"}],"curies":[{"name":"wp","href":"https:\/\/api.w.org\/{rel}","templated":true}]}}