{"id":86040,"date":"2024-08-01T21:10:40","date_gmt":"2024-08-01T21:10:40","guid":{"rendered":"https:\/\/rdnews.al\/?p=86040"},"modified":"2024-08-01T21:10:40","modified_gmt":"2024-08-01T21:10:40","slug":"perplasje-ne-aeroportin-e-shkupit-me-presidenten-e-kosoves-reagim-i-forte-edhe-nga-kryeparlamentari-i-maqedonise-se-veriut","status":"publish","type":"post","link":"https:\/\/rdnews.al\/index.php\/2024\/08\/01\/perplasje-ne-aeroportin-e-shkupit-me-presidenten-e-kosoves-reagim-i-forte-edhe-nga-kryeparlamentari-i-maqedonise-se-veriut\/","title":{"rendered":"P\u00ebrplasje n\u00eb aeroportin e Shkupit me Presidenten e Kosov\u00ebs, reagim i fort\u00eb edhe nga kryeparlamentari i Maqedonis\u00eb s\u00eb Veriut"},"content":{"rendered":"<p>Zyra e presidentes s\u00eb Kosov\u00ebs, Vjosa Osmani, akuzoi t\u00eb enjten autoritetet e aeroportit t\u00eb Maqedonis\u00eb s\u00eb Veriut p\u00ebr shkelje t\u00eb praktikave nd\u00ebrkomb\u00ebtare, duke penguar presidenten gjat\u00eb kalimit n\u00ebp\u00ebr aeroport.<\/p>\n<p>N\u00eb nj\u00eb deklarat\u00eb t\u00eb publikuar nga Bekim Kupina, z\u00ebdh\u00ebn\u00ebs i presidentes Osmani thuhet se \u201c<em>n\u00eb kund\u00ebrshtim me praktikat nd\u00ebrkomb\u00ebtare dhe Konvent\u00ebn e Vjen\u00ebs p\u00ebr Marr\u00ebdh\u00ebnie Diplomatike, sigurimi i Aeroportit t\u00eb Shkupit ka tentuar ta marr\u00eb telefonin personal t\u00eb Presidentes. Presidentja nuk ka lejuar nj\u00eb gj\u00eb t\u00eb till\u00eb, sepse do t\u00eb ishte shkelje e r\u00ebnd\u00eb. P\u00ebrkund\u00ebr shpjegimit t\u00eb rregullave qe ekipi i Presidentes ia ka b\u00ebr\u00eb t\u00eb ditur zyrtarit t\u00eb aeroportit, ai ka tentuar fizikisht ta shtyj\u00eb Presidenten me \u00e7\u2019rast \u00ebsht\u00eb detyruar q\u00eb t\u00eb reagoj\u00eb Policia e Kosov\u00ebs p\u00ebr ta hapur rrug\u00ebn. Kjo sjellje e zyrtarit maqedonas t\u00eb aeroportit \u00ebsht\u00eb n\u00eb kund\u00ebrshtim me \u00e7do praktik\u00eb nd\u00ebrkomb\u00ebtare, sipas t\u00eb cilave kur krer\u00ebt e shtetit udh\u00ebtojn\u00eb, ata mbrohen me privilegje e imunitete diplomatike<\/em>\u201d.<\/p>\n<p>M\u00eb tej n\u00eb deklarat\u00eb thuhet se n\u00eb kund\u00ebrshtim me k\u00ebto rregulla, \u201c<em>pala maqedonase ka marr\u00eb \u00e7ant\u00ebn personale t\u00eb dor\u00ebs s\u00eb presidentes. Edhe pse kjo ishte kund\u00ebr rregullave, ekipi i Presidentes e ka lejuar n\u00eb m\u00ebnyr\u00eb q\u00eb Presidentja t\u00eb hyj\u00eb n\u00eb aeroport, konkretisht n\u00eb sall\u00ebn VIP, e cila ishte rezervuar me not\u00eb verbale t\u00eb Ambasad\u00ebs son\u00eb, si\u00e7 \u00ebsht\u00eb praktika p\u00ebr udh\u00ebtimet e krer\u00ebve t\u00eb shtetit. Mir\u00ebpo, p\u00ebr arsye t\u00eb siguris\u00eb, n\u00eb asnj\u00eb m\u00ebnyr\u00eb nuk \u00ebsht\u00eb lejuar q\u00eb t\u00eb dor\u00ebzohet telefoni personal<\/em>\u201d.<\/p>\n<p>Z\u00ebdh\u00ebn\u00ebsi Kupina tha se \u201c<em>sjellja arrogante dhe e dhunshme e zyrtarit t\u00eb Aeroportit t\u00eb Shkupit \u00ebsht\u00eb e paprecedente dhe nuk ka ndodhur asnj\u00ebher\u00eb n\u00eb asnj\u00eb udh\u00ebtim t\u00eb presidentes kudo n\u00eb bot\u00eb, p\u00ebrfshir\u00eb n\u00eb shtete jonjoh\u00ebse. V\u00ebrehet qart\u00eb se n\u00eb rastin n\u00eb fjal\u00eb kishte tendenc\u00eb p\u00ebr ta provokuar delegacionin e Republik\u00ebs s\u00eb Kosov\u00ebs dhe p\u00ebr t\u00eb shkaktuar incident<\/em>\u201d.<\/p>\n<p>Presidentja Osmani e ka njoftuar \u201c<em>p\u00ebr k\u00ebt\u00eb skandal diplomatik t\u00eb shkaktuar nga pala maqedonase kryetarin e Kuvendit (t\u00eb Maqedonis\u00eb s\u00eb Veriut) z.Afrim Gashi, t\u00eb cilin e fal\u00ebnderon p\u00ebr ndihm\u00ebn e ofruar<\/em>\u201d, thuhet n\u00eb deklarat\u00eb.<\/p>\n<p>Nd\u00ebrkoh\u00eb <strong><a class=\"wsw__a\" href=\"https:\/\/mvr.gov.mk\/vest\/32059\" target=\"_blank\" rel=\"noopener\">ministria e Brendshme e Maqedonis\u00eb s\u00eb Veriut<\/a><\/strong>, tha se \u201c<em>teksa presidentja e Kosov\u00ebs po kalonte kontrollin kufitar, n\u00eb momentin kur asaj iu k\u00ebrkua q\u00eb ta kalonte telefonin p\u00ebrmes skanerit, nj\u00eb person nga sigurimi i saj \u00ebsht\u00eb t\u00ebrhequr dhe larguar nga punonj\u00ebsja e kompansi\u00eb operuese t\u00eb aeroportit (TAV), me q\u00ebllim q\u00eb ajo t\u00eb kalonte pa telefon t\u00eb skanuar dhe bagazh dore. Por, m\u00eb pas bagazhi u kthye dhe kaloi p\u00ebrmes nj\u00eb skaneri<\/em>\u201d.<\/p>\n<p>Sipas ministris\u00eb, \u201c<em>pas gjysm\u00eb ore erdhi nj\u00eb person nga sigurimi i kryetarit t\u00eb Kuvendit Gashi me dy persona t\u00eb tjer\u00eb dhe filluan t\u00eb k\u00ebrc\u00ebnojn\u00eb pun\u00ebtor\u00ebt e TAV-s\u00eb dhe t\u00eb pyesin se kush i ka shkaktuar probleme presidentes. N\u00eb t\u00eb nj\u00ebjt\u00ebn koh\u00eb ka shtyr\u00eb edhe nj\u00eb punonj\u00ebs policie q\u00eb punonte n\u00eb pik\u00ebn kufitare<\/em>\u201d.<\/p>\n<p>Ministria tha se po kryen hetime rreth asaj se \u00e7far\u00eb ka ndodhur.<\/p>\n<p>Nd\u00ebrkaq, kompania TAV tha n\u00eb nj\u00eb komunikat\u00eb se \u201c<em>si operator aeroporti, ka detyrim ligjor t\u00eb kryej\u00eb nj\u00eb kontroll sigurie t\u00eb t\u00eb gjith\u00eb udh\u00ebtar\u00ebve, bagazheve dhe mallrave n\u00eb fluturimet nga Aeroporti Nd\u00ebrkomb\u00ebtar i Shkupit dhe nga Aeroporti i Ohrit, duke p\u00ebrfshir\u00eb ata q\u00eb udh\u00ebtojn\u00eb n\u00ebp\u00ebr sallonin VIP. Prandaj, Departamenti i Siguris\u00eb i TAV-it, n\u00eb kuad\u00ebr t\u00eb p\u00ebrgjegj\u00ebsive, ka kryer kontroll standard t\u00eb siguris\u00eb s\u00eb udh\u00ebtarit t\u00eb p\u00ebrmendur si dhe bagazhit t\u00eb tij, n\u00eb pik\u00ebn e kontrollit t\u00eb siguris\u00eb n\u00eb sallonin VIP, p\u00ebr t\u00eb siguruar fluturimin specifik komercial<\/em>\u201d.<\/p>\n<p>Z\u00ebdh\u00ebn\u00ebsi Kupina tha se \u201c<em>presidenca e konsideron \u00e7do sulm dhe trajtim t\u00eb parregullt e n\u00eb kund\u00ebrshtim me konventat nd\u00ebrkomb\u00ebtare t\u00eb zyrtar\u00ebve t\u00eb lart\u00eb shtet\u00ebror si sulm ndaj vete shtetit t\u00eb Kosov\u00ebs. Republika e Kosov\u00ebs, asnj\u00ebher\u00eb n\u00eb historin\u00eb e saj, nuk ka trajtuar n\u00eb m\u00ebnyr\u00eb t\u00eb till\u00eb Presidentin\/Presidenten, Kryeministrin apo Ministrat e Maqedonis\u00eb s\u00eb Veriut e as t\u00eb ndonj\u00eb vendi tjet\u00ebr e as nuk do t\u00eb lejoj\u00eb nj\u00eb ndonj\u00ebher\u00eb nj\u00eb gj\u00eb t\u00eb till\u00eb<\/em>\u201d.<\/p>\n","protected":false},"excerpt":{"rendered":"<p>Zyra e presidentes s\u00eb Kosov\u00ebs, Vjosa Osmani, akuzoi t\u00eb enjten autoritetet e aeroportit t\u00eb Maqedonis\u00eb s\u00eb Veriut p\u00ebr shkelje t\u00eb praktikave nd\u00ebrkomb\u00ebtare, duke penguar presidenten gjat\u00eb kalimit n\u00ebp\u00ebr aeroport. N\u00eb nj\u00eb deklarat\u00eb t\u00eb publikuar nga Bekim Kupina, z\u00ebdh\u00ebn\u00ebs i presidentes Osmani thuhet se \u201cn\u00eb kund\u00ebrshtim me praktikat nd\u00ebrkomb\u00ebtare dhe Konvent\u00ebn e Vjen\u00ebs p\u00ebr Marr\u00ebdh\u00ebnie Diplomatike, &hellip;<\/p>\n","protected":false},"author":3,"featured_media":0,"comment_status":"closed","ping_status":"closed","sticky":false,"template":"","format":"standard","meta":{"footnotes":""},"categories":[38],"tags":[],"class_list":["post-86040","post","type-post","status-publish","format-standard","","category-bota"],"_links":{"self":[{"href":"https:\/\/rdnews.al\/index.php\/wp-json\/wp\/v2\/posts\/86040","targetHints":{"allow":["GET"]}}],"collection":[{"href":"https:\/\/rdnews.al\/index.php\/wp-json\/wp\/v2\/posts"}],"about":[{"href":"https:\/\/rdnews.al\/index.php\/wp-json\/wp\/v2\/types\/post"}],"author":[{"embeddable":true,"href":"https:\/\/rdnews.al\/index.php\/wp-json\/wp\/v2\/users\/3"}],"replies":[{"embeddable":true,"href":"https:\/\/rdnews.al\/index.php\/wp-json\/wp\/v2\/comments?post=86040"}],"version-history":[{"count":0,"href":"https:\/\/rdnews.al\/index.php\/wp-json\/wp\/v2\/posts\/86040\/revisions"}],"wp:attachment":[{"href":"https:\/\/rdnews.al\/index.php\/wp-json\/wp\/v2\/media?parent=86040"}],"wp:term":[{"taxonomy":"category","embeddable":true,"href":"https:\/\/rdnews.al\/index.php\/wp-json\/wp\/v2\/categories?post=86040"},{"taxonomy":"post_tag","embeddable":true,"href":"https:\/\/rdnews.al\/index.php\/wp-json\/wp\/v2\/tags?post=86040"}],"curies":[{"name":"wp","href":"https:\/\/api.w.org\/{rel}","templated":true}]}}