{"id":86042,"date":"2024-08-01T22:42:32","date_gmt":"2024-08-01T22:42:32","guid":{"rendered":"https:\/\/rdnews.al\/?p=86042"},"modified":"2024-08-01T22:55:31","modified_gmt":"2024-08-01T22:55:31","slug":"diplomacia-e-pengjeve-cfare-ndodhi-ne-shkembimin-me-te-madh-te-te-burgosurve","status":"publish","type":"post","link":"https:\/\/rdnews.al\/index.php\/2024\/08\/01\/diplomacia-e-pengjeve-cfare-ndodhi-ne-shkembimin-me-te-madh-te-te-burgosurve\/","title":{"rendered":"\u201cDiplomacia e pengjeve\u201d, \u00e7far\u00eb ndodhi n\u00eb shk\u00ebmbimin m\u00eb t\u00eb madh t\u00eb t\u00eb burgosurve"},"content":{"rendered":"<p><strong>\u201cKjo \u00ebsht\u00eb nj\u00eb \u00e7\u00ebshtje q\u00eb m\u00eb s\u00eb miri trajtohet n\u00eb heshtje\u201d.<\/strong><\/p>\n<p>\u00cbsht\u00eb fraza e zgjedhur e zyrtar\u00ebve rus\u00eb kur u pyet\u00ebn t\u00eb komentojn\u00eb mbi shk\u00ebmbimet e mundshme t\u00eb t\u00eb burgosurve Lindje-Per\u00ebndim. Fjal\u00eb q\u00eb i d\u00ebgjojm\u00eb prej muajsh.<\/p>\n<p style=\"text-align: center;\">K\u00ebshtu i p\u00eblqen Kremlinit: marr\u00ebveshje pas dyerve t\u00eb mbyllura, \u201cdiplomacia e pengjeve\u201d larg v\u00ebmendjes mediatike. Sh\u00ebrbimi i inteligjenc\u00ebs duke biseduar me sh\u00ebrbimin e inteligjenc\u00ebs; qeveri me qeveri.<\/p>\n<p>Por, pavar\u00ebsisht \u201cheshtjes\u201d, ka pasur sinjale. Di\u00e7ka po l\u00ebvizte, <strong><a href=\"https:\/\/www.bbc.com\/news\/articles\/cj50l9dy3emo\" target=\"_blank\" rel=\"noopener\">bbc.<\/a><\/strong><\/p>\n<p>N\u00eb nj\u00eb intervist\u00eb me ish-prezantuesin e Fox News, Tucker Carlson shkurtin e kaluar, Vladimir Putin foli p\u00ebr Evan Gershkovich, reporterin e Wall Street Journal, i cili ishte arrestuar n\u00eb Rusi dhe po akuzohej p\u00ebr spiunazh.<\/p>\n<p>\u201cUn\u00eb nuk e p\u00ebrjashtoj q\u00eb Gershkovich t\u00eb kthehet n\u00eb atdheun e tij\u201d, tha Putin.<\/p>\n<p>\u201cNe duam q\u00eb sh\u00ebrbimet speciale amerikane t\u00eb mendojn\u00eb se si mund t\u00eb kontribuojn\u00eb n\u00eb arritjen e q\u00ebllimeve q\u00eb po ndjekin sh\u00ebrbimet tona speciale\u201d, shtoi ai.<\/p>\n<figure id=\"attachment_4053134\" class=\"wp-caption alignnone\" aria-describedby=\"caption-attachment-4053134\"><img loading=\"lazy\" decoding=\"async\" class=\"size-full wp-image-4053134\" src=\"https:\/\/telegrafi.com\/wp-content\/uploads\/2024\/08\/Screenshot_4-4.jpg\" alt=\"\" width=\"635\" height=\"397\" data-cfsrc=\"https:\/\/telegrafi.com\/wp-content\/uploads\/2024\/08\/Screenshot_4-4.jpg\" \/><figcaption id=\"caption-attachment-4053134\" class=\"wp-caption-text\"><strong>Alexei Navalny<\/strong><\/figcaption><\/figure>\n<p>Ishte nj\u00eb aluzion shum\u00eb publik dhe jodelikat: Moska ishte e hapur p\u00ebr t\u00eb b\u00ebr\u00eb nj\u00eb marr\u00ebveshje.<\/p>\n<p>Udh\u00ebheq\u00ebsi i Kremlinit nuk p\u00ebrmendi emra. Por, ai e b\u00ebri t\u00eb qart\u00eb se k\u00eb donte Rusia n\u00eb k\u00ebmbim: Vadim Krasikov, agjentin e dyshuar rus q\u00eb po vuante nj\u00eb d\u00ebnim t\u00eb p\u00ebrjetsh\u00ebm p\u00ebr vrasje \u2013 jo n\u00eb Amerik\u00eb, por n\u00eb Gjermani.<\/p>\n<p>Disa dit\u00eb m\u00eb von\u00eb, lideri i opozit\u00ebs ruse, Alexei Navalny vdiq n\u00eb nj\u00eb qeli t\u00eb larg\u00ebt n\u00eb Arktik, transmeton Telegrafi.<\/p>\n<p>U p\u00ebrhap\u00ebn thashethemet se p\u00ebrpara vdekjes s\u00eb tij, bisedimet ishin duke u zhvilluar p\u00ebr shk\u00ebmbimin e Navalnyt, Evan Gershkovich dhe ish-marinsit amerikan, Paul Whelan, t\u00eb gjith\u00eb t\u00eb burgosur n\u00eb Rusi, p\u00ebr Vadim Krasikov n\u00eb Gjermani.<\/p>\n<p>A ishin ky\u00e7ur autoritetet gjermane n\u00eb negociata p\u00ebr nj\u00eb shk\u00ebmbim t\u00eb t\u00eb burgosurve?<\/p>\n<p>N\u00eb qershor. Gjyqi me dyer t\u00eb mbyllura p\u00ebr spiunazh i Evan Gershkovich \u2013 i hedhur posht\u00eb nga Wall Street Journal dhe qeveria amerikane \u2013 m\u00eb n\u00eb fund filloi n\u00eb Yekaterinburg.<\/p>\n<p>\u00c7\u00ebshtja u shty shpejt deri n\u00eb mes t\u00eb muajit gusht.<\/p>\n<p>Por, muajin e kaluar, gjykata papritur e shtyu seanc\u00ebn e dyt\u00eb m\u00eb shum\u00eb se tre jav\u00eb. N\u00eb fund t\u00eb nj\u00eb gjyqi rrufe tre-ditor, Evan Gershkovich u d\u00ebnua me 16 vjet burg.<\/p>\n<p>Po at\u00eb dit\u00eb, gazetarja amerikano-ruse, Alsu Kurmasheva u d\u00ebnua me gjasht\u00eb vjet e gjysm\u00eb burg nga nj\u00eb gjykat\u00eb n\u00eb Kazan. Gjyqi i saj kishte zgjatur vet\u00ebm dy dit\u00eb.<\/p>\n<p>Dikush qartazi po nxitonte. Ishte shenja m\u00eb e fort\u00eb se nj\u00eb marr\u00ebveshje ishte b\u00ebr\u00eb, se nj\u00eb shk\u00ebmbim ishte i mundsh\u00ebm. Autoritetet ruse zakonisht e trajtojn\u00eb nj\u00eb d\u00ebnim si nj\u00eb parakusht p\u00ebr \u00e7do shk\u00ebmbim t\u00eb t\u00eb burgosurve.<\/p>\n<p>N\u00eb fillim t\u00eb k\u00ebsaj jave \u2013 m\u00eb shum\u00eb sinjale, me raporte se nj\u00eb varg t\u00eb burgosurish politik\u00eb t\u00eb shquar rus\u00eb ishin zhvendosur nga qelit\u00eb e tyre penale ose qendrat e paraburgimit.<\/p>\n<p>Spekulimet u rrit\u00ebn. A mund t\u00eb jen\u00eb k\u00ebta disident\u00eb pjes\u00eb e nj\u00eb shk\u00ebmbimi m\u00eb t\u00eb madh t\u00eb burgosurish nga sa ishte parashikuar fillimisht?<\/p>\n<figure id=\"attachment_4053135\" class=\"wp-caption alignnone\" aria-describedby=\"caption-attachment-4053135\"><img loading=\"lazy\" decoding=\"async\" class=\"size-full wp-image-4053135\" src=\"https:\/\/telegrafi.com\/wp-content\/uploads\/2024\/08\/Screenshot_5-3.jpg\" alt=\"\" width=\"640\" height=\"397\" data-cfsrc=\"https:\/\/telegrafi.com\/wp-content\/uploads\/2024\/08\/Screenshot_5-3.jpg\" \/><figcaption id=\"caption-attachment-4053135\" class=\"wp-caption-text\"><strong>Evan Gershkovich<\/strong><\/figcaption><\/figure>\n<p>Lajmet shp\u00ebrthyen n\u00eb Bjellorusi: udh\u00ebheq\u00ebsi i vendit, Alexander Lukashenko, kishte r\u00ebn\u00eb dakord t\u00eb falte Rico Krieger, nj\u00eb shtetas gjerman i d\u00ebnuar me vdekje p\u00ebr terroriz\u00ebm dhe akuza t\u00eb tjera. A mund t\u00eb jet\u00eb ai pjes\u00eb e nj\u00eb shk\u00ebmbimi?<\/p>\n<p>Tani e dim\u00eb. Ky \u00ebsht\u00eb shk\u00ebmbimi m\u00eb i madh i t\u00eb burgosurve Lindje-Per\u00ebndim q\u00eb nga Lufta e Ftoht\u00eb.<\/p>\n<p>Qeverit\u00eb per\u00ebndimore do t\u00eb mir\u00ebpresin lirimin e t\u00eb huajve, si dhe lirin\u00eb p\u00ebr disa nga t\u00eb burgosurit politik\u00eb m\u00eb t\u00eb shquar t\u00eb Rusis\u00eb.<\/p>\n<p>Moska do t\u00eb festoj\u00eb rikthimin e agjent\u00ebve t\u00eb saj.<\/p>\n<p>T\u00eb dyja pal\u00ebt do t\u00eb pretendojn\u00eb se \u00ebsht\u00eb nj\u00eb marr\u00ebveshje e mir\u00eb.<\/p>\n<p>Por, n\u00ebse Rusia arrin n\u00eb p\u00ebrfundimin, si\u00e7 ka b\u00ebr\u00eb n\u00eb t\u00eb kaluar\u00ebn, se \u201cdiplomacia e pengjeve\u201d funksionon, at\u00ebher\u00eb n\u00eb m\u00ebnyr\u00eb shqet\u00ebsuese, kjo nuk ka gjasa t\u00eb jet\u00eb hera e fundit q\u00eb t\u00eb burgosurit k\u00ebtu \u2013 si t\u00eb huaj ashtu edhe rus\u00eb \u2013 p\u00ebrdoren si pazare.<\/p>\n<p>Ndaj k\u00ebsaj marr\u00ebveshje p\u00ebr lirimin e t\u00eb burgosurve ka reaguar Donald Trump. Ish-presidenti amerikan deklaroi se publiku do t\u00eb d\u00ebgjoj\u00eb m\u00eb shum\u00eb detaje rreth \u2018tregtis\u00eb\u2019 midis Rusis\u00eb dhe Per\u00ebndimit.<\/p>\n<p>\u201cSa njer\u00ebz marrim ne n\u00eb shk\u00ebmbim t\u00eb atyre? A po u japim edhe para n\u00eb dor\u00eb?\u201d, pyet ai p\u00ebrmes platform\u00ebs sociale Truth Social.<\/p>\n<p>\u201cA po na japin para (Ju lutemi t\u00ebrhiqeni k\u00ebt\u00eb pyetje, sepse jam i sigurt se p\u00ebrgjigja \u00ebsht\u00eb JO)? A po lirojm\u00eb vras\u00ebs, kriminel\u00eb apo bandit\u00eb?\u201d, shtoi 78-vje\u00e7ari, shkruan bbc.<\/p>\n<p>Ish-presidenti amerikan pretendon se \u201cne nuk b\u00ebjm\u00eb kurr\u00eb marr\u00ebveshje t\u00eb mira, p\u00ebr asgj\u00eb, por ve\u00e7an\u00ebrisht shk\u00ebmbime pengjesh\u201d dhe thot\u00eb se negociator\u00ebt amerikan\u00eb jan\u00eb \u201cgjithmon\u00eb nj\u00eb siklet p\u00ebr ne!\u201d<\/p>\n<p><iframe class=\"truthsocial-embed\" src=\"https:\/\/truthsocial.com\/@realDonaldTrump\/112887960981797944\/embed\" width=\"600\" scrolling=\"no\" allowfullscreen=\"allowfullscreen\" data-mce-fragment=\"1\"><\/iframe><\/p>\n<p>Trump pretendon n\u00eb m\u00ebnyr\u00eb t\u00eb rreme se ai ishte n\u00eb gjendje t\u00eb lironte pengjet gjat\u00eb koh\u00ebs sa ishte president pa hequr dor\u00eb nga asgj\u00eb.<\/p>\n<p>\u201cT\u00eb b\u00ebsh nj\u00eb gj\u00eb t\u00eb till\u00eb \u00ebsht\u00eb nj\u00eb precedent i keq p\u00ebr t\u00eb ardhmen. K\u00ebshtu duhet t\u00eb jet\u00eb, ose kjo situat\u00eb do t\u00eb b\u00ebhet gjithnj\u00eb e m\u00eb e keqe\u201d, shton kandidati republikan p\u00ebr president.<\/p>\n<p>Trump pretendoi se administrata e presidentit, Joe Biden po e p\u00ebrshkruante shk\u00ebmbimin si \u201ct\u00eb nd\u00ebrlikuar\u201d n\u00eb m\u00ebnyr\u00eb q\u00eb \u201caskush t\u00eb mos e kuptoj\u00eb se sa e keqe \u00ebsht\u00eb!\u201d<\/p>\n<p>Nd\u00ebrkoh\u00eb, Biden ka pyetur se sa t\u00eb burgosur ka liruar Trump gjat\u00eb koh\u00ebs sa ishte president i SHBA-s\u00eb.<\/p>\n","protected":false},"excerpt":{"rendered":"<p>\u201cKjo \u00ebsht\u00eb nj\u00eb \u00e7\u00ebshtje q\u00eb m\u00eb s\u00eb miri trajtohet n\u00eb heshtje\u201d. \u00cbsht\u00eb fraza e zgjedhur e zyrtar\u00ebve rus\u00eb kur u pyet\u00ebn t\u00eb komentojn\u00eb mbi shk\u00ebmbimet e mundshme t\u00eb t\u00eb burgosurve Lindje-Per\u00ebndim. Fjal\u00eb q\u00eb i d\u00ebgjojm\u00eb prej muajsh. K\u00ebshtu i p\u00eblqen Kremlinit: marr\u00ebveshje pas dyerve t\u00eb mbyllura, \u201cdiplomacia e pengjeve\u201d larg v\u00ebmendjes mediatike. Sh\u00ebrbimi i inteligjenc\u00ebs &hellip;<\/p>\n","protected":false},"author":3,"featured_media":86043,"comment_status":"closed","ping_status":"closed","sticky":false,"template":"","format":"standard","meta":{"footnotes":""},"categories":[37],"tags":[],"class_list":["post-86042","post","type-post","status-publish","format-standard","has-post-thumbnail","","category-politike"],"_links":{"self":[{"href":"https:\/\/rdnews.al\/index.php\/wp-json\/wp\/v2\/posts\/86042","targetHints":{"allow":["GET"]}}],"collection":[{"href":"https:\/\/rdnews.al\/index.php\/wp-json\/wp\/v2\/posts"}],"about":[{"href":"https:\/\/rdnews.al\/index.php\/wp-json\/wp\/v2\/types\/post"}],"author":[{"embeddable":true,"href":"https:\/\/rdnews.al\/index.php\/wp-json\/wp\/v2\/users\/3"}],"replies":[{"embeddable":true,"href":"https:\/\/rdnews.al\/index.php\/wp-json\/wp\/v2\/comments?post=86042"}],"version-history":[{"count":0,"href":"https:\/\/rdnews.al\/index.php\/wp-json\/wp\/v2\/posts\/86042\/revisions"}],"wp:featuredmedia":[{"embeddable":true,"href":"https:\/\/rdnews.al\/index.php\/wp-json\/wp\/v2\/media\/86043"}],"wp:attachment":[{"href":"https:\/\/rdnews.al\/index.php\/wp-json\/wp\/v2\/media?parent=86042"}],"wp:term":[{"taxonomy":"category","embeddable":true,"href":"https:\/\/rdnews.al\/index.php\/wp-json\/wp\/v2\/categories?post=86042"},{"taxonomy":"post_tag","embeddable":true,"href":"https:\/\/rdnews.al\/index.php\/wp-json\/wp\/v2\/tags?post=86042"}],"curies":[{"name":"wp","href":"https:\/\/api.w.org\/{rel}","templated":true}]}}