{"id":86050,"date":"2024-08-02T08:08:37","date_gmt":"2024-08-02T08:08:37","guid":{"rendered":"https:\/\/rdnews.al\/?p=86050"},"modified":"2024-08-02T08:08:37","modified_gmt":"2024-08-02T08:08:37","slug":"fotoja-e-kryeparlamentares-me-urdheruesin-e-masakres-se-2-prillit-eshte-provokim","status":"publish","type":"post","link":"https:\/\/rdnews.al\/index.php\/2024\/08\/02\/fotoja-e-kryeparlamentares-me-urdheruesin-e-masakres-se-2-prillit-eshte-provokim\/","title":{"rendered":"Fotoja e kryeparlamentares me urdh\u00ebruesin e masakr\u00ebs s\u00eb 2 Prillit \u00ebsht\u00eb provokim!"},"content":{"rendered":"<p><strong>Nga Redin HAFIZI<\/strong><\/p>\n<p>Gramoz Ru\u00e7i \u00ebsht\u00eb urdh\u00ebruesi i masakr\u00ebs s\u00eb 2 Prillit n\u00eb Shkod\u00ebr. Fotoja e kryeparlamentares n\u00eb Shqip\u00ebri me kriminelin \u00ebsht\u00eb provokim ndaj l\u00ebvizjes p\u00ebr demokraci n\u00eb Shqip\u00ebri. Nuk mund t\u00eb kesh adhurim p\u00ebr kriminelin dhe t\u00eb flas\u00ebsh p\u00ebr demokraci. Nd\u00ebrkoh\u00eb q\u00eb shitjet n\u00eb adres\u00eb t\u00eb Elis\u00ebs rriten edhe ajo rrit p\u00ebrqafimet. Gramoz Ru\u00e7i i urryeri i popullit Shqiptar n\u00eb 1990 puthet me Spiropalin duke treguar se ajo puthje lidh gjuh\u00ebt mes ish kreut Ru\u00e7i dhe kreut aktual Gramoz Ru\u00e7i.<\/p>\n<p>Pra gjith\u00eb k\u00ebt\u00eb koh\u00eb l\u00ebvizjet n\u00eb PS i ka drejtuar nj\u00eb kryekriminel n\u00eb politik\u00eb q\u00eb ka qen\u00eb i ndaluar t\u00eb hyj\u00eb n\u00eb USA. A e kujtoni kur Veliaj e konsideroi Ru\u00e7in si inspirues q\u00eb i sh\u00ebroi atij Covid?! Pra Shqip\u00ebria \u00ebsht\u00eb n\u00ebn regjimin e mafies dhe kryetar i v\u00ebrtet\u00eb i shtetit \u00ebsht\u00eb Gramoz Ru\u00e7i, kreu i \u201ckomisionit\u201d. Nd\u00ebrkoh\u00eb Ru\u00e7i ka Agasin q\u00eb t\u00eb kontrolloj\u00eb qeverrin\u00eb. Sipas informacionit t\u00eb d\u00ebrguar nga Ambasadori Withers, Gramoz Ru\u00e7it i \u00ebsht\u00eb ndaluar marrja e viz\u00ebs p\u00ebr n\u00eb Amerik\u00eb, q\u00eb n\u00eb vitin 2005, pasi ai dyshohet se ka lidhje me grupe mafioze. N\u00eb at\u00eb raport ka edhe shum\u00eb emra t\u00eb tjer\u00eb ku kushdo \u00ebsht\u00eb i mir\u00ebpritur t\u00eb komentoj\u00eb.<\/p>\n<p><img loading=\"lazy\" decoding=\"async\" class=\"alignnone size-medium wp-image-86052\" src=\"https:\/\/rdnews.al\/wp-content\/uploads\/2024\/08\/1-138x300.jpg\" alt=\"\" width=\"138\" height=\"300\" srcset=\"https:\/\/rdnews.al\/wp-content\/uploads\/2024\/08\/1-138x300.jpg 138w, https:\/\/rdnews.al\/wp-content\/uploads\/2024\/08\/1.jpg 443w\" sizes=\"auto, (max-width: 138px) 100vw, 138px\" \/><\/p>\n<p><img loading=\"lazy\" decoding=\"async\" class=\"alignnone size-medium wp-image-86053\" src=\"https:\/\/rdnews.al\/wp-content\/uploads\/2024\/08\/2-138x300.jpg\" alt=\"\" width=\"138\" height=\"300\" srcset=\"https:\/\/rdnews.al\/wp-content\/uploads\/2024\/08\/2-138x300.jpg 138w, https:\/\/rdnews.al\/wp-content\/uploads\/2024\/08\/2.jpg 443w\" sizes=\"auto, (max-width: 138px) 100vw, 138px\" \/><\/p>\n<p><img loading=\"lazy\" decoding=\"async\" class=\"alignnone size-medium wp-image-86054\" src=\"https:\/\/rdnews.al\/wp-content\/uploads\/2024\/08\/ruci-Copy-225x300.jpg\" alt=\"\" width=\"225\" height=\"300\" srcset=\"https:\/\/rdnews.al\/wp-content\/uploads\/2024\/08\/ruci-Copy-225x300.jpg 225w, https:\/\/rdnews.al\/wp-content\/uploads\/2024\/08\/ruci-Copy-769x1024.jpg 769w, https:\/\/rdnews.al\/wp-content\/uploads\/2024\/08\/ruci-Copy-768x1023.jpg 768w, https:\/\/rdnews.al\/wp-content\/uploads\/2024\/08\/ruci-Copy-1153x1536.jpg 1153w, https:\/\/rdnews.al\/wp-content\/uploads\/2024\/08\/ruci-Copy.jpg 1537w\" sizes=\"auto, (max-width: 225px) 100vw, 225px\" \/><\/p>\n","protected":false},"excerpt":{"rendered":"<p>Nga Redin HAFIZI Gramoz Ru\u00e7i \u00ebsht\u00eb urdh\u00ebruesi i masakr\u00ebs s\u00eb 2 Prillit n\u00eb Shkod\u00ebr. Fotoja e kryeparlamentares n\u00eb Shqip\u00ebri me kriminelin \u00ebsht\u00eb provokim ndaj l\u00ebvizjes p\u00ebr demokraci n\u00eb Shqip\u00ebri. Nuk mund t\u00eb kesh adhurim p\u00ebr kriminelin dhe t\u00eb flas\u00ebsh p\u00ebr demokraci. Nd\u00ebrkoh\u00eb q\u00eb shitjet n\u00eb adres\u00eb t\u00eb Elis\u00ebs rriten edhe ajo rrit p\u00ebrqafimet. Gramoz Ru\u00e7i &hellip;<\/p>\n","protected":false},"author":4,"featured_media":86051,"comment_status":"closed","ping_status":"closed","sticky":false,"template":"","format":"standard","meta":{"footnotes":""},"categories":[44],"tags":[],"class_list":["post-86050","post","type-post","status-publish","format-standard","has-post-thumbnail","","category-editorial"],"_links":{"self":[{"href":"https:\/\/rdnews.al\/index.php\/wp-json\/wp\/v2\/posts\/86050","targetHints":{"allow":["GET"]}}],"collection":[{"href":"https:\/\/rdnews.al\/index.php\/wp-json\/wp\/v2\/posts"}],"about":[{"href":"https:\/\/rdnews.al\/index.php\/wp-json\/wp\/v2\/types\/post"}],"author":[{"embeddable":true,"href":"https:\/\/rdnews.al\/index.php\/wp-json\/wp\/v2\/users\/4"}],"replies":[{"embeddable":true,"href":"https:\/\/rdnews.al\/index.php\/wp-json\/wp\/v2\/comments?post=86050"}],"version-history":[{"count":0,"href":"https:\/\/rdnews.al\/index.php\/wp-json\/wp\/v2\/posts\/86050\/revisions"}],"wp:featuredmedia":[{"embeddable":true,"href":"https:\/\/rdnews.al\/index.php\/wp-json\/wp\/v2\/media\/86051"}],"wp:attachment":[{"href":"https:\/\/rdnews.al\/index.php\/wp-json\/wp\/v2\/media?parent=86050"}],"wp:term":[{"taxonomy":"category","embeddable":true,"href":"https:\/\/rdnews.al\/index.php\/wp-json\/wp\/v2\/categories?post=86050"},{"taxonomy":"post_tag","embeddable":true,"href":"https:\/\/rdnews.al\/index.php\/wp-json\/wp\/v2\/tags?post=86050"}],"curies":[{"name":"wp","href":"https:\/\/api.w.org\/{rel}","templated":true}]}}