{"id":86171,"date":"2024-08-03T17:03:18","date_gmt":"2024-08-03T17:03:18","guid":{"rendered":"https:\/\/rdnews.al\/?p=86171"},"modified":"2024-08-03T17:03:18","modified_gmt":"2024-08-03T17:03:18","slug":"berisha-taulant-balla-personazh-kryesor-tek-metamorfoza-altin-dumani-fshin-bisedat","status":"publish","type":"post","link":"https:\/\/rdnews.al\/index.php\/2024\/08\/03\/berisha-taulant-balla-personazh-kryesor-tek-metamorfoza-altin-dumani-fshin-bisedat\/","title":{"rendered":"Berisha: Taulant Balla personazh kryesor tek \u201cMetamorfoza\u201d, Altin Dumani fshin bisedat!"},"content":{"rendered":"<p>T\u00eb dashur miq, Taulant Balla del n\u00eb bisedat e koduara personazhi m\u00eb qendror i bot\u00ebs s\u00eb krimit n\u00eb dosjen e fundit t\u00eb metamofoz\u00ebs!<\/p>\n<p>Por n\u00eb dosje nuk mungojn\u00eb edhe Edi Rama dhe ministra e prokuror\u00eb, gjykat\u00ebs t\u00eb tjer\u00eb.<\/p>\n<p>Altin Dumani fshin dhe fsheh bisedat q\u00eb d\u00ebshmojn\u00eb lidhjet e krimit me nivelet m\u00eb t\u00eb larta t\u00eb pushtetit, implikimin direkt t\u00eb Ball\u00ebs n\u00eb porosi direkte t\u00eb krimeve t\u00eb sh\u00ebmtuara.<\/p>\n<p>P\u00ebr m\u00eb shum\u00eb holl\u00ebsi ju ftoj t\u00eb lexoni artikullin e m\u00ebposht\u00ebm q\u00eb shqyrton dhe sjell p\u00ebr lexuesit t\u00eb v\u00ebrtet\u00ebn e lidhjeve t\u00eb krimit me nivelet m\u00eb t\u00eb larta t\u00eb politik\u00ebs dhe fshehjen kriminale t\u00eb ktryre lidhjeve nga Dumani i partis\u00eb!<\/p>\n<p><strong>D\u00ebshmit\u00eb\/ A ka emra politikan\u00ebsh n\u00eb bisedat me SKY ECC?<\/strong><\/p>\n<p>Numri i mesazheve t\u00eb shk\u00ebmbyera mes kriminel\u00ebve shqiptar\u00eb n\u00eb SKY ECC dhe telefonat ENCRO \u00ebsht\u00eb aq i madh sa kur serverat e aplikacioneve u dekriptuan, mediat nd\u00ebrkomb\u00ebtare raportuan se shqipja ishte gjuha e dyt\u00eb m\u00eb e p\u00ebrdorur n\u00eb komunikime. Nuk \u00ebsht\u00eb \u00e7udi q\u00eb dosjet e zbardhura q\u00eb disponon SPAK nga aplikacionet t\u00eb jen\u00eb aq voluminoze, saq\u00eb nj\u00eb pjes\u00eb e tyre nuk \u00ebsht\u00eb lexuar ende.<\/p>\n<p>Deri n\u00eb k\u00ebto momente, hetimi ka pasur n\u00eb fokus element\u00ebt kriminal\u00eb, t\u00eb p\u00ebrfshir\u00eb n\u00eb krime t\u00eb r\u00ebnda, si organizim vrasjesh me pages\u00eb, rr\u00ebmbime dhe gjob\u00ebv\u00ebnie, nd\u00ebrkoh\u00eb q\u00eb jan\u00eb l\u00ebn\u00eb m\u00ebnjan\u00eb lidhjet politike t\u00eb grupeve kriminale. \u00ebsht\u00eb naive t\u00eb mendosh se bandat m\u00eb t\u00eb rrezikshme t\u00eb Shqip\u00ebris\u00eb kishin rekrutuar polic\u00eb, kontrollonin tregun e kumarit dhe nd\u00ebrhynin tek prokuror\u00ebt pa pasur mb\u00ebshtetje politike.<\/p>\n<p>Politikani \u201cTojota Jaris\u201d n\u00eb p\u00ebrplasjen mes bandave<\/p>\n<p>Pik\u00ebrisht n\u00eb k\u00ebt\u00eb linj\u00eb ishte edhe kreu i PD, Sali Berisha q\u00eb thoshte se prokuror\u00ebt kan\u00eb fshir\u00eb nga dosjet emrin e Taulant Ball\u00ebs q\u00eb u shkarkua si minist\u00ebr i brendsh\u00ebm, nj\u00eb dit\u00eb para operacioni.<\/p>\n<p>\u201cPersonazhi m\u00eb i lakuar n\u00eb dosje p\u00ebr t\u00eb gjitha veprat e zeza \u00ebsht\u00eb Tualant Balla me tre mbiemra, por komunikimet e tij kriminale u fsheh\u00ebn nga Altin Dumani dhe famozi Alfred Shehu, prokurori kriminel\u201d ka shkruar Berisha, q\u00eb prej vitesh e akuzon Taulant Ball\u00ebn se \u00ebsht\u00eb lidhur direkt me bandat e Elbasanit.<\/p>\n<p>N\u00eb fakt, protagonist\u00ebt e nj\u00eb nga ngjarjeve q\u00eb p\u00ebrmenden n\u00eb dosjen e SPAK, e kan\u00eb p\u00ebrmendur Taulant Ball\u00ebn si pal\u00eb n\u00eb konfliktin mes bandave. Ka qen\u00eb korrik 2020, kur forcat speciale rrethuan nj\u00eb servis makinash n\u00eb pron\u00ebsi t\u00eb fisit Manahasa n\u00eb rrug\u00ebn Elbasan-Peqin. Sinjalet ishin se aty do t\u00eb gjenin arm\u00ebn me t\u00eb cil\u00ebn u vra Emiljano Ramazani. Informacionet dol\u00ebn t\u00eb sakta. Pistoleta u gjet v\u00ebrtet, posht\u00eb serbatorit t\u00eb nj\u00eb makine. Nga ekspertiza doli se arma ishte p\u00ebrdorur p\u00ebr vrasjen e Emiljano Ramazanit.<\/p>\n<p>Disa antar\u00eb t\u00eb familjes Manahasa u arrestuan. Seiti dhe babai i tij Albert Manahasa dol\u00ebn nga burgu pas 6 muajsh, kur u provua se nuk kishin lidhje as me vrasjen dhe as me pistolet\u00ebn.<\/p>\n<p>Por dit\u00ebn q\u00eb u arrestuan nga RENEA, nj\u00eb i af\u00ebrm i tyre akuzoi nj\u00eb deputet p\u00ebr kurthin. Deputetit i referohej si \u201cTojota Jaris\u201d.<\/p>\n<p>Bujar Dervishi, duke folur pas arrestimit t\u00eb t\u00eb af\u00ebrmve t\u00eb tij nga familja Manahasa<\/p>\n<p>N\u00eb intervist\u00ebn p\u00ebr abc, q\u00eb mund ta shikoni K\u00cbTU, personi q\u00eb flet, Bujar Dervishi ishte i bindur se aksioni i policis\u00eb ishte grack\u00eb e sajuar nga kund\u00ebshtar\u00ebt e familjes. Fajin ia vishte deputetit, q\u00eb i th\u00ebrriste \u201cTojota Jaris\u201d epitet me t\u00eb cilin i referohej Taulant Ball\u00ebs.<\/p>\n<p>\u201cPersoni q\u00eb e nxit k\u00ebt\u00eb \u00ebsht\u00eb njeri i nj\u00eb politikani t\u00eb lart\u00eb. Do t\u2019i vij\u00eb fundi edhe atij njeriut Tojota Jaris, at\u00eb t\u00eb shikoj\u00eb ai 3 milion eurot mos shikoj\u00eb konkurenc\u00ebn e miqve t\u00eb tij, t\u00eb shikoj\u00eb ato 3 milion eurot, shprehej i af\u00ebrmi i t\u00eb arrestuarve jasht\u00eb komisariatit t\u00eb policis\u00eb.<\/p>\n<p>\u201cKjo \u00ebsht\u00eb thjesht nga konkurenca, q\u00eb e b\u00ebn Tojota Jaris p\u00ebr miqt\u00eb e tij\u201d thoshte Bujar Dervishi duke b\u00ebr\u00eb lidhjen mes nd\u00ebrhyrjes s\u00eb policis\u00eb dhe interesit q\u00eb kishin miqt\u00eb e Taulant Ball\u00ebs.<\/p>\n<p>Si\u00e7 doli m\u00eb von\u00eb, pistoleta n\u00eb servisin e Manahasave ishte v\u00ebn\u00eb p\u00ebr t\u00eb futur n\u00eb sherr antar\u00ebt e nj\u00eb bande, nd\u00ebrsa emri i Taulant Ball\u00ebs nuk dihet pse p\u00ebrmendej nga pala tjet\u00ebr n\u00eb konflikt. Gjithsesi, nj\u00eb dit\u00eb para se t\u00eb zhvillohej operacioni i SPAK, Balla u shkarkua si minist\u00ebr i brendsh\u00ebm.<\/p>\n<p>Rasti Qyno dhe deklarata e fort\u00eb e avokatit<\/p>\n<p>Prokuror\u00ebt e SPAK kryen nj\u00eb raprezalje n\u00eb sht\u00ebpin\u00eb dhe n\u00eb vendin e pun\u00ebs s\u00eb gazetarit t\u00eb Orane\u00ebs Elton Qyno, vet\u00ebm se ky kishte arritur t\u00eb siguronte p\u00ebrgjimet e SKY ECC t\u00eb bandave t\u00eb Elbasanit. Kur vun\u00eb re se Qyno po i zbardhte p\u00ebrgjimet pa \u201cfiltrat\u201d e diktuara nga prokuror\u00ebt, ata e thirr\u00ebn dhe e mbajt\u00ebn peng gazetarin n\u00eb zyrat e tyre deri sa i sekuestruan celular\u00ebt, kompjuterat n\u00eb sht\u00ebpi, kompjuterat n\u00eb pun\u00eb dhe gjith\u00e7ka tjet\u00ebr ku ai mund t\u00eb kishte ruajtur materialet nga p\u00ebrgjimet e SKY ECC.<\/p>\n<p>P\u00ebr veprimet e paprecedenta q\u00eb urdh\u00ebroi kreu i Prokuroris\u00eb Speciale, Altin Dumani dhe prokurori Behar Dibra, pati shum\u00eb teori konspiracioni, por sipas shpjegimeve q\u00eb dha avokati i gazetarit, Arben Llangozi shkak i k\u00ebtij reagimi ishte se n\u00eb p\u00ebrgjimet e bandave dilte emri i Edi Ram\u00ebs.<\/p>\n<p>\u201cPas nj\u00eb debati t\u00eb gjer\u00eb m\u00eb lejuan t\u00eb isha pjes\u00eb e hetimeve, q\u00eb kan\u00eb p\u00ebrfunduar n\u00eb or\u00ebn 3:00 t\u00eb m\u00ebngjesit. Mua mu duk sikur SPAK \u00ebsht\u00eb duke mbuluar di\u00e7ka. N\u00eb ato p\u00ebrgjime jan\u00eb t\u00eb implikuar nj\u00eb s\u00ebr\u00eb politikan\u00ebsh t\u00eb nivele t\u00eb larta, nga kryeministri e t\u00eb tjer\u00eb. B\u00ebhet fjal\u00eb p\u00ebr p\u00ebrgjimet e SKY. Bomba m\u00eb e nxeht\u00eb n\u00eb SPAK jan\u00eb p\u00ebrgjimet q\u00eb kan\u00eb ardhur nga jasht\u00eb. Nga p\u00ebrgjimet q\u00eb kan\u00eb ardhur, kemi t\u00eb b\u00ebjm\u00eb me nj\u00eb bomb\u00eb t\u00eb madhe ku thuajse e gjith\u00eb politika shqiptare \u00ebsht\u00eb e implikuar. K\u00ebto p\u00ebrgjime kan\u00eb r\u00ebn\u00eb n\u00eb dor\u00ebn e gazetarit Qyno, i cili n\u00eb dit\u00ebt n\u00eb vijim do plaste gjylen e madhe. Ato u sekuestruan tashm\u00eb nga Prokuroria e Posa\u00e7me dhe s\u2019e dim\u00eb \u00e7far\u00eb fundi do ken\u00eb. \u00c7far\u00eb sekreti do kishte aty q\u00eb s\u2019duhet t\u00eb dilte? Jan\u00eb ato t\u00eb tjerat q\u00eb SPAK-u s\u2019do q\u00eb t\u00eb dalin. SPAK-u do vepronte n\u00eb m\u00ebnyr\u00eb selektive, si n\u00eb shum\u00eb raste. Kemi dyshime q\u00eb m\u00eb tep\u00ebr kan\u00eb qen\u00eb sekuestro p\u00ebr t\u00eb mbuluar pisll\u00ebqe. Nga ato q\u00eb un\u00eb kam folur shkon deri n\u00eb nivelin e kryeministrit dhe an\u00ebtar\u00eb t\u00eb Vetingut q\u00eb kan\u00eb dal\u00eb n\u00eb p\u00ebrgjime, se si kan\u00eb dirigjuar shkarkimin e prokuror\u00ebve dhe gjyqtar\u00ebve. N\u00eb disa p\u00ebrgjime ka dal\u00eb edhe ish-drejtuesi i Policis\u00eb s\u00eb Shtetit Ardi Veliu q\u00eb u ka shp\u00ebrndar\u00eb 24 drejtor\u00ebve t\u00eb policis\u00eb aparate enkro\u201d, tha avokati.<\/p>\n<p>Privilegjet p\u00ebr Dumanin dhe lidhjet me politikan\u00eb dhe prokuror\u00eb<\/p>\n<p>Pak dit\u00eb m\u00eb par\u00eb, dy motrat Nikolli n\u00eb der\u00ebn e t\u00eb cilave shp\u00ebrtheu nj\u00eb sasi tritoli, treguan se si vras\u00ebsi me pages\u00eb Nuredin Dumani jeton n\u00eb kushte t\u00eb privilegjuara n\u00eb burgun ku mbahet. Duke qen\u00eb n\u00eb kushtet e bashk\u00ebpuntorit t\u00eb drejt\u00ebsis\u00eb, Nuredin Dumanit i kan\u00eb garantuar nj\u00eb palest\u00ebr n\u00eb dhom\u00eb, kondicioner, kompjutera, telefon, sh\u00ebrbimin e internetit etj. Motrat Nikolli than\u00eb se kushtet e privilegjuara p\u00ebr Dumanin vijn\u00eb nga lidhjet e forta q\u00eb ka jasht\u00eb burgut me njer\u00ebz me pushtet.<\/p>\n<p>Motrat Nikolli nuk jan\u00eb t\u00eb vetmet q\u00eb e b\u00ebjn\u00eb nj\u00eb pohim t\u00eb till\u00eb. M\u00eb par\u00eb, nj\u00eb prej t\u00eb arrestuarve n\u00eb operacionin \u201cPlumbi i Art\u00eb\u201d, Besian Xhixha iu kund\u00ebrvu Gjykat\u00ebs, Prokuroris\u00eb dhe sistemit t\u00eb drejt\u00ebsis\u00eb p\u00ebr shkak se sipas tij, d\u00ebshmia e t\u00eb penduarit ishte e manipuluar se sipas tij, Nuredin Dumani ka kryer t\u00eb pakt\u00ebn 12 vrasje.<\/p>\n<p>Nd\u00ebr t\u00eb tjera, 31- vje\u00e7ari nga Larushku ka th\u00ebn\u00eb se Nuredin Dumani ia kshte pohuar vet\u00eb se ishte i lidhur me politikan\u00eb dhe prokuror\u00eb dhe se kishte garanci se nuk do t\u00eb d\u00ebnohej p\u00ebr vrasjet q\u00eb kryente.<\/p>\n<p>\u201cNuredin Dumani ka kryer 12 vrasje. Pas \u00e7do vrasje, na ka th\u00ebn\u00eb se nuk m\u00eb gjen asgj\u00eb, pasi ka lidhje me ministra, deputet\u00eb, prokuror\u00eb, madje m\u00eb ka th\u00ebn\u00eb q\u00eb ka lidhje me prokurorin Altin Dumani. E ka njeriun e vet\u00eb dhe ndihej i mbrojtur. Dumani \u00ebsht\u00eb strehuar m\u00eb shum\u00eb sesa nj\u00eb vit e gjysm\u00eb n\u00eb sht\u00ebpin\u00eb time dhe e njoh dh\u00ebmb\u00eb e dh\u00ebmball\u00eb, madje nj\u00eb dhemb prej floriri e kemi vendosur tek nj\u00eb i af\u00ebrmi im, n\u00ebse doni shkoni e verifikoni.<\/p>\n<p>Dumani duhet t\u00eb flas\u00eb p\u00ebr t\u00eb gjitha krimet q\u00eb ka kryer, n\u00ebse me t\u00eb v\u00ebrtet\u00eb \u00ebsht\u00eb i penduar\u201d ka th\u00ebn\u00eb Xhixha n\u00eb sall\u00ebn e gjyqit.<\/p>\n<p>Deklaratat e Xhixh\u00ebs nuk u mor\u00ebn parasysh nga prokuroria. Ai \u00ebsht\u00eb nj\u00eb prej personave t\u00eb vet\u00ebm q\u00eb ka kontestuar me forc\u00eb d\u00ebshmin\u00eb e Nuredin Dumanit duke pohuar se ai ka pasur lidhje politike.<\/p>\n<p>Heshtja e kreut t\u00eb SPAK, Altin Dumanit<\/p>\n<p>P\u00ebr zhurm\u00ebn q\u00eb kan\u00eb krijuar p\u00ebrgjimet e SKY ECC, p\u00ebr privilegjet q\u00eb kan\u00eb p\u00ebrfituar nga pushteti njer\u00ebz t\u00eb krimit \u00ebsht\u00eb af\u00ebrmendsh e ditur se ata nuk mund t\u00eb vepronin pa lidhje politike. Por kreu i SPAK, Altin Dumani ka heshtur kur \u00ebsht\u00eb pyetur n\u00eb lidhje me k\u00ebt\u00eb \u00e7\u00ebshtje.<\/p>\n<p>N\u00eb maj t\u00eb k\u00ebtij viti, gjat\u00eb raportimit n\u00eb komisionin e ligjeve, deputeti i PD-s\u00eb Dash Sula e pyeti Dumanin, n\u00ebse kishte politikan\u00eb q\u00eb p\u00ebrdornin SKY ECC. Prokurori as nuk pohoi, as nuk mohoi gj\u00eb, duke e shmangur p\u00ebrgjigjen n\u00eb stilin e zakonsh\u00ebm t\u00eb hetuesve.<\/p>\n<p>\u201cNuk mund t\u00eb prononcohem, kemi c\u00ebshtje n\u00eb hetim, por ajo q\u00eb ju garantoj un\u00eb se n\u00eb \u00e7do rast q\u00eb do evidentohen raste t\u00eb tilla ne do ushtrojm\u00eb ndjekjen penale sepse \u00ebsht\u00eb detyrim ligjor. Por jemi n\u00eb hetim e sip\u00ebr dhe nuk mund t\u00eb jap informacion\u201d tha Dumani.\/Lapsi.al<\/p>\n","protected":false},"excerpt":{"rendered":"<p>T\u00eb dashur miq, Taulant Balla del n\u00eb bisedat e koduara personazhi m\u00eb qendror i bot\u00ebs s\u00eb krimit n\u00eb dosjen e fundit t\u00eb metamofoz\u00ebs! Por n\u00eb dosje nuk mungojn\u00eb edhe Edi Rama dhe ministra e prokuror\u00eb, gjykat\u00ebs t\u00eb tjer\u00eb. Altin Dumani fshin dhe fsheh bisedat q\u00eb d\u00ebshmojn\u00eb lidhjet e krimit me nivelet m\u00eb t\u00eb larta t\u00eb &hellip;<\/p>\n","protected":false},"author":4,"featured_media":65494,"comment_status":"closed","ping_status":"closed","sticky":false,"template":"","format":"standard","meta":{"footnotes":""},"categories":[37],"tags":[],"class_list":["post-86171","post","type-post","status-publish","format-standard","has-post-thumbnail","","category-politike"],"_links":{"self":[{"href":"https:\/\/rdnews.al\/index.php\/wp-json\/wp\/v2\/posts\/86171","targetHints":{"allow":["GET"]}}],"collection":[{"href":"https:\/\/rdnews.al\/index.php\/wp-json\/wp\/v2\/posts"}],"about":[{"href":"https:\/\/rdnews.al\/index.php\/wp-json\/wp\/v2\/types\/post"}],"author":[{"embeddable":true,"href":"https:\/\/rdnews.al\/index.php\/wp-json\/wp\/v2\/users\/4"}],"replies":[{"embeddable":true,"href":"https:\/\/rdnews.al\/index.php\/wp-json\/wp\/v2\/comments?post=86171"}],"version-history":[{"count":0,"href":"https:\/\/rdnews.al\/index.php\/wp-json\/wp\/v2\/posts\/86171\/revisions"}],"wp:featuredmedia":[{"embeddable":true,"href":"https:\/\/rdnews.al\/index.php\/wp-json\/wp\/v2\/media\/65494"}],"wp:attachment":[{"href":"https:\/\/rdnews.al\/index.php\/wp-json\/wp\/v2\/media?parent=86171"}],"wp:term":[{"taxonomy":"category","embeddable":true,"href":"https:\/\/rdnews.al\/index.php\/wp-json\/wp\/v2\/categories?post=86171"},{"taxonomy":"post_tag","embeddable":true,"href":"https:\/\/rdnews.al\/index.php\/wp-json\/wp\/v2\/tags?post=86171"}],"curies":[{"name":"wp","href":"https:\/\/api.w.org\/{rel}","templated":true}]}}