{"id":86317,"date":"2024-08-05T16:41:42","date_gmt":"2024-08-05T16:41:42","guid":{"rendered":"https:\/\/rdnews.al\/?p=86317"},"modified":"2024-08-05T16:42:14","modified_gmt":"2024-08-05T16:42:14","slug":"pd-denon-kthimin-e-qatos-ne-detyre-dhe-kerkon-marrjen-e-masave-disiplinore-serioze-e-te-plota-ndaj-tij","status":"publish","type":"post","link":"https:\/\/rdnews.al\/index.php\/2024\/08\/05\/pd-denon-kthimin-e-qatos-ne-detyre-dhe-kerkon-marrjen-e-masave-disiplinore-serioze-e-te-plota-ndaj-tij\/","title":{"rendered":"PD d\u00ebnon kthimin e Altin Qatos n\u00eb detyr\u00eb dhe k\u00ebrkon marrjen e masave disiplinore serioze e t\u00eb plota ndaj tij"},"content":{"rendered":"<p><strong>Deklarata e Koordinatorit Rajonal p\u00ebr Tiran\u00ebn n\u00eb PD, Klevis Balliu<\/strong><\/p>\n<p>Altin Qato, shefi i Policis\u00eb Rrugore, q\u00eb u b\u00eb simboli i radh\u00ebs i Policis\u00eb Rruga\u00e7\u00ebrore do t\u00eb kthehet n\u00eb krye t\u00eb detyr\u00ebs pas nj\u00eb pezullimi pak ditor, sa p\u00ebr sy e faqe.<\/p>\n<p>N\u00eb shkelje t\u00eb ligjit, p\u00ebrdhosjes s\u00eb uniform\u00ebs dhe t\u00eb kodeve t\u00eb shqiptarit, Altin Qato goditi n\u00eb \u2018rrug\u00eb t\u00eb madhe\u2019 nj\u00eb qytetar, duke u b\u00ebr\u00eb nj\u00eb prej dhjet\u00ebra zyrtar\u00ebve t\u00eb lart\u00eb policor\u00eb q\u00eb dhunojn\u00eb qytetar\u00eb apo gazetar\u00eb pa asnj\u00eb shkak ligjor.<\/p>\n<p>Partia Demokratike e d\u00ebnon kthimin e Qatos n\u00eb detyr\u00eb dhe k\u00ebrkon marrjen e masave disiplinore serioze e t\u00eb plota ndaj tij dhe \u00e7do zyrtari q\u00eb, n\u00eb shkelje t\u00eb detyr\u00ebs, k\u00ebrc\u00ebnon, frik\u00ebson apo godet qytetar\u00ebt.<\/p>\n<p>Rikthimi i tij n\u00eb detyr\u00eb, pas nj\u00eb \u201cautokritike t\u00eb sh\u00ebndosh\u00eb\u201d p\u00ebr Rrumbullakun e narko-Policis\u00eb d\u00ebshmon se sa i inkriminuar \u00ebsht\u00eb pushteti, q\u00eb nxjerr polic\u00ebt e Rrugores n\u00eb rrug\u00ebt e Shqip\u00ebris\u00eb p\u00ebr t\u00eb goditur qytetar\u00ebt, q\u00eb jo vet\u00ebm paguajn\u00eb taksa p\u00ebr rrug\u00ebt, por edhe rrogat e polic\u00ebve.<\/p>\n<p>Eg\u00ebrsimi i Altin Qatos dhe goditja e qytetarit \u00ebsht\u00eb n\u00eb vetvete nj\u00eb afer\u00eb korruptive p\u00ebr t\u00eb mbuluar nj\u00eb tjet\u00ebr afer\u00eb korruptive t\u00eb qeveris\u00eb.<\/p>\n<p>Prej koh\u00ebsh Policia e Shtetit \u00ebsht\u00eb kthyer ne mburoj\u00eb t\u00eb pushtetit dhe aferave korruptive t\u00eb Ram\u00ebs, Ballukut dhe Veliajt.<\/p>\n<p>Kjo do t\u00eb thot\u00eb dhune frontale kund\u00ebr protestuesve dhe sh\u00ebrbim \u2018extra full inclusive\u2019 organizatave kriminale.<\/p>\n<p>Rrumbullaku mund ta mbaj\u00eb Qaton p\u00ebr sh\u00ebrbimet q\u00eb i b\u00ebn Rilindjes, por nuk mund t\u00eb ruaj\u00eb edhe nderin e uniform\u00ebs dhe as t\u2019i shmanget p\u00ebrgjegj\u00ebsis\u00eb dhe llogaridh\u00ebnies.<\/p>\n<p>Partia Demokratike e di se ne Policin\u00eb e Shteti ka efektiv\u00eb te ndersh\u00ebm dhe dinjitoz\u00eb qe p\u00ebrplasen ballazi me krimin, si\u00e7 ka si Qato me shok\u00eb, ushtar\u00eb t\u00eb zellsh\u00ebm kund\u00ebr qytetar\u00ebve, deri n\u00eb dhun\u00eb fizike, dhe \u2018pula t\u00eb lagura\u2019 para kriminel\u00ebve.<\/p>\n<p>E d\u00ebnojm\u00eb edhe nj\u00ebher\u00eb me ashp\u00ebrsin\u00eb m\u00eb t\u00eb madhe politike dhe qytetare dhun\u00ebn ndaj qytetarit, t\u00eb kryepolicit Altin Qato, dhe i sigurojm\u00eb, si viktim\u00ebn ashtu dhe agresorin se, n\u00ebse i pari na ka n\u00eb krah, i dyti na ka p\u00ebrball\u00eb deri n\u00eb nd\u00ebshkimin m\u00eb shembullor n\u00ebp\u00ebrmjet ligjit.<\/p>\n","protected":false},"excerpt":{"rendered":"<p>Deklarata e Koordinatorit Rajonal p\u00ebr Tiran\u00ebn n\u00eb PD, Klevis Balliu Altin Qato, shefi i Policis\u00eb Rrugore, q\u00eb u b\u00eb simboli i radh\u00ebs i Policis\u00eb Rruga\u00e7\u00ebrore do t\u00eb kthehet n\u00eb krye t\u00eb detyr\u00ebs pas nj\u00eb pezullimi pak ditor, sa p\u00ebr sy e faqe. N\u00eb shkelje t\u00eb ligjit, p\u00ebrdhosjes s\u00eb uniform\u00ebs dhe t\u00eb kodeve t\u00eb shqiptarit, Altin &hellip;<\/p>\n","protected":false},"author":4,"featured_media":86297,"comment_status":"closed","ping_status":"closed","sticky":false,"template":"","format":"standard","meta":{"footnotes":""},"categories":[37],"tags":[],"class_list":["post-86317","post","type-post","status-publish","format-standard","has-post-thumbnail","","category-politike"],"_links":{"self":[{"href":"https:\/\/rdnews.al\/index.php\/wp-json\/wp\/v2\/posts\/86317","targetHints":{"allow":["GET"]}}],"collection":[{"href":"https:\/\/rdnews.al\/index.php\/wp-json\/wp\/v2\/posts"}],"about":[{"href":"https:\/\/rdnews.al\/index.php\/wp-json\/wp\/v2\/types\/post"}],"author":[{"embeddable":true,"href":"https:\/\/rdnews.al\/index.php\/wp-json\/wp\/v2\/users\/4"}],"replies":[{"embeddable":true,"href":"https:\/\/rdnews.al\/index.php\/wp-json\/wp\/v2\/comments?post=86317"}],"version-history":[{"count":0,"href":"https:\/\/rdnews.al\/index.php\/wp-json\/wp\/v2\/posts\/86317\/revisions"}],"wp:featuredmedia":[{"embeddable":true,"href":"https:\/\/rdnews.al\/index.php\/wp-json\/wp\/v2\/media\/86297"}],"wp:attachment":[{"href":"https:\/\/rdnews.al\/index.php\/wp-json\/wp\/v2\/media?parent=86317"}],"wp:term":[{"taxonomy":"category","embeddable":true,"href":"https:\/\/rdnews.al\/index.php\/wp-json\/wp\/v2\/categories?post=86317"},{"taxonomy":"post_tag","embeddable":true,"href":"https:\/\/rdnews.al\/index.php\/wp-json\/wp\/v2\/tags?post=86317"}],"curies":[{"name":"wp","href":"https:\/\/api.w.org\/{rel}","templated":true}]}}