{"id":86415,"date":"2024-08-06T17:10:39","date_gmt":"2024-08-06T17:10:39","guid":{"rendered":"https:\/\/rdnews.al\/?p=86415"},"modified":"2024-08-06T17:12:02","modified_gmt":"2024-08-06T17:12:02","slug":"transplanti-i-zemres-ne-bosnje-mjeku-prifti-shqiperia-akoma-ska-ligj-ketu-te-vrasin-te-paaftet","status":"publish","type":"post","link":"https:\/\/rdnews.al\/index.php\/2024\/08\/06\/transplanti-i-zemres-ne-bosnje-mjeku-prifti-shqiperia-akoma-ska-ligj-ketu-te-vrasin-te-paaftet\/","title":{"rendered":"Transplanti i zemr\u00ebs n\u00eb Bosnj\u00eb \/ Mjeku Prifti: Shqip\u00ebria akoma s\u2019ka ligj, k\u00ebtu t\u00eb vrasin t\u00eb paaft\u00ebt"},"content":{"rendered":"<p>Mjeku kardiokirurg Edvin Prifti ka reaguar pasi n\u00eb Bosnj\u00eb dhe Hercegovin\u00eb \u00ebsht\u00eb kryer p\u00ebr her\u00eb t\u00eb par\u00eb transplanti i zemr\u00ebs, teksa ka shp\u00ebrndar\u00eb n\u00eb rrjetet sociale postimin e kolegut t\u00eb tij Nermir Granov, i cili ka kryer operacionin.<\/p>\n<p>Nd\u00ebrhyrja \u00ebsht\u00eb kryer n\u00eb spitalin publik Cantonal Hospital Zenica, pasi familja e nj\u00eb 21-vje\u00e7ari q\u00eb kishte p\u00ebsuar vdekje t\u00eb trurit ka pranuar t\u00eb dhuroj\u00eb organet.<\/p>\n<p>Nisur nga ky rast, mjeku Edvin Prifti shprehet se\u00a0n\u00eb Shqip\u00ebria nuk ka nd\u00ebrmarr\u00eb asnj\u00eb iniciativ\u00eb konkrete p\u00ebr dhurimin e organeve t\u00eb pacient\u00ebve q\u00eb p\u00ebsojn\u00eb vdekje klinike, si nj\u00eb m\u00ebnyr\u00eb p\u00ebr t\u00eb shp\u00ebtuar t\u00eb tjer\u00ebt q\u00eb kan\u00eb nevoj\u00eb p\u00ebr transplant t\u00eb organeve.<\/p>\n<p>Ai ngre pyetjen se deri kur do vazhdojm\u00eb t\u00eb mbetemi t\u00eb fundit n\u00eb Europ\u00eb, teksa sipas tij, Shqip\u00ebria \u00ebsht\u00eb nj\u00eb vend ku zot\u00ebron dhe triumfon paaft\u00ebsia dhe sipas tij, aft\u00ebsia e vetme e t\u00eb paaft\u00ebve \u00ebsht\u00eb t\u00eb vrasin t\u00eb aftit.<\/p>\n<p><em>\u201cDeri kur do te vazhdojme te jemi te fundit ne Evrope? Bosnja kryen transplantin e pare te zemres nga prof. Granov. Ne Shqiperi mund ta kishim kryer dhjete vjet me pare, pasi kishim cdo element teknik dhe teknologjik. E kemi kerkuar me ngulm ministrise perkatese, por akoma sot e kesaj dite skemi ligjet e duhura pasi politika ska gjetur kohen e pershtatshme per kete. E kuptueshme apo jo?<\/em><\/p>\n<p><em>E trishtueshme! Te paditurit dhe te pamendte! Shqiperia vendi ku paaftesia zoteron dhe triumfon dhe ku aftesia e vetme e te paafteve eshte te vrasin te aftit!<\/em><\/p>\n<p><em>Ja tani mbetet vetem krenaria boshe e te paafteve \u201cpatriot\u201d!<\/em><\/p>\n<p><em>Gjithesesi urime dhe suksese kolegut dhe mikut tim Granov per kete arritje per vendin e tij dhe per rajonin!\u201d<\/em>\u00a0\u2013 shkruan mjeku Edvin Prifti.<\/p>\n<p><iframe loading=\"lazy\" src=\"https:\/\/www.facebook.com\/plugins\/post.php?href=https%3A%2F%2Fwww.facebook.com%2Fpermalink.php%3Fstory_fbid%3Dpfbid02taZPLHFNXS4s9WWDLpaYE8baW9XZ99nMWxhLbvZpavCXnyupeCHfAGa1rqsk55Zul%26id%3D100001904348608&amp;show_text=true&amp;width=500\" width=\"500\" height=\"893\" frameborder=\"0\" scrolling=\"no\" allowfullscreen=\"allowfullscreen\" data-mce-fragment=\"1\"><\/iframe><\/p>\n","protected":false},"excerpt":{"rendered":"<p>Mjeku kardiokirurg Edvin Prifti ka reaguar pasi n\u00eb Bosnj\u00eb dhe Hercegovin\u00eb \u00ebsht\u00eb kryer p\u00ebr her\u00eb t\u00eb par\u00eb transplanti i zemr\u00ebs, teksa ka shp\u00ebrndar\u00eb n\u00eb rrjetet sociale postimin e kolegut t\u00eb tij Nermir Granov, i cili ka kryer operacionin. Nd\u00ebrhyrja \u00ebsht\u00eb kryer n\u00eb spitalin publik Cantonal Hospital Zenica, pasi familja e nj\u00eb 21-vje\u00e7ari q\u00eb kishte p\u00ebsuar &hellip;<\/p>\n","protected":false},"author":4,"featured_media":86416,"comment_status":"closed","ping_status":"closed","sticky":false,"template":"","format":"standard","meta":{"footnotes":""},"categories":[37],"tags":[],"class_list":["post-86415","post","type-post","status-publish","format-standard","has-post-thumbnail","","category-politike"],"_links":{"self":[{"href":"https:\/\/rdnews.al\/index.php\/wp-json\/wp\/v2\/posts\/86415","targetHints":{"allow":["GET"]}}],"collection":[{"href":"https:\/\/rdnews.al\/index.php\/wp-json\/wp\/v2\/posts"}],"about":[{"href":"https:\/\/rdnews.al\/index.php\/wp-json\/wp\/v2\/types\/post"}],"author":[{"embeddable":true,"href":"https:\/\/rdnews.al\/index.php\/wp-json\/wp\/v2\/users\/4"}],"replies":[{"embeddable":true,"href":"https:\/\/rdnews.al\/index.php\/wp-json\/wp\/v2\/comments?post=86415"}],"version-history":[{"count":0,"href":"https:\/\/rdnews.al\/index.php\/wp-json\/wp\/v2\/posts\/86415\/revisions"}],"wp:featuredmedia":[{"embeddable":true,"href":"https:\/\/rdnews.al\/index.php\/wp-json\/wp\/v2\/media\/86416"}],"wp:attachment":[{"href":"https:\/\/rdnews.al\/index.php\/wp-json\/wp\/v2\/media?parent=86415"}],"wp:term":[{"taxonomy":"category","embeddable":true,"href":"https:\/\/rdnews.al\/index.php\/wp-json\/wp\/v2\/categories?post=86415"},{"taxonomy":"post_tag","embeddable":true,"href":"https:\/\/rdnews.al\/index.php\/wp-json\/wp\/v2\/tags?post=86415"}],"curies":[{"name":"wp","href":"https:\/\/api.w.org\/{rel}","templated":true}]}}