{"id":86448,"date":"2024-08-07T08:37:47","date_gmt":"2024-08-07T08:37:47","guid":{"rendered":"https:\/\/rdnews.al\/?p=86448"},"modified":"2024-08-07T08:40:07","modified_gmt":"2024-08-07T08:40:07","slug":"arrestohet-noizy-ne-shengjin-do-te-ekstradohet-ne-kosove","status":"publish","type":"post","link":"https:\/\/rdnews.al\/index.php\/2024\/08\/07\/arrestohet-noizy-ne-shengjin-do-te-ekstradohet-ne-kosove\/","title":{"rendered":"Arrestohet Noizy n\u00eb Sh\u00ebngjin, do t\u00eb ekstradohet n\u00eb Kosov\u00eb"},"content":{"rendered":"<p>Arratia e Rigels Rajkut, i njohur si Noizy, pas shpalljes s\u00eb tij n\u00eb k\u00ebrkim nga policia e Kosov\u00ebs, ka zgjatur vet\u00ebm dy dit\u00eb. Reperi \u00ebsht\u00eb arrestuar mbr\u00ebmjen e djeshme n\u00eb Sh\u00ebngjin.<\/p>\n<p>Reperi ishte n\u00eb k\u00ebrkim p\u00ebr plagosje t\u00eb r\u00ebnd\u00eb n\u00eb nj\u00eb klub nate n\u00eb Pej\u00eb, pasi bashk\u00eb me disa persona t\u00eb grupit t\u00eb tij kan\u00eb rrahur brutalisht Muhamet Isenin, i njohur n\u00eb \u201cTikTok\u201d si Medi, bashk\u00eb me mikun e tij Bekim Hardergjonajn.<\/p>\n<p>Rigels Rajku \u00ebsht\u00eb arrestuar mbr\u00ebmjen e s\u00eb mart\u00ebs nga policia e Lezh\u00ebs pasi u ndalua nga nj\u00eb postobllok policie. Rajku po shkonte p\u00ebr t\u00eb performua n\u00eb nj\u00eb klub nate.<\/p>\n<p>Reperi u arrestua s\u00eb bashku me Dj-in e tij, DJ Crax nga Euro Fast Shqip\u00ebria pasi Kosova l\u00ebshoj\u00eb urdh\u00ebr arrest p\u00ebr ta.<\/p>\n<p>Pas ndalimit, Noizy \u00ebsht\u00eb d\u00ebrguar n\u00eb Tiran\u00eb ku edhe do t\u2019i n\u00ebnshtrohet procedurave ligjore.<\/p>\n<p>Kujtojm\u00eb se dje Policia e Kosov\u00ebs ka k\u00ebrkuar ndihm\u00ebn e qytetar\u00ebve n\u00eb m\u00ebnyr\u00eb q\u00eb t\u00eb arrestoj\u00eb edhe reperin e njohur Stresi, emri i v\u00ebrtet\u00eb i t\u00eb cilit \u00ebsht\u00eb Arkimed Lushaj. Sipas policis\u00eb s\u00eb Kosov\u00ebs, Stresi \u00ebsht\u00eb i k\u00ebrkuar p\u00ebr vepr\u00ebn penale: \u201cNdihma\u201d n\u0451 kryerjen e \u201cL\u0451ndim i r\u0451nd\u0451 trupor\u201d.<\/p>\n<p>Vet\u00eb ai \u00ebsht\u00eb shprehur se nuk ka pasur t\u00eb b\u00ebj\u00eb me dhun\u00ebn e ushtruar ndaj personazhit t\u00eb njohur si Medi Iseni, por p\u00ebrkundrazi, ka nd\u00ebrhyr\u00eb p\u00ebr t\u00eb mos lejuar q\u00eb t\u00eb ket\u00eb dhun\u00eb.<\/p>\n<p><strong>Policia e Shtetit<\/strong><\/p>\n<p><em>Finalizohet operacioni policor i koduar \u201cFast\u201d.<\/em><\/p>\n<p><em>Kapen nga Fast Albania dhe vihen n\u00eb pranga 2 shtetas t\u00eb k\u00ebrkuar nga Policia e Kosov\u00ebs.<\/em><\/p>\n<p><em>N\u00eb vijim t\u00eb operacioneve t\u00eb nj\u00ebpasnj\u00ebshme p\u00ebr kapjen e shtetasve t\u00eb shpallur n\u00eb k\u00ebrkim, nga Drejtoria e Forc\u00ebs s\u00eb Posa\u00e7ame Operacionale, Sektori p\u00ebr K\u00ebrkimin, Nj\u00ebsia \u201cFAST Albania\u201d n\u00eb Departamentin e Policis\u00eb Kriminale n\u00eb PSH, \u00ebsht\u00eb marr\u00eb informacion nga FAST Kosova, p\u00ebr 2 shtetas t\u00eb k\u00ebrkuar p\u00ebr llogari t\u00eb Kosov\u00ebs, q\u00eb mund t\u00eb fshiheshin n\u00eb Shqip\u00ebri.<\/em><\/p>\n<p><em>Menj\u00ebher\u00eb, FAST Albania, bazuar n\u00eb inteligjenc\u00ebn policore, b\u00ebri t\u00eb mundur lokalizimin e 2 t\u00eb k\u00ebrkuarve, dhe n\u00eb kuad\u00ebr t\u00eb operacionit policor \u201cFast\u201d, kapi n\u00eb Lezh\u00eb dhe arrestoi 2 shtetasit e shpallur n\u00eb k\u00ebrkim nga Policia e Kosov\u00ebs, konkretisht shtetasin R. R., nga Durr\u00ebsi, dhe shtetasin B. B., nga Prishtina.<\/em><\/p>\n<p><em>Kapja dhe arrestimi i tyre u b\u00ebn\u00eb me q\u00ebllim ekstradimin n\u00eb Kosov\u00eb.<\/em><\/p>\n","protected":false},"excerpt":{"rendered":"<p>Arratia e Rigels Rajkut, i njohur si Noizy, pas shpalljes s\u00eb tij n\u00eb k\u00ebrkim nga policia e Kosov\u00ebs, ka zgjatur vet\u00ebm dy dit\u00eb. Reperi \u00ebsht\u00eb arrestuar mbr\u00ebmjen e djeshme n\u00eb Sh\u00ebngjin. Reperi ishte n\u00eb k\u00ebrkim p\u00ebr plagosje t\u00eb r\u00ebnd\u00eb n\u00eb nj\u00eb klub nate n\u00eb Pej\u00eb, pasi bashk\u00eb me disa persona t\u00eb grupit t\u00eb tij kan\u00eb &hellip;<\/p>\n","protected":false},"author":4,"featured_media":86451,"comment_status":"closed","ping_status":"closed","sticky":false,"template":"","format":"standard","meta":{"footnotes":""},"categories":[37],"tags":[],"class_list":["post-86448","post","type-post","status-publish","format-standard","has-post-thumbnail","","category-politike"],"_links":{"self":[{"href":"https:\/\/rdnews.al\/index.php\/wp-json\/wp\/v2\/posts\/86448","targetHints":{"allow":["GET"]}}],"collection":[{"href":"https:\/\/rdnews.al\/index.php\/wp-json\/wp\/v2\/posts"}],"about":[{"href":"https:\/\/rdnews.al\/index.php\/wp-json\/wp\/v2\/types\/post"}],"author":[{"embeddable":true,"href":"https:\/\/rdnews.al\/index.php\/wp-json\/wp\/v2\/users\/4"}],"replies":[{"embeddable":true,"href":"https:\/\/rdnews.al\/index.php\/wp-json\/wp\/v2\/comments?post=86448"}],"version-history":[{"count":0,"href":"https:\/\/rdnews.al\/index.php\/wp-json\/wp\/v2\/posts\/86448\/revisions"}],"wp:featuredmedia":[{"embeddable":true,"href":"https:\/\/rdnews.al\/index.php\/wp-json\/wp\/v2\/media\/86451"}],"wp:attachment":[{"href":"https:\/\/rdnews.al\/index.php\/wp-json\/wp\/v2\/media?parent=86448"}],"wp:term":[{"taxonomy":"category","embeddable":true,"href":"https:\/\/rdnews.al\/index.php\/wp-json\/wp\/v2\/categories?post=86448"},{"taxonomy":"post_tag","embeddable":true,"href":"https:\/\/rdnews.al\/index.php\/wp-json\/wp\/v2\/tags?post=86448"}],"curies":[{"name":"wp","href":"https:\/\/api.w.org\/{rel}","templated":true}]}}