{"id":86503,"date":"2024-08-07T18:29:40","date_gmt":"2024-08-07T18:29:40","guid":{"rendered":"https:\/\/rdnews.al\/?p=86503"},"modified":"2024-08-07T18:30:54","modified_gmt":"2024-08-07T18:30:54","slug":"berisha-zhvillimet-ne-venezuele-dhe-bangladesh-mesim-per-ne-se-beteja-perfundimtare-duhet-bere-para-zgjedhjeve","status":"publish","type":"post","link":"https:\/\/rdnews.al\/index.php\/2024\/08\/07\/berisha-zhvillimet-ne-venezuele-dhe-bangladesh-mesim-per-ne-se-beteja-perfundimtare-duhet-bere-para-zgjedhjeve\/","title":{"rendered":"Zhvillimet n\u00eb Venezuel\u00eb dhe Bangladesh m\u00ebsim p\u00ebr ne se beteja p\u00ebrfundimtare duhet b\u00ebr\u00eb para zgjedhjeve"},"content":{"rendered":"<p>Kryetari i Partis\u00eb Demokratike, Sali Berisha i \u00ebsht\u00eb referuar zhvillimeve politike n\u00eb Venezuel\u00eb dhe Bangladesh pas protestave masive q\u00eb kan\u00eb rr\u00ebzuar regjimet n\u00eb k\u00ebto vende.<\/p>\n<p>Berisha tha se, zhvillimet n\u00eb Venezuel\u00eb dhe Bangladesh duhet t\u00eb jen\u00eb m\u00ebsim p\u00ebr ne se beteja p\u00ebrfundimtare duhet b\u00ebr\u00eb para zgjedhjeve.<\/p>\n<p>\u201cP\u00ebrsh\u00ebndetjet m\u00eb t\u00eb p\u00ebrzem\u00ebrta q\u00ebndrestareve dhe q\u00ebndrestar\u00ebve, misionareve dhe misionar\u00ebve t\u00eb kauz\u00ebs s\u00eb drejt\u00eb, t\u00eb kauz\u00ebs s\u00eb qytetarit, t\u00eb \u00e7do shqiptari.<\/p>\n<p>Nj\u00eb p\u00ebrsh\u00ebndetje t\u00eb p\u00ebrzem\u00ebrt orator\u00ebve t\u00eb platform\u00ebs s\u00eb liris\u00eb.<\/p>\n<p>Por dhe t\u00eb gjith\u00eb shqiptar\u00ebve kudo q\u00eb jan\u00eb, q\u00eb guxojn\u00eb dhe protestojn\u00eb p\u00ebr interesat e tyre t\u00eb drejta.<\/p>\n<p>T\u00eb dashur miq, zhvillime tragjike ka pasur 24 or\u00ebt e fundit n\u00eb Venezuel\u00eb.<\/p>\n<p>Diktatori Maduro, pasi rr\u00ebmbeu mandatin si\u00e7 i rr\u00ebmben Edi Rama, urdh\u00ebroi forcat t\u00eb shkrehin bresh\u00ebri plumbash mbi heronjt\u00eb e vot\u00ebs s\u00eb lir\u00eb.<\/p>\n<p>Nd\u00ebrsa student\u00ebt e Bangladeshit p\u00ebrzun\u00eb nga Daka Edi Ram\u00ebn me fustan, figur\u00ebn m\u00eb t\u00eb urryer t\u00eb kombit, kryeministren Hasina.<\/p>\n<p>K\u00ebto zhvillime duhet t\u00eb jen\u00eb nj\u00eb m\u00ebsim i madh p\u00ebr ne.<\/p>\n<p>Duhet t\u00eb jen\u00eb nj\u00eb m\u00ebsim sepse me narkokryeministrin Edi Rama, me kryehajdutin e kombit, me armikun e eg\u00ebr t\u00eb qenies s\u00eb shqiptar\u00ebve, zgjedhje t\u00eb lira nuk ka dhe nuk mund t\u00eb ket\u00eb.<\/p>\n<p>Ndaj dhe beteja duhet t\u00eb b\u00ebhet p\u00ebrfundimtare, p\u00ebrpara zgjedhjeve.<\/p>\n<p>Beteja jon\u00eb duhet t\u00eb jet\u00eb e pandalshme gjer n\u00eb krijimin e qeveris\u00eb teknike\u201d, tha Berisha.<\/p>\n","protected":false},"excerpt":{"rendered":"<p>Kryetari i Partis\u00eb Demokratike, Sali Berisha i \u00ebsht\u00eb referuar zhvillimeve politike n\u00eb Venezuel\u00eb dhe Bangladesh pas protestave masive q\u00eb kan\u00eb rr\u00ebzuar regjimet n\u00eb k\u00ebto vende. Berisha tha se, zhvillimet n\u00eb Venezuel\u00eb dhe Bangladesh duhet t\u00eb jen\u00eb m\u00ebsim p\u00ebr ne se beteja p\u00ebrfundimtare duhet b\u00ebr\u00eb para zgjedhjeve. \u201cP\u00ebrsh\u00ebndetjet m\u00eb t\u00eb p\u00ebrzem\u00ebrta q\u00ebndrestareve dhe q\u00ebndrestar\u00ebve, misionareve dhe &hellip;<\/p>\n","protected":false},"author":4,"featured_media":82601,"comment_status":"closed","ping_status":"closed","sticky":false,"template":"","format":"standard","meta":{"footnotes":""},"categories":[37],"tags":[],"class_list":["post-86503","post","type-post","status-publish","format-standard","has-post-thumbnail","","category-politike"],"_links":{"self":[{"href":"https:\/\/rdnews.al\/index.php\/wp-json\/wp\/v2\/posts\/86503","targetHints":{"allow":["GET"]}}],"collection":[{"href":"https:\/\/rdnews.al\/index.php\/wp-json\/wp\/v2\/posts"}],"about":[{"href":"https:\/\/rdnews.al\/index.php\/wp-json\/wp\/v2\/types\/post"}],"author":[{"embeddable":true,"href":"https:\/\/rdnews.al\/index.php\/wp-json\/wp\/v2\/users\/4"}],"replies":[{"embeddable":true,"href":"https:\/\/rdnews.al\/index.php\/wp-json\/wp\/v2\/comments?post=86503"}],"version-history":[{"count":0,"href":"https:\/\/rdnews.al\/index.php\/wp-json\/wp\/v2\/posts\/86503\/revisions"}],"wp:featuredmedia":[{"embeddable":true,"href":"https:\/\/rdnews.al\/index.php\/wp-json\/wp\/v2\/media\/82601"}],"wp:attachment":[{"href":"https:\/\/rdnews.al\/index.php\/wp-json\/wp\/v2\/media?parent=86503"}],"wp:term":[{"taxonomy":"category","embeddable":true,"href":"https:\/\/rdnews.al\/index.php\/wp-json\/wp\/v2\/categories?post=86503"},{"taxonomy":"post_tag","embeddable":true,"href":"https:\/\/rdnews.al\/index.php\/wp-json\/wp\/v2\/tags?post=86503"}],"curies":[{"name":"wp","href":"https:\/\/api.w.org\/{rel}","templated":true}]}}