{"id":8694,"date":"2022-04-06T11:31:12","date_gmt":"2022-04-06T11:31:12","guid":{"rendered":"https:\/\/rdnews.al\/?p=8694"},"modified":"2022-04-06T11:31:12","modified_gmt":"2022-04-06T11:31:12","slug":"lufta-ne-ukraine-spanja-do-te-deboje-25-diplomate-ruse","status":"publish","type":"post","link":"https:\/\/rdnews.al\/index.php\/2022\/04\/06\/lufta-ne-ukraine-spanja-do-te-deboje-25-diplomate-ruse\/","title":{"rendered":"Lufta n\u00eb Ukrain\u00eb\/ Spanja do t\u00eb d\u00ebboj\u00eb 25 diplomat\u00eb rus\u00eb"},"content":{"rendered":"<p>Spanja do t\u00eb d\u00ebboj\u00eb rreth 25 diplomat\u00eb rus\u00eb dhe an\u00ebtar\u00eb t\u00eb personelit t\u00eb ambasad\u00ebs nga Madridi, tha t\u00eb mart\u00ebn ministri i Jasht\u00ebm spanjoll Jose Manuel Albares, duke iu bashkuar vendeve t\u00eb tjera t\u00eb Bashkimit Evropian n\u00eb p\u00ebrgjigjen ndaj krimeve t\u00eb dyshuara t\u00eb luft\u00ebs nga forcat ruse n\u00eb Ukrain\u00eb.<\/p>\n<p>\u201cNe kemi vendosur t\u00eb d\u00ebbojm\u00eb diplomat\u00ebt dhe personel nga ambasada ruse n\u00eb Spanj\u00eb, t\u00eb cil\u00ebt p\u00ebrb\u00ebjn\u00eb nj\u00eb k\u00ebrc\u00ebnim p\u00ebr interesat dhe sigurin\u00eb e vendit ton\u00eb\u201d, tha ai pas mbledhjes javore t\u00eb kabinetit, pa p\u00ebrjashtuar mund\u00ebsin\u00eb e masave t\u00eb m\u00ebtejshme.<\/p>\n<p>Ministri shtoi se d\u00ebbimet ishin gjithashtu nj\u00eb p\u00ebrgjigje ndaj &#8220;veprimeve t\u00eb tmerrshme t\u00eb kryera dit\u00ebt e fundit n\u00eb Ukrain\u00eb, ve\u00e7an\u00ebrisht n\u00eb Bu\u00e7a dhe atyre t\u00eb raportuara sot n\u00eb Mariupol&#8221;. duke iu referuar zbulimit t\u00eb varrezave masive dhe vrasjeve t\u00eb civil\u00ebve n\u00eb qytetin ukrainas Bu\u00e7a.<\/p>\n<p>&#8220;Krimet nuk mund t\u00eb mbeten t\u00eb pand\u00ebshkuara&#8221;, shtoi ai.<\/p>\n<p>Rusia ka mohuar vrasjen e civil\u00ebve n\u00eb Bu\u00e7a.<\/p>\n<p>Italia, Suedia dhe Danimarka kan\u00eb njoftuar tashm\u00eb d\u00ebbime t\u00eb ngjashme.<\/p>\n<p>Ministri Albares tha se qeveria e tij priste q\u00eb Rusia t\u00eb d\u00ebbonte nj\u00eb num\u00ebr t\u00eb ngjash\u00ebm diplomat\u00ebsh spanjoll\u00eb n\u00eb p\u00ebrgjigje.<\/p>\n<p>Megjithat\u00eb, ai tha se Spanja nuk do ta d\u00ebbonte ambasadorin rus pasi Madridi d\u00ebshiron t\u00eb mbaj\u00eb ambasadorin e vet n\u00eb Mosk\u00eb dhe t\u00eb l\u00ebr\u00eb kanalet diplomatike t\u00eb hapura p\u00ebr bisedime me Rusin\u00eb p\u00ebr t&#8217;i dh\u00ebn\u00eb fund luft\u00ebs.<\/p>\n","protected":false},"excerpt":{"rendered":"<p>Spanja do t\u00eb d\u00ebboj\u00eb rreth 25 diplomat\u00eb rus\u00eb dhe an\u00ebtar\u00eb t\u00eb personelit t\u00eb ambasad\u00ebs nga Madridi, tha t\u00eb mart\u00ebn ministri i Jasht\u00ebm spanjoll Jose Manuel Albares, duke iu bashkuar vendeve t\u00eb tjera t\u00eb Bashkimit Evropian n\u00eb p\u00ebrgjigjen ndaj krimeve t\u00eb dyshuara t\u00eb luft\u00ebs nga forcat ruse n\u00eb Ukrain\u00eb. \u201cNe kemi vendosur t\u00eb d\u00ebbojm\u00eb diplomat\u00ebt dhe &hellip;<\/p>\n","protected":false},"author":5,"featured_media":8695,"comment_status":"open","ping_status":"open","sticky":false,"template":"","format":"standard","meta":{"footnotes":""},"categories":[38,37],"tags":[],"class_list":["post-8694","post","type-post","status-publish","format-standard","has-post-thumbnail","","category-bota","category-politike"],"_links":{"self":[{"href":"https:\/\/rdnews.al\/index.php\/wp-json\/wp\/v2\/posts\/8694","targetHints":{"allow":["GET"]}}],"collection":[{"href":"https:\/\/rdnews.al\/index.php\/wp-json\/wp\/v2\/posts"}],"about":[{"href":"https:\/\/rdnews.al\/index.php\/wp-json\/wp\/v2\/types\/post"}],"author":[{"embeddable":true,"href":"https:\/\/rdnews.al\/index.php\/wp-json\/wp\/v2\/users\/5"}],"replies":[{"embeddable":true,"href":"https:\/\/rdnews.al\/index.php\/wp-json\/wp\/v2\/comments?post=8694"}],"version-history":[{"count":0,"href":"https:\/\/rdnews.al\/index.php\/wp-json\/wp\/v2\/posts\/8694\/revisions"}],"wp:featuredmedia":[{"embeddable":true,"href":"https:\/\/rdnews.al\/index.php\/wp-json\/wp\/v2\/media\/8695"}],"wp:attachment":[{"href":"https:\/\/rdnews.al\/index.php\/wp-json\/wp\/v2\/media?parent=8694"}],"wp:term":[{"taxonomy":"category","embeddable":true,"href":"https:\/\/rdnews.al\/index.php\/wp-json\/wp\/v2\/categories?post=8694"},{"taxonomy":"post_tag","embeddable":true,"href":"https:\/\/rdnews.al\/index.php\/wp-json\/wp\/v2\/tags?post=8694"}],"curies":[{"name":"wp","href":"https:\/\/api.w.org\/{rel}","templated":true}]}}