{"id":86949,"date":"2024-08-16T19:25:28","date_gmt":"2024-08-16T19:25:28","guid":{"rendered":"https:\/\/rdnews.al\/?p=86949"},"modified":"2024-08-16T19:25:28","modified_gmt":"2024-08-16T19:25:28","slug":"ku-do-te-perfundojne-140-konteniere-me-mbetje-toksike-berisha-rames-pse-nuk-flet-o-kriminel","status":"publish","type":"post","link":"https:\/\/rdnews.al\/index.php\/2024\/08\/16\/ku-do-te-perfundojne-140-konteniere-me-mbetje-toksike-berisha-rames-pse-nuk-flet-o-kriminel\/","title":{"rendered":"Ku do t\u00eb p\u00ebrfundojn\u00eb 140 kontenier\u00eb me mbetje toksike? Berisha-Ram\u00ebs: Pse nuk flet o kriminel!"},"content":{"rendered":"<p><strong>Kryetari i PD, Sali Berisha ka denoncuar sot s\u00ebrish skandalin me mbetjet toksike. Jan\u00eb 140 kontenier\u00eb q\u00eb jan\u00eb drejt mb\u00ebrritjes n\u00eb Shqip\u00ebri.<\/strong><\/p>\n<p><strong>Deklarata e Berish\u00ebs<\/strong><\/p>\n<p>Miq, p\u00ebrs\u00ebri do t\u00eb kthehem tek anijet fantazm\u00eb me helme q\u00eb u larguan nga Shqip\u00ebria dhe q\u00eb tani enden n\u00eb detra se askush nuk i pret dhe Shqip\u00ebria, vendi q\u00eb i nisi hesht si varr, hesht si fija e barit.<\/p>\n<p>Kjo heshtje fsheh krime miqt\u00eb e mi.<\/p>\n<p>Kjo heshtje e qeveris\u00eb s\u00eb drog\u00ebs dhe krimit t\u00eb Edi Ram\u00ebs, fsheh krime monstruoze mbi shqiptar\u00ebt.<\/p>\n<p>Kjo heshtje e akuzon Edi Ram\u00eb se ky \u00ebsht\u00eb direkt biznes i tij. Se ky \u00ebsht\u00eb biznes me helmet, me sh\u00ebndetin dhe jet\u00ebn e shqiptar\u00ebve.<\/p>\n<p>A nuk je ti, a nuk je ti q\u00eb p\u00ebr karrigen t\u00ebnde more p\u00ebrsip\u00ebr t\u00eb shkat\u00ebrrohen n\u00eb Shqip\u00ebri arm\u00ebt e Asadit, akt me t\u00eb cilin tregove se je i aft\u00eb t\u00eb marr\u00ebsh \u00e7do vendim, t\u00eb shkat\u00ebrrosh \u00e7do jet\u00eb n\u00eb k\u00ebt\u00eb vend, vet\u00ebm e vet\u00ebm p\u00ebr karrigen t\u00ebnde, p\u00ebr pasurimin t\u00ebnd.<\/p>\n<p>Tani pse nuk flet o kriminel. Pse nuk flet? \u00c7far\u00eb jan\u00eb anijet dhe mbetjet e rrezikshme.<\/p>\n","protected":false},"excerpt":{"rendered":"<p>Kryetari i PD, Sali Berisha ka denoncuar sot s\u00ebrish skandalin me mbetjet toksike. Jan\u00eb 140 kontenier\u00eb q\u00eb jan\u00eb drejt mb\u00ebrritjes n\u00eb Shqip\u00ebri. Deklarata e Berish\u00ebs Miq, p\u00ebrs\u00ebri do t\u00eb kthehem tek anijet fantazm\u00eb me helme q\u00eb u larguan nga Shqip\u00ebria dhe q\u00eb tani enden n\u00eb detra se askush nuk i pret dhe Shqip\u00ebria, vendi q\u00eb &hellip;<\/p>\n","protected":false},"author":3,"featured_media":86882,"comment_status":"closed","ping_status":"closed","sticky":false,"template":"","format":"standard","meta":{"footnotes":""},"categories":[37],"tags":[],"class_list":["post-86949","post","type-post","status-publish","format-standard","has-post-thumbnail","","category-politike"],"_links":{"self":[{"href":"https:\/\/rdnews.al\/index.php\/wp-json\/wp\/v2\/posts\/86949","targetHints":{"allow":["GET"]}}],"collection":[{"href":"https:\/\/rdnews.al\/index.php\/wp-json\/wp\/v2\/posts"}],"about":[{"href":"https:\/\/rdnews.al\/index.php\/wp-json\/wp\/v2\/types\/post"}],"author":[{"embeddable":true,"href":"https:\/\/rdnews.al\/index.php\/wp-json\/wp\/v2\/users\/3"}],"replies":[{"embeddable":true,"href":"https:\/\/rdnews.al\/index.php\/wp-json\/wp\/v2\/comments?post=86949"}],"version-history":[{"count":0,"href":"https:\/\/rdnews.al\/index.php\/wp-json\/wp\/v2\/posts\/86949\/revisions"}],"wp:featuredmedia":[{"embeddable":true,"href":"https:\/\/rdnews.al\/index.php\/wp-json\/wp\/v2\/media\/86882"}],"wp:attachment":[{"href":"https:\/\/rdnews.al\/index.php\/wp-json\/wp\/v2\/media?parent=86949"}],"wp:term":[{"taxonomy":"category","embeddable":true,"href":"https:\/\/rdnews.al\/index.php\/wp-json\/wp\/v2\/categories?post=86949"},{"taxonomy":"post_tag","embeddable":true,"href":"https:\/\/rdnews.al\/index.php\/wp-json\/wp\/v2\/tags?post=86949"}],"curies":[{"name":"wp","href":"https:\/\/api.w.org\/{rel}","templated":true}]}}