{"id":86951,"date":"2024-08-16T21:52:17","date_gmt":"2024-08-16T21:52:17","guid":{"rendered":"https:\/\/rdnews.al\/?p=86951"},"modified":"2024-08-16T21:54:21","modified_gmt":"2024-08-16T21:54:21","slug":"hetimi-i-antimafias-italiane-tre-episodet-e-kreut-te-organizates-kriminale-tonin-marinaj","status":"publish","type":"post","link":"https:\/\/rdnews.al\/index.php\/2024\/08\/16\/hetimi-i-antimafias-italiane-tre-episodet-e-kreut-te-organizates-kriminale-tonin-marinaj\/","title":{"rendered":"Hetimi i Antimafias italiane: Tre episode t\u00eb kreut t\u00eb organizat\u00ebs kriminale, sot kryebashkiak"},"content":{"rendered":"<p>Hetimi i Antimafias italiane jep t\u00eb plot\u00eb skem\u00ebn e trafikut t\u00eb drog\u00ebs nga kreu i organizat\u00ebs kriminale, Tonin Marinaj, q\u00eb me bekimin e Ram\u00ebs sot drejton Bashkin\u00eb e Mal\u00ebsis\u00eb s\u00eb Madhe.<\/p>\n<p>Pjesa e dyt\u00eb nga raporti i Antimafias italiane<\/p>\n<p>2. Sipas informacioneve, p\u00ebrshkruhen n\u00eb detaje episodet e trafikut t\u00eb drog\u00ebs s\u00eb llojit marihuan\u00eb, si dhe bashk\u00ebpun\u00ebtor\u00ebt p\u00ebr kryerjen e k\u00ebsaj veprimtarie, konkretisht: (i) Episodi i par\u00eb: Kreu i organizat\u00ebs kriminale Tonin Marinaj organizonte dhe drejtonte. importimi n\u00eb territorin italian dhe shp\u00ebrndarja p\u00ebr an\u00ebtar\u00ebt e 50 kilogram\u00ebve marijuan\u00eb n\u00eb Firence, m\u00eb 29.05.2010; (ii) Episodi i dyt\u00eb: Kreu i organizat\u00ebs, Tonin Marinaj, organizoi dhe drejtoi importimin n\u00eb territorin italian dhe shp\u00ebrndarjen tek an\u00ebtar\u00ebt p\u00ebr shitjen e jo m\u00eb pak se 75 kilogram\u00eb marijuan\u00eb, n\u00eb Firence, m\u00eb 14.06.2010; (iii) Episodi i tret\u00eb: Kreu i organizat\u00ebs Tonin Marinaj organizoi dhe drejtoi importimin n\u00eb territorin italian dhe shp\u00ebrndarjen tek an\u00ebtar\u00ebt e 42 kilogram\u00ebve marijuan\u00eb, pjes\u00eb e nj\u00eb sasie prej 388 kilogram\u00ebsh marijuan\u00eb t\u00eb depozituar n\u00eb Firence, Firence, m\u00eb dat\u00eb 23.07. 2010. .9 . Gjat\u00eb kontrollit t\u00eb kryer nga Policia, n\u00eb k\u00ebt\u00eb magazin\u00eb u gjet edhe nj\u00eb pistolet\u00eb e kalibrit 100 mm dhe 100 gram\u00eb kokain\u00eb.<\/p>\n<p>Vijon\u2026<\/p>\n<p>&nbsp;<\/p>\n","protected":false},"excerpt":{"rendered":"<p>Hetimi i Antimafias italiane jep t\u00eb plot\u00eb skem\u00ebn e trafikut t\u00eb drog\u00ebs nga kreu i organizat\u00ebs kriminale, Tonin Marinaj, q\u00eb me bekimin e Ram\u00ebs sot drejton Bashkin\u00eb e Mal\u00ebsis\u00eb s\u00eb Madhe. Pjesa e dyt\u00eb nga raporti i Antimafias italiane 2. Sipas informacioneve, p\u00ebrshkruhen n\u00eb detaje episodet e trafikut t\u00eb drog\u00ebs s\u00eb llojit marihuan\u00eb, si dhe &hellip;<\/p>\n","protected":false},"author":3,"featured_media":86952,"comment_status":"closed","ping_status":"closed","sticky":false,"template":"","format":"standard","meta":{"footnotes":""},"categories":[37],"tags":[],"class_list":["post-86951","post","type-post","status-publish","format-standard","has-post-thumbnail","","category-politike"],"_links":{"self":[{"href":"https:\/\/rdnews.al\/index.php\/wp-json\/wp\/v2\/posts\/86951","targetHints":{"allow":["GET"]}}],"collection":[{"href":"https:\/\/rdnews.al\/index.php\/wp-json\/wp\/v2\/posts"}],"about":[{"href":"https:\/\/rdnews.al\/index.php\/wp-json\/wp\/v2\/types\/post"}],"author":[{"embeddable":true,"href":"https:\/\/rdnews.al\/index.php\/wp-json\/wp\/v2\/users\/3"}],"replies":[{"embeddable":true,"href":"https:\/\/rdnews.al\/index.php\/wp-json\/wp\/v2\/comments?post=86951"}],"version-history":[{"count":0,"href":"https:\/\/rdnews.al\/index.php\/wp-json\/wp\/v2\/posts\/86951\/revisions"}],"wp:featuredmedia":[{"embeddable":true,"href":"https:\/\/rdnews.al\/index.php\/wp-json\/wp\/v2\/media\/86952"}],"wp:attachment":[{"href":"https:\/\/rdnews.al\/index.php\/wp-json\/wp\/v2\/media?parent=86951"}],"wp:term":[{"taxonomy":"category","embeddable":true,"href":"https:\/\/rdnews.al\/index.php\/wp-json\/wp\/v2\/categories?post=86951"},{"taxonomy":"post_tag","embeddable":true,"href":"https:\/\/rdnews.al\/index.php\/wp-json\/wp\/v2\/tags?post=86951"}],"curies":[{"name":"wp","href":"https:\/\/api.w.org\/{rel}","templated":true}]}}