{"id":86956,"date":"2024-08-18T09:16:37","date_gmt":"2024-08-18T09:16:37","guid":{"rendered":"https:\/\/rdnews.al\/?p=86956"},"modified":"2024-08-18T09:16:37","modified_gmt":"2024-08-18T09:16:37","slug":"arratisen-nga-spitali-psikiatrik-njeri","status":"publish","type":"post","link":"https:\/\/rdnews.al\/index.php\/2024\/08\/18\/arratisen-nga-spitali-psikiatrik-njeri\/","title":{"rendered":"Arratisen nga spitali psikiatrik, nj\u00ebri&#8230;"},"content":{"rendered":"<p>Kat\u00ebr t\u00eb d\u00ebnuar jan\u00eb arratisur nga nj\u00eb institucion mjek\u00ebsor n\u00eb Gjermani, ku trajtohen t\u00eb burgosurit me probleme psikologjike apo var\u00ebsie.<\/p>\n<p>Sipas mediave gjermane, ata jan\u00eb arratisur t\u00eb shtun\u00ebn n\u00eb mbr\u00ebmje pak pas or\u00ebs 21:00 me or\u00ebn lokale. Kat\u00ebr pacient\u00ebt e spitalit psikiatrik BKH Lerchenhaid dyshohet se kan\u00eb k\u00ebrc\u00ebnuar fillimisht me thik\u00eb nj\u00eb punonj\u00ebs t\u00eb klinik\u00ebs dhe m\u00eb pas jan\u00eb arratisur drejt Alburgut. Policia ka b\u00ebr\u00eb edhe nj\u00eb p\u00ebrshkrim p\u00ebr 4 t\u00eb arratisurit.<\/p>\n<p><img decoding=\"async\" src=\"https:\/\/www.syri.net\/uploads\/syri.net\/images\/2024\/August\/18\/auto_zeqi1723968255.jpeg\" alt=\"Image\" \/><\/p>\n<p>-Zeqir Beqiri, shqiptar nga Kosova<\/p>\n<p>27 vje\u00e7, p\u00ebraf\u00ebrsisht 70 kg, p\u00ebraf\u00ebrsisht 185 cm, shtat normal, flok\u00eb t\u00eb gjat\u00eb bjonde\/kafe t\u00eb lidhura n\u00eb bisht, mjek\u00ebr t\u00eb plot\u00eb.<\/p>\n<p>Sipas informacioneve, Zeqir Beqiri thuhet se ka veshur nj\u00eb bluz\u00eb t\u00eb zez\u00eb dhe pantallona t\u00eb zeza.<\/p>\n<p>-Denis Eler, boshnjak<\/p>\n<p>31 vje\u00e7, p\u00ebraf\u00ebrsisht 88 kg, p\u00ebraf\u00ebrsisht 178 cm, nd\u00ebrtim muskulor\/i holl\u00eb, shenj\u00eb n\u00eb vetull\u00ebn e djatht\u00eb, flok\u00eb t\u00eb zeza, me gjas\u00eb t\u00eb l\u00ebmuar, mjek\u00ebr t\u00eb zez\u00eb (t\u00eb plot\u00eb).<\/p>\n<p>Tatuazhet: parakrahu i majt\u00eb, dora e djatht\u00eb, veshi i majt\u00eb<\/p>\n<p>Sipas informacioneve, Denis Eler thuhet se ka veshur nj\u00eb bluz\u00eb t\u00eb zez\u00eb dhe pantallona t\u00eb shkurtra t\u00eb zeza.<\/p>\n<p>-Moritz K\u00fchlborn, gjerman<\/p>\n<p>28 vje\u00e7, 85 kg, p\u00ebraf\u00ebrsisht 186 cm i gjat\u00eb, sportiv, nd\u00ebrtim i holl\u00eb, flok\u00eb t\u00eb rruar (tullac).<\/p>\n<p>Tatuazhe n\u00eb t\u00eb dy krah\u00ebt\/duart dhe vi\u00e7in e majt\u00eb<\/p>\n<p>Sipas informacioneve, Moritz K\u00fchlborn thuhet se ka veshur nj\u00eb bluz\u00eb t\u00eb bardh\u00eb dhe pantallona t\u00eb zeza, t\u00eb gjata sportive.<\/p>\n<p>-Angelo Jirimias , gjerman<\/p>\n<p>28 vje\u00e7, p\u00ebraf\u00ebrsisht 65 kg, rreth 180 cm, nd\u00ebrtim i holl\u00eb, flok\u00eb t\u00eb shkurt\u00ebr (t\u00eb err\u00ebt).<\/p>\n<p>Tatuazhet: parakrahu djathtas, krahu i sip\u00ebrm majtas, k\u00ebmba majtas dhe djathtas<\/p>\n<p>Sipas informacioneve, Angelo Jirimias thuhet se ka veshur nj\u00eb xhaket\u00eb sportive me nj\u00eb kapu\u00e7 n\u00eb gri (xhaket\u00eb me kapu\u00e7) dhe atlete.<\/p>\n","protected":false},"excerpt":{"rendered":"<p>Kat\u00ebr t\u00eb d\u00ebnuar jan\u00eb arratisur nga nj\u00eb institucion mjek\u00ebsor n\u00eb Gjermani, ku trajtohen t\u00eb burgosurit me probleme psikologjike apo var\u00ebsie. Sipas mediave gjermane, ata jan\u00eb arratisur t\u00eb shtun\u00ebn n\u00eb mbr\u00ebmje pak pas or\u00ebs 21:00 me or\u00ebn lokale. Kat\u00ebr pacient\u00ebt e spitalit psikiatrik BKH Lerchenhaid dyshohet se kan\u00eb k\u00ebrc\u00ebnuar fillimisht me thik\u00eb nj\u00eb punonj\u00ebs t\u00eb klinik\u00ebs &hellip;<\/p>\n","protected":false},"author":3,"featured_media":86957,"comment_status":"closed","ping_status":"closed","sticky":false,"template":"","format":"standard","meta":{"footnotes":""},"categories":[38],"tags":[],"class_list":["post-86956","post","type-post","status-publish","format-standard","has-post-thumbnail","","category-bota"],"_links":{"self":[{"href":"https:\/\/rdnews.al\/index.php\/wp-json\/wp\/v2\/posts\/86956","targetHints":{"allow":["GET"]}}],"collection":[{"href":"https:\/\/rdnews.al\/index.php\/wp-json\/wp\/v2\/posts"}],"about":[{"href":"https:\/\/rdnews.al\/index.php\/wp-json\/wp\/v2\/types\/post"}],"author":[{"embeddable":true,"href":"https:\/\/rdnews.al\/index.php\/wp-json\/wp\/v2\/users\/3"}],"replies":[{"embeddable":true,"href":"https:\/\/rdnews.al\/index.php\/wp-json\/wp\/v2\/comments?post=86956"}],"version-history":[{"count":0,"href":"https:\/\/rdnews.al\/index.php\/wp-json\/wp\/v2\/posts\/86956\/revisions"}],"wp:featuredmedia":[{"embeddable":true,"href":"https:\/\/rdnews.al\/index.php\/wp-json\/wp\/v2\/media\/86957"}],"wp:attachment":[{"href":"https:\/\/rdnews.al\/index.php\/wp-json\/wp\/v2\/media?parent=86956"}],"wp:term":[{"taxonomy":"category","embeddable":true,"href":"https:\/\/rdnews.al\/index.php\/wp-json\/wp\/v2\/categories?post=86956"},{"taxonomy":"post_tag","embeddable":true,"href":"https:\/\/rdnews.al\/index.php\/wp-json\/wp\/v2\/tags?post=86956"}],"curies":[{"name":"wp","href":"https:\/\/api.w.org\/{rel}","templated":true}]}}