{"id":86964,"date":"2024-08-18T09:34:43","date_gmt":"2024-08-18T09:34:43","guid":{"rendered":"https:\/\/rdnews.al\/?p=86964"},"modified":"2024-08-18T16:25:15","modified_gmt":"2024-08-18T16:25:15","slug":"prokurori-i-antimafias-monferini-si-kryebashkiaku-i-rames-themeloi-dhe-drejtoi-organizaten-kriminale","status":"publish","type":"post","link":"https:\/\/rdnews.al\/index.php\/2024\/08\/18\/prokurori-i-antimafias-monferini-si-kryebashkiaku-i-rames-themeloi-dhe-drejtoi-organizaten-kriminale\/","title":{"rendered":"Prokurori i Antimafias, Monferini: Si kryebashkiaku i Ram\u00ebs themeloi dhe drejtoi organizat\u00ebn kriminale"},"content":{"rendered":"<p style=\"text-align: left;\"><strong>Themelues dhe m\u00eb pas drejtus i organizat\u00ebs kriminale q\u00eb trafikonte drog\u00eb nga Shqip\u00ebria n\u00eb Itali vet\u00ebm disa vite m\u00eb par\u00eb. Kaq ka mjaftuar p\u00ebr Ram\u00ebn q\u00eb ta p\u00ebrzgjedh\u00eb si njeriun e duhur p\u00ebr t\u00eb drejtuar Mal\u00ebsin\u00eb e Madhe duke e b\u00ebr\u00eb at\u00eb deputet p\u00ebrmes akteve t\u00eb terrorit n\u00eb k\u00ebt\u00eb zon\u00eb, p\u00ebrfshi hedhjen n\u00eb er\u00eb t\u00eb makin\u00ebs s\u00eb Kryetarit t\u00eb PD.<\/strong><\/p>\n<p><strong>Kjo \u00ebsht\u00eb organizata kriminale q\u00eb sot drejton vendin. PD ka k\u00ebrkuar verfikim p\u00ebr k\u00ebt\u00eb drejtues t\u00eb organizat\u00ebs kriminale, por KQZ \u00ebsht\u00eb nj\u00eb tjet\u00ebr institucion q\u00eb \u00ebsht\u00eb i kapur nga vet\u00eb kjo organizat\u00eb.<\/strong><\/p>\n<p>1. M\u00eb 5 qershor 2015, Drejtoria Rajonale Antimafia e Prokuroris\u00eb Publike, pran\u00eb Gjykat\u00ebs s\u00eb Firences, e p\u00ebrfaq\u00ebsuar nga prokurori publik Dr. Giulio Monferini njoftoi mbylljen e hetimeve paraprake ndaj t\u00eb dyshuarve, nga ku rezulton se shtetasi Tonin Marinaj, lindur n\u00eb Shqip\u00ebri mban rolin e themeluesit, nxit\u00ebsit dhe drejtuesit t\u00eb nj\u00eb organizate kriminale t\u00eb p\u00ebrb\u00ebr\u00eb nga m\u00eb shum\u00eb se dhjet\u00eb. an\u00ebtar\u00eb, me karakteristika transnacionale, me baz\u00eb operacionale n\u00eb Shqip\u00ebri dhe Itali, angazhoheshin n\u00eb m\u00ebnyr\u00eb sistematike, profesionale dhe t\u00eb vazhdueshme n\u00eb eksportimin drejt territorit italian t\u00eb sasive t\u00eb m\u00ebdha t\u00eb marijuan\u00ebs t\u00eb destinuara p\u00ebr shp\u00ebrndarje me pakic\u00eb nga an\u00ebtar\u00eb t\u00eb organizat\u00ebs kriminale. Hetimet u kryen n\u00eb kuad\u00ebr t\u00eb procedimit penal nr. 1615\/2010, n. 14109\/2010 dhe n. 15892\/2011 t\u00eb Prokuroris\u00eb Antimafia t\u00eb Firences.<\/p>\n<p>2. Sipas informacioneve, p\u00ebrshkruhen n\u00eb detaje episodet e trafikut t\u00eb drog\u00ebs s\u00eb llojit marihuan\u00eb, si dhe bashk\u00ebpun\u00ebtor\u00ebt p\u00ebr kryerjen e k\u00ebsaj veprimtarie, konkretisht: (i) Episodi i par\u00eb: Kreu i organizat\u00ebs kriminale Tonin Marinaj organizonte dhe drejtonte. importimi n\u00eb territorin italian dhe shp\u00ebrndarja p\u00ebr an\u00ebtar\u00ebt e 50 kilogram\u00ebve marijuan\u00eb n\u00eb Firence, m\u00eb 29.05.2010; (ii) Episodi i dyt\u00eb: Kreu i organizat\u00ebs, Tonin Marinaj, organizoi dhe drejtoi importimin n\u00eb territorin italian dhe shp\u00ebrndarjen tek an\u00ebtar\u00ebt p\u00ebr shitjen e jo m\u00eb pak se 75 kilogram\u00eb marijuan\u00eb, n\u00eb Firence, m\u00eb 14.06.2010; (iii) Episodi i tret\u00eb: Kreu i organizat\u00ebs Tonin Marinaj organizoi dhe drejtoi importimin n\u00eb territorin italian dhe shp\u00ebrndarjen tek an\u00ebtar\u00ebt e 42 kilogram\u00ebve marijuan\u00eb, pjes\u00eb e nj\u00eb sasie prej 388 kilogram\u00ebsh marijuan\u00eb t\u00eb depozituar n\u00eb Firence, Firence, m\u00eb dat\u00eb 23.07. 2010. .9 . Gjat\u00eb kontrollit t\u00eb kryer nga Policia, n\u00eb k\u00ebt\u00eb magazin\u00eb u gjet edhe nj\u00eb pistolet\u00eb e kalibrit 100 mm dhe 100 gram\u00eb kokain\u00eb.<\/p>\n<p>3. M\u00eb 29 mars 2016, prokurori publik Giulio Monferini ka paraqitur k\u00ebrkes\u00ebn p\u00ebr gjykim n\u00eb procedur\u00ebn penale n\u00eb Gjykat\u00ebn e Firences. 1615.10 RGNR mod.21 ndaj disa shtetasve, mes t\u00eb cil\u00ebve edhe shtetasi Tonin Marinaj. P\u00ebrmbajtja e k\u00ebtij akti paraqet tre episodet e sip\u00ebrp\u00ebrmendura, si dhe p\u00ebrshkruan provat mbi t\u00eb cilat bazohen akuzat, t\u00eb cilat kan\u00eb t\u00eb b\u00ebjn\u00eb kryesisht me p\u00ebrgjimet e numrave dhe pajisjeve t\u00eb p\u00ebrdorura nga an\u00ebtar\u00eb t\u00eb organizat\u00ebs kriminale, t\u00eb dyshuar se drejtoheshin nga shtetasi Tonin Marine. . M\u00eb dat\u00eb 12 maj 2016, Zyra e Hetimeve Paraprake, pran\u00eb Gjykat\u00ebs s\u00eb Firences, p\u00ebrpara gjyqtarit Angelo Antonio Pezzuti, pasi shqyrtoi k\u00ebrkes\u00ebn p\u00ebr d\u00ebrgim n\u00eb gjyq dhe provat ndaj t\u00eb akuzuarve, ku raportohet s\u00ebrish se Tonin Marinaj \u00ebsht\u00eb drejtues, organizatori dhe nxit\u00ebsi i nj\u00eb organizate kriminale t\u00eb dedikuar p\u00ebr trafikimin e drogave t\u00eb llojit marihuan\u00eb, vendosi t\u00eb caktoj\u00eb seanc\u00ebn paraprake n\u00eb qendr\u00ebn e k\u00ebshillimit n\u00eb dat\u00ebn 13 tetor 2016.<\/p>\n","protected":false},"excerpt":{"rendered":"<p>Themelues dhe m\u00eb pas drejtus i organizat\u00ebs kriminale q\u00eb trafikonte drog\u00eb nga Shqip\u00ebria n\u00eb Itali vet\u00ebm disa vite m\u00eb par\u00eb. Kaq ka mjaftuar p\u00ebr Ram\u00ebn q\u00eb ta p\u00ebrzgjedh\u00eb si njeriun e duhur p\u00ebr t\u00eb drejtuar Mal\u00ebsin\u00eb e Madhe duke e b\u00ebr\u00eb at\u00eb deputet p\u00ebrmes akteve t\u00eb terrorit n\u00eb k\u00ebt\u00eb zon\u00eb, p\u00ebrfshi hedhjen n\u00eb er\u00eb t\u00eb &hellip;<\/p>\n","protected":false},"author":3,"featured_media":86965,"comment_status":"closed","ping_status":"closed","sticky":false,"template":"","format":"standard","meta":{"footnotes":""},"categories":[40],"tags":[],"class_list":["post-86964","post","type-post","status-publish","format-standard","has-post-thumbnail","","category-aktualitet"],"_links":{"self":[{"href":"https:\/\/rdnews.al\/index.php\/wp-json\/wp\/v2\/posts\/86964","targetHints":{"allow":["GET"]}}],"collection":[{"href":"https:\/\/rdnews.al\/index.php\/wp-json\/wp\/v2\/posts"}],"about":[{"href":"https:\/\/rdnews.al\/index.php\/wp-json\/wp\/v2\/types\/post"}],"author":[{"embeddable":true,"href":"https:\/\/rdnews.al\/index.php\/wp-json\/wp\/v2\/users\/3"}],"replies":[{"embeddable":true,"href":"https:\/\/rdnews.al\/index.php\/wp-json\/wp\/v2\/comments?post=86964"}],"version-history":[{"count":0,"href":"https:\/\/rdnews.al\/index.php\/wp-json\/wp\/v2\/posts\/86964\/revisions"}],"wp:featuredmedia":[{"embeddable":true,"href":"https:\/\/rdnews.al\/index.php\/wp-json\/wp\/v2\/media\/86965"}],"wp:attachment":[{"href":"https:\/\/rdnews.al\/index.php\/wp-json\/wp\/v2\/media?parent=86964"}],"wp:term":[{"taxonomy":"category","embeddable":true,"href":"https:\/\/rdnews.al\/index.php\/wp-json\/wp\/v2\/categories?post=86964"},{"taxonomy":"post_tag","embeddable":true,"href":"https:\/\/rdnews.al\/index.php\/wp-json\/wp\/v2\/tags?post=86964"}],"curies":[{"name":"wp","href":"https:\/\/api.w.org\/{rel}","templated":true}]}}