{"id":86972,"date":"2024-08-18T10:31:43","date_gmt":"2024-08-18T10:31:43","guid":{"rendered":"https:\/\/rdnews.al\/?p=86972"},"modified":"2024-08-18T10:32:15","modified_gmt":"2024-08-18T10:32:15","slug":"venezuela-ne-protesta-masive-pas-manpulimit-te-zgjedhjeve-nga-maduro","status":"publish","type":"post","link":"https:\/\/rdnews.al\/index.php\/2024\/08\/18\/venezuela-ne-protesta-masive-pas-manpulimit-te-zgjedhjeve-nga-maduro\/","title":{"rendered":"Venezuela n\u00eb protesta masive pas manipulimit t\u00eb zgjedhjeve nga Maduro"},"content":{"rendered":"<p><strong>Forcat venezueliane t\u00eb siguris\u00eb kan\u00eb arrestuar mij\u00ebra njer\u00ebz n\u00eb vazhd\u00ebn e protestave masive t\u00eb jav\u00ebs s\u00eb kaluar nga kund\u00ebrshtar\u00ebt e presidentit Nicolas Maduro, t\u00eb cil\u00ebt thon\u00eb se ai manipuloi zgjedhjet e 28 korrikut. Si\u00e7 njofton korrespondentja Yan Boechat nga Karakasi, masat e fundit shtyp\u00ebse kishin n\u00eb sh\u00ebnjest\u00ebr m\u00eb t\u00eb varfrit e Venezuel\u00ebs, t\u00eb cil\u00ebt deri m\u00eb tani kan\u00eb qen\u00eb baza kryesore e mb\u00ebshtetjes p\u00ebr zotin Maduro.<\/strong><\/p>\n<p>P\u00ebr her\u00eb t\u00eb par\u00eb n\u00eb 25 vjet banor\u00ebt q\u00eb jetojn\u00eb n\u00eb lagjet e varfra t\u00eb kryeqytetit t\u00eb Venezuel\u00ebs dol\u00ebn n\u00eb rrug\u00eb p\u00ebr t\u00eb protestuar kund\u00ebr \u201cChavismos\u201d, ideologjis\u00eb s\u00eb qeverive t\u00eb majta q\u00eb kan\u00eb drejtuar k\u00ebt\u00eb vend p\u00ebr dekada.<\/p>\n<p>Kjo e kapi n\u00eb befasi si qeverin\u00eb ashtu edhe opozit\u00ebn.<\/p>\n<p>M\u00eb pak se 24 or\u00eb pasi Nicol\u00e1s Maduro shpalli fitoren n\u00eb zgjedhje, banor\u00ebt e lagjeve m\u00eb t\u00eb varfra n\u00eb Karakas dol\u00ebn n\u00eb rrug\u00eb, nj\u00eb pjes\u00eb e tyre duke p\u00ebrplasur tenxheret dhe tigan\u00ebt, t\u00eb gjith\u00eb t\u00eb indinjuar nga zgjedhjet, q\u00eb opozita pretendon se u manipuluan.<\/p>\n<p>&#8220;Ne jemi mbledhur k\u00ebtu p\u00ebr shkak t\u00eb manipulimit t\u00eb zgjedhjeve dhe mashtrimit t\u00eb popullit t\u00eb Venezuel\u00ebs. Jemi t\u00eb lodhur nga shtypja n\u00eb k\u00ebt\u00eb vend kaq t\u00eb bukur dhe kaq t\u00eb mrekulluesh\u00ebm&#8221;, thot\u00eb protestuesi Jos\u00e9 Valdez.<\/p>\n<p>Turma e protestuesve eci drejt qendr\u00ebs s\u00eb qytetit. Ata vinin nga nj\u00eb grup lagjesh t\u00eb varfra n\u00eb Karakas, n\u00eb t\u00eb cilat jetojn\u00eb rreth 400,000 njer\u00ebz.<\/p>\n<p>Ata u ndaluan me dhun\u00eb nga forcat e siguris\u00eb.<\/p>\n<p>K\u00ebshtu filloi nj\u00eb jav\u00eb e shtypjes brutale, n\u00eb t\u00eb cil\u00ebn u vran\u00eb mbi 20 njer\u00ebz dhe u burgos\u00ebn rreth 2000 t\u00eb tjer\u00eb.<\/p>\n<p>Masat shtyp\u00ebse kishin n\u00eb sh\u00ebnjest\u00ebr segmentet m\u00eb t\u00eb varfra t\u00eb popullsis\u00eb, ata q\u00eb kan\u00eb qen\u00eb baza e mb\u00ebshtetjes p\u00ebr qeverit\u00eb e majta n\u00eb dy dekadat e fundit. Ky segment i popullsis\u00eb tani po b\u00ebn thirrje p\u00ebr ndryshime n\u00eb Venezuel\u00eb.<\/p>\n<p>Shum\u00eb prej tyre tani jan\u00eb t\u00eb zhdukur dhe familjet e tyre k\u00ebrkojn\u00eb p\u00ebrgjigje.<\/p>\n<p>\u201cM\u00eb kan\u00eb dh\u00ebn\u00eb shum\u00eb pak informacion se p\u00ebr \u00e7far\u00eb e akuzojn\u00eb. Pse nuk m\u00eb thon\u00eb asgj\u00eb p\u00ebr at\u00eb? Un\u00eb i pyes dhe ata ende nuk m\u00eb thon\u00eb asgj\u00eb p\u00ebr gjendjen e tij\u201d, thot\u00eb Hern\u00e1n Garc\u00eda, babai i nj\u00eb protestuesi t\u00eb arrestuar.<\/p>\n<p>Hern\u00e1n Garcia \u00ebsht\u00eb n\u00eb k\u00ebrkim t\u00eb djalit t\u00eb tij. N\u00eb dyert e qendrave t\u00eb paraburgimit n\u00eb Karakas, qindra njer\u00ebz si ai k\u00ebrkojn\u00eb informacion p\u00ebr t\u00eb af\u00ebrmit e tyre t\u00eb zhdukur. Pothuajse t\u00eb gjith\u00eb jan\u00eb banor\u00eb t\u00eb lagjeve t\u00eb varfra. Nuk kishte pothuajse asnj\u00eb nga opozita tradicionale n\u00eb Venezuel\u00eb, an\u00ebtar\u00ebt e s\u00eb cil\u00ebs zakonisht jan\u00eb nga klasa e mesme dhe t\u00eb arsimuar mir\u00eb.<\/p>\n<p>Forcat e Maduros po godasin popullsin\u00eb m\u00eb t\u00eb varf\u00ebr p\u00ebr t\u00eb parandaluar ngritjen n\u00eb protesta t\u00eb banor\u00ebve t\u00eb tjer\u00eb nga lagjet e varfra.<\/p>\n<p>Si qeveria ashtu edhe opozita pajtohen se vet\u00ebm komunitetet m\u00eb t\u00eb varfra mund t\u00eb jen\u00eb n\u00eb gjendje t\u00eb l\u00ebkundin qeverin\u00eb.<\/p>\n<p>Ata ishin m\u00eb besnik\u00ebt, deri jav\u00ebn e kaluar.<\/p>\n<p>P\u00ebrgjigja ka qen\u00eb e ashp\u00ebr ndaj atyre q\u00eb pat\u00ebn guximin t\u00eb protestonin n\u00eb bastionin e ideologjis\u00eb majtiste \u201cChavismo\u201d.<\/p>\n<p>\u201cNe e dim\u00eb se ata po paraqiten n\u00eb gjykatat e terrorizmit dhe ndaj tyre po ngrihen edhe akuzat p\u00ebr terroriz\u00ebm. Kjo \u00ebsht\u00eb nj\u00eb vep\u00ebr shum\u00eb e r\u00ebnd\u00eb, q\u00eb p\u00ebrfshin\u00eb d\u00ebnimin me 30 vjet burg. Me fjal\u00eb t\u00eb tjera, ky \u00ebsht\u00eb d\u00ebnimi maksimal q\u00eb kemi n\u00eb Venezuel\u00eb\u201d, thot\u00eb Stefania Migliorini nga organizata e mbrojtjes s\u00eb t\u00eb drejtave t\u00eb njeriut \u201cForo Penal\u201d.<\/p>\n<p>Nicolas Maduro \u00ebsht\u00eb zotuar se nuk do t\u2019i fal\u00eb dhe do t\u00eb jap\u00eb d\u00ebnime t\u00eb ashpra p\u00ebr ata q\u00eb i konsideron terrorist\u00eb.<\/p>\n<p>Nd\u00ebr d\u00ebnimet, sugjeron ai, do t\u00eb jet\u00eb puna e detyruar.<\/p>\n<p>N\u00eb t\u00eb kaluar\u00ebn, k\u00ebrc\u00ebnimet kan\u00eb funksionuar. Banor\u00ebt e lagjeve t\u00eb varfra nuk kan\u00eb marr\u00eb pjes\u00eb n\u00eb protestat e m\u00ebparshme t\u00eb opozit\u00ebs. N\u00eb at\u00eb koh\u00eb, protestuesit udh\u00ebhiqeshin nga klasa e mesme e Venezuel\u00ebs.<\/p>\n<p>Ngjarjet e jav\u00ebs s\u00eb kaluar tregojn\u00eb se linjat e betej\u00ebs p\u00ebr zotin Maduro po ndryshojn\u00eb.<\/p>\n","protected":false},"excerpt":{"rendered":"<p>Forcat venezueliane t\u00eb siguris\u00eb kan\u00eb arrestuar mij\u00ebra njer\u00ebz n\u00eb vazhd\u00ebn e protestave masive t\u00eb jav\u00ebs s\u00eb kaluar nga kund\u00ebrshtar\u00ebt e presidentit Nicolas Maduro, t\u00eb cil\u00ebt thon\u00eb se ai manipuloi zgjedhjet e 28 korrikut. Si\u00e7 njofton korrespondentja Yan Boechat nga Karakasi, masat e fundit shtyp\u00ebse kishin n\u00eb sh\u00ebnjest\u00ebr m\u00eb t\u00eb varfrit e Venezuel\u00ebs, t\u00eb cil\u00ebt deri &hellip;<\/p>\n","protected":false},"author":3,"featured_media":86973,"comment_status":"closed","ping_status":"closed","sticky":false,"template":"","format":"standard","meta":{"footnotes":""},"categories":[38],"tags":[],"class_list":["post-86972","post","type-post","status-publish","format-standard","has-post-thumbnail","","category-bota"],"_links":{"self":[{"href":"https:\/\/rdnews.al\/index.php\/wp-json\/wp\/v2\/posts\/86972","targetHints":{"allow":["GET"]}}],"collection":[{"href":"https:\/\/rdnews.al\/index.php\/wp-json\/wp\/v2\/posts"}],"about":[{"href":"https:\/\/rdnews.al\/index.php\/wp-json\/wp\/v2\/types\/post"}],"author":[{"embeddable":true,"href":"https:\/\/rdnews.al\/index.php\/wp-json\/wp\/v2\/users\/3"}],"replies":[{"embeddable":true,"href":"https:\/\/rdnews.al\/index.php\/wp-json\/wp\/v2\/comments?post=86972"}],"version-history":[{"count":0,"href":"https:\/\/rdnews.al\/index.php\/wp-json\/wp\/v2\/posts\/86972\/revisions"}],"wp:featuredmedia":[{"embeddable":true,"href":"https:\/\/rdnews.al\/index.php\/wp-json\/wp\/v2\/media\/86973"}],"wp:attachment":[{"href":"https:\/\/rdnews.al\/index.php\/wp-json\/wp\/v2\/media?parent=86972"}],"wp:term":[{"taxonomy":"category","embeddable":true,"href":"https:\/\/rdnews.al\/index.php\/wp-json\/wp\/v2\/categories?post=86972"},{"taxonomy":"post_tag","embeddable":true,"href":"https:\/\/rdnews.al\/index.php\/wp-json\/wp\/v2\/tags?post=86972"}],"curies":[{"name":"wp","href":"https:\/\/api.w.org\/{rel}","templated":true}]}}