{"id":86976,"date":"2024-08-18T10:38:03","date_gmt":"2024-08-18T10:38:03","guid":{"rendered":"https:\/\/rdnews.al\/?p=86976"},"modified":"2024-08-18T10:39:05","modified_gmt":"2024-08-18T10:39:05","slug":"ura-qe-e-mori-buna","status":"publish","type":"post","link":"https:\/\/rdnews.al\/index.php\/2024\/08\/18\/ura-qe-e-mori-buna\/","title":{"rendered":"Ura q\u00eb e mori Buna!"},"content":{"rendered":"<p><strong>Sali BERISHA<\/strong><\/p>\n<p>Ura q\u00eb e mori Buna! Mashtrim tjet\u00ebr i Edi Ram\u00ebs.<\/p>\n<p>T\u00eb dashur miq, Shqip\u00ebria sidomos Shkodra e deri n\u00eb Kruj\u00eb dhe Mali i Zi jan\u00eb vende komplentare turiz\u00ebm. N\u00eb k\u00ebt\u00eb kuad\u00ebr n\u00eb Janar t\u00eb vitit 2012 n\u00eb nj\u00eb vizit\u00eb zyrtare me qeverin\u00eb e Malit te Zi ram\u00eb dakord p\u00ebr nd\u00ebrtimin e Ur\u00ebs s\u00eb Bun\u00ebs q\u00eb do t\u00eb lidh\u00eb Ulqinin me Velipoj\u00ebn n\u00eb derdhje t\u00eb lumit midis Sh\u00ebn Nikoll\u00ebs n\u00eb an\u00ebn e Ulqinit dhe Pulaj n\u00eb Velipoj\u00eb dhe shkurton distanc\u00ebn midis k\u00ebtyre dy qyteteve me mbi 70 km. Rruga Sh\u00ebngjin Velipoj\u00eb kishte arritur deri n\u00eb Rrjoll dhe po vazhdonte k\u00ebshtu q\u00eb ura afronte Sh\u00ebngjinin me Ulqinin me rreth 110 km dhe krijohej k\u00ebshtu nj\u00eb ansamb\u00ebl turistik Ulqin-Velipoj\u00eb -Sh\u00ebngjin nga m\u00eb t\u00eb bukurit n\u00eb t\u00eb gjith\u00eb bregun Adriatik.<br \/>\nN\u00eb at\u00eb takim u ra dakord q\u00eb krahas nd\u00ebrtimit t\u00eb ur\u00ebs t\u00eb nisim pun\u00ebn p\u00ebr projektin p\u00ebr thellimit t\u00eb Bun\u00ebs si dhe nd\u00ebrtimin e Molit n\u00eb Shkod\u00ebr n\u00eb m\u00ebnyr\u00eb q\u00eb t\u00eb mund\u00ebsoheshin ture turistike Shkod\u00eb- Ulqin-Tivar. U ra dakord q\u00eb ura e re q\u00eb do nd\u00ebrtohej t\u00eb ishte me mekaniz\u00ebm hapje p\u00ebr anijet turistike nj\u00eblloj si ura q\u00eb u ndertua n\u00eb hyrje t\u00eb Shkodr\u00ebs. Me qeverin\u00eb e Malit t\u00eb Zi ram\u00eb dakord t\u00eb lobojm\u00eb s\u00eb bashku p\u00ebr projektin e thellimit t\u00eb Bun\u00ebn pran\u00eb BE dhe BB(1).Ne gjithashtu nis\u00ebm projektin e rindertimit t\u00eb rrug\u00ebs Shirok\u00eb-Zogaj. Me ardhjen e rilindjes \u00e7do gj\u00eb u p\u00ebrmbys natyrisht dhe ky projekt shum\u00eb i r\u00ebnd\u00ebsish\u00ebm p\u00ebr Shqip\u00ebrin\u00eb dhe Malin e Zi p\u00ebr Shkodr\u00ebn, Ulqinin Velipoj\u00ebn dhe Sh\u00ebngjinin u arkivua. Por n\u00eb qershor t\u00eb vitit 2021 duket se ish-kryeministri Abazovi\u00e7 propozoi vendosjen n\u00eb axhend\u00eb t\u00eb k\u00ebsaj vepre me leverdi t\u00eb madhe turistike. N\u00eb takimin e Ballkanit t\u00eb Hapur u firmos marr\u00ebveshja p\u00ebr ur\u00ebn e cila u paraqit n\u00eb 3D dhe u njoftua se punimiet do t\u00eb fillonin menj\u00ebher\u00eb dhe ura do t\u00eb p\u00ebrfundonte n\u00eb gusht t\u00eb vitit 2024, (2). Nj\u00eb portal q\u00eb verifikoi k\u00ebto dit\u00eb zbatimin e marr\u00ebveshjes (3)gjeti se ajo kishte mbetur n\u00eb leter. N\u00eb Velipoj\u00eb , derdhje t\u00eb Bun\u00ebs nuk ekzistonte asnj\u00eb gjurm\u00eb e saj. Gazetari pyeti aty nj\u00eb patronazhist n\u00ebse dinte gj\u00eb p\u00ebr fatin e saj. Rama e nd\u00ebrtoi ur\u00ebn, por at\u00eb e mori Buna u pergjigj ai.<\/p>\n<p>1-https:\/\/www.visit-ulcinj.com\/blog\/2012\/01\/28\/berisha-do-te-fillohet-menjehere-projekti-i-ures-qe-kalon-bunen-dhe-lidh-me-zonen-tjeter-te-ulqinit-foto\/<\/p>\n<p>2-Radio Evropa e Lir\u00eb<br \/>\nhttps:\/\/www.evropaelire.org \u203a ura-&#8230;<br \/>\nUra q\u00eb do t&#8217;i lidh\u00eb Malin e Zi dhe Shqip\u00ebrin\u00eb<\/p>\n<p>3-Ku ngeci projekti i Ur\u00ebs mbi Bun\u00eb? &#8211; Faktoje.al<br \/>\nhttps:\/\/search.app\/8VZiebYXHjjWhseo8<\/p>\n","protected":false},"excerpt":{"rendered":"<p>Sali BERISHA Ura q\u00eb e mori Buna! Mashtrim tjet\u00ebr i Edi Ram\u00ebs. T\u00eb dashur miq, Shqip\u00ebria sidomos Shkodra e deri n\u00eb Kruj\u00eb dhe Mali i Zi jan\u00eb vende komplentare turiz\u00ebm. N\u00eb k\u00ebt\u00eb kuad\u00ebr n\u00eb Janar t\u00eb vitit 2012 n\u00eb nj\u00eb vizit\u00eb zyrtare me qeverin\u00eb e Malit te Zi ram\u00eb dakord p\u00ebr nd\u00ebrtimin e Ur\u00ebs s\u00eb &hellip;<\/p>\n","protected":false},"author":3,"featured_media":86977,"comment_status":"closed","ping_status":"closed","sticky":false,"template":"","format":"standard","meta":{"footnotes":""},"categories":[44],"tags":[],"class_list":["post-86976","post","type-post","status-publish","format-standard","has-post-thumbnail","","category-editorial"],"_links":{"self":[{"href":"https:\/\/rdnews.al\/index.php\/wp-json\/wp\/v2\/posts\/86976","targetHints":{"allow":["GET"]}}],"collection":[{"href":"https:\/\/rdnews.al\/index.php\/wp-json\/wp\/v2\/posts"}],"about":[{"href":"https:\/\/rdnews.al\/index.php\/wp-json\/wp\/v2\/types\/post"}],"author":[{"embeddable":true,"href":"https:\/\/rdnews.al\/index.php\/wp-json\/wp\/v2\/users\/3"}],"replies":[{"embeddable":true,"href":"https:\/\/rdnews.al\/index.php\/wp-json\/wp\/v2\/comments?post=86976"}],"version-history":[{"count":0,"href":"https:\/\/rdnews.al\/index.php\/wp-json\/wp\/v2\/posts\/86976\/revisions"}],"wp:featuredmedia":[{"embeddable":true,"href":"https:\/\/rdnews.al\/index.php\/wp-json\/wp\/v2\/media\/86977"}],"wp:attachment":[{"href":"https:\/\/rdnews.al\/index.php\/wp-json\/wp\/v2\/media?parent=86976"}],"wp:term":[{"taxonomy":"category","embeddable":true,"href":"https:\/\/rdnews.al\/index.php\/wp-json\/wp\/v2\/categories?post=86976"},{"taxonomy":"post_tag","embeddable":true,"href":"https:\/\/rdnews.al\/index.php\/wp-json\/wp\/v2\/tags?post=86976"}],"curies":[{"name":"wp","href":"https:\/\/api.w.org\/{rel}","templated":true}]}}