{"id":86980,"date":"2024-08-18T10:54:44","date_gmt":"2024-08-18T10:54:44","guid":{"rendered":"https:\/\/rdnews.al\/?p=86980"},"modified":"2024-08-18T10:54:44","modified_gmt":"2024-08-18T10:54:44","slug":"a-qendrojne-shba-te-pas-protestave-ne-serbi","status":"publish","type":"post","link":"https:\/\/rdnews.al\/index.php\/2024\/08\/18\/a-qendrojne-shba-te-pas-protestave-ne-serbi\/","title":{"rendered":"A q\u00ebndrojn\u00eb SHBA-t\u00eb pas protestave n\u00eb Serbi?"},"content":{"rendered":"<p>Departamenti Amerikan i Shtetit njoftoi se \u00e7do pretendim se SHBA-ja po nd\u00ebrhyn n\u00eb protestat n\u00eb Serbi ose se mb\u00ebshtet l\u00ebvizjet protestuese t\u00eb drejtuara kund\u00ebr qeveris\u00eb serbe \u00ebsht\u00eb i rrem\u00eb, raporton Radio Evropa e Lir\u00eb (RSE).<\/p>\n<p><em>\u201cNuk na habit fakti q\u00eb Rusia, nga ana tjet\u00ebr, i instrumentalizoi protestat p\u00ebr t\u00eb arritur axhend\u00ebn e saj n\u00eb Serbi, si\u00e7 b\u00ebn n\u00eb t\u00eb gjith\u00eb bot\u00ebn\u201d,<\/em>\u00a0thuhet n\u00eb p\u00ebrgjigjen e Departamentit t\u00eb Shtetit p\u00ebr RSE-n\u00eb.<\/p>\n<p>Reagimi i SHBA-s\u00eb pasoi pasi p\u00ebrfaq\u00ebsuesit e autoriteteve n\u00eb Serbi akuzuan vendet per\u00ebndimore t\u00eb paidentifikuara se mb\u00ebshtesin protestat mjedisore kund\u00ebr minierave t\u00eb litiumit, ku u mblodh\u00ebn dhjet\u00ebra mij\u00ebra qytetar\u00eb jav\u00ebt e fundit.<\/p>\n<p>Akuza kund\u00ebr Per\u00ebndimit se q\u00ebndron pas protestave n\u00eb Serbi u d\u00ebrguan edhe nga Kremlini, me z\u00ebvend\u00ebskryeministrin serb Aleksandar Vulin, i cili fal\u00ebnderoi strukturat ruse t\u00eb siguris\u00eb n\u00eb Mosk\u00eb \u201c<em>p\u00ebr paralajm\u00ebrimin p\u00ebr p\u00ebrgatitjen e trazirave masive dhe nj\u00eb tentativ\u00eb grusht shteti. \u201c<\/em><\/p>\n<p><strong>Frika nga pasojat negative<\/strong><\/p>\n<p>Departamenti i Shtetit thot\u00eb gjithashtu se q\u00ebndrimi i SHBA-s\u00eb p\u00ebr Alexander Vulin \u00ebsht\u00eb \u201ci njohur\u201d. Ai ka qen\u00eb n\u00ebn sanksionet amerikane q\u00eb nga korriku i vitit 2023, nd\u00ebr t\u00eb tjera, p\u00ebr shkak t\u00eb lidhjeve t\u00eb tij me Kremlinin.<\/p>\n<p>Shkak i protestave masive t\u00eb fundit n\u00eb Serbi \u00ebsht\u00eb shpallja e hapjes s\u00eb minier\u00ebs s\u00eb litiumit nga kompania nd\u00ebrkomb\u00ebtare \u201cRio Tinto\u201d n\u00eb lugin\u00ebn e lumit Jadar n\u00eb per\u00ebndim t\u00eb vendit \u2013 nga frika e disa qytetar\u00ebve se projekti mund t\u00eb ket\u00eb pasoja negative p\u00ebr mjedisin.<\/p>\n<p>N\u00eb p\u00ebrgjigjen e tij p\u00ebr RSE, Departamenti i Shtetit vler\u00ebson se protesta paq\u00ebsore dhe e drejta e qytetar\u00ebve p\u00ebr t\u00eb demonstruar dhe folur lirsh\u00ebm jan\u00eb pjes\u00eb e r\u00ebnd\u00ebsishme e demokracis\u00eb.<\/p>\n<p><strong>Projekti i g\u00ebrmimit<\/strong><\/p>\n<p>Ata kujtojn\u00eb gjithashtu q\u00ebndrimin e zyrtar\u00ebve amerikan\u00eb se\u00a0<em>\u201ci takon popullit serb dhe lider\u00ebve t\u00eb tij t\u00eb zgjedhur\u201d<\/em>\u00a0t\u00eb vendosin se \u00e7far\u00eb t\u00eb b\u00ebjn\u00eb m\u00eb pas me burimet e litiumit.<\/p>\n<p><em>\u201cNe besojm\u00eb se kjo i ofron Serbis\u00eb nj\u00eb mund\u00ebsi t\u00eb jasht\u00ebzakonshme, me kusht q\u00eb t\u00eb respektohen standardet mjedisore dhe praktikat m\u00eb t\u00eb mira bot\u00ebrore. Ky \u00ebsht\u00eb nj\u00eb vendim q\u00eb duhet ta marr\u00eb Serbia\u201d,\u00a0<\/em>p\u00ebrfundon Departamenti i Shtetit.<\/p>\n<p>Projekti i minier\u00ebs s\u00eb litiumit n\u00eb Serbi u mb\u00ebshtet nga Shtetet e Bashkuara t\u00eb Amerik\u00ebs dhe Bashkimi Evropian, dhe n\u00eb prani t\u00eb kancelarit gjerman Olaf Scholz, Serbia n\u00ebnshkroi nj\u00eb Memorandum p\u00ebr l\u00ebnd\u00ebt e para kritike me BE-n\u00eb m\u00eb 19 korrik n\u00eb Beograd, kujton RSE.<\/p>\n<p>Dokumenti parashikon t\u00eb gjith\u00eb zinxhirin e prodhimit \u2013 nga minierat e litiumit n\u00eb minier\u00ebn Rio Tinta n\u00eb Jadro, deri te prodhimi i baterive p\u00ebr automjetet elektrike, transmeton Beta.<\/p>\n","protected":false},"excerpt":{"rendered":"<p>Departamenti Amerikan i Shtetit njoftoi se \u00e7do pretendim se SHBA-ja po nd\u00ebrhyn n\u00eb protestat n\u00eb Serbi ose se mb\u00ebshtet l\u00ebvizjet protestuese t\u00eb drejtuara kund\u00ebr qeveris\u00eb serbe \u00ebsht\u00eb i rrem\u00eb, raporton Radio Evropa e Lir\u00eb (RSE). \u201cNuk na habit fakti q\u00eb Rusia, nga ana tjet\u00ebr, i instrumentalizoi protestat p\u00ebr t\u00eb arritur axhend\u00ebn e saj n\u00eb Serbi, &hellip;<\/p>\n","protected":false},"author":3,"featured_media":86981,"comment_status":"closed","ping_status":"closed","sticky":false,"template":"","format":"standard","meta":{"footnotes":""},"categories":[38],"tags":[],"class_list":["post-86980","post","type-post","status-publish","format-standard","has-post-thumbnail","","category-bota"],"_links":{"self":[{"href":"https:\/\/rdnews.al\/index.php\/wp-json\/wp\/v2\/posts\/86980","targetHints":{"allow":["GET"]}}],"collection":[{"href":"https:\/\/rdnews.al\/index.php\/wp-json\/wp\/v2\/posts"}],"about":[{"href":"https:\/\/rdnews.al\/index.php\/wp-json\/wp\/v2\/types\/post"}],"author":[{"embeddable":true,"href":"https:\/\/rdnews.al\/index.php\/wp-json\/wp\/v2\/users\/3"}],"replies":[{"embeddable":true,"href":"https:\/\/rdnews.al\/index.php\/wp-json\/wp\/v2\/comments?post=86980"}],"version-history":[{"count":0,"href":"https:\/\/rdnews.al\/index.php\/wp-json\/wp\/v2\/posts\/86980\/revisions"}],"wp:featuredmedia":[{"embeddable":true,"href":"https:\/\/rdnews.al\/index.php\/wp-json\/wp\/v2\/media\/86981"}],"wp:attachment":[{"href":"https:\/\/rdnews.al\/index.php\/wp-json\/wp\/v2\/media?parent=86980"}],"wp:term":[{"taxonomy":"category","embeddable":true,"href":"https:\/\/rdnews.al\/index.php\/wp-json\/wp\/v2\/categories?post=86980"},{"taxonomy":"post_tag","embeddable":true,"href":"https:\/\/rdnews.al\/index.php\/wp-json\/wp\/v2\/tags?post=86980"}],"curies":[{"name":"wp","href":"https:\/\/api.w.org\/{rel}","templated":true}]}}