{"id":86988,"date":"2024-08-19T08:08:21","date_gmt":"2024-08-19T08:08:21","guid":{"rendered":"https:\/\/rdnews.al\/?p=86988"},"modified":"2024-08-19T08:08:21","modified_gmt":"2024-08-19T08:08:21","slug":"sa-me-te-dobet-jane-shqiptaret-aq-me-e-forte-eshte-maqedonia","status":"publish","type":"post","link":"https:\/\/rdnews.al\/index.php\/2024\/08\/19\/sa-me-te-dobet-jane-shqiptaret-aq-me-e-forte-eshte-maqedonia\/","title":{"rendered":"Sa m\u00eb t\u00eb dob\u00ebt jan\u00eb shqiptar\u00ebt, aq m\u00eb e fort\u00eb \u00ebsht\u00eb Maqedonia?!"},"content":{"rendered":"<p><strong>Nga<\/strong>\u00a0<strong>Kim MEHMETI <\/strong><\/p>\n<p>N\u00ebse e vler\u00ebson n\u00ebp\u00ebrmjet veprimeve politike t\u00eb zyrtar\u00ebve t\u00eb Shkupit, ke p\u00ebrshtypjen se ata m\u00eb shum\u00eb kujdesen q\u00eb t\u00eb mos i d\u00ebmtojn\u00eb interesat serbe sesa ato maqedonase.<\/p>\n<p>Dhe ndoshta edhe nuk kan\u00eb zgjidhje tjet\u00ebr ngaq\u00eb Serbia, aq mire e ka ng\u00ebrthyer n\u00eb kthetrat e veta k\u00ebt\u00eb vend, sa q\u00eb pa mb\u00ebshtetjen e Beogradit n\u00eb Maqedoni nuk mund t\u00eb b\u00ebhesh as k\u00ebng\u00ebtar i njohur, e jo m\u00eb politikan\u00eb apo biznesmen\u00eb i suksessh\u00ebm.<\/p>\n<p>Dhe ndoshta emblema m\u00eb e p\u00ebrshtatshme njoh\u00ebse p\u00ebr k\u00ebt\u00eb vend do mund t\u00eb ishte \u2018gjyshja\u2019 Presidente e RMV, e cila nd\u00ebrtoi karrier\u00eb politike duke nd\u00ebrruar parti si dhe duke e m\u00ebkuar dhe ushqyer te populli maqedonas iden\u00eb se sa m\u00eb t\u00eb dob\u00ebt jan\u00eb politikisht e ekonomikisht shqiptar\u00ebt e k\u00ebtush\u00ebm, aq m\u00eb i fort\u00eb \u00ebsht\u00eb shteti dhe maqedonasit n\u00eb t\u00eb?!<\/p>\n<p>Kalimthi th\u00ebn\u00eb, presidentja e sotme e RMV \u00ebsht\u00eb nga t\u00eb fundit q\u00eb e morri vesh se Jugosllavia e Titos ishte zhb\u00ebr\u00eb dhe kurr\u00eb m\u00eb nuk do rim\u00ebk\u00ebmbej. Andaj edhe mbeti jugonostalgjike e pash\u00ebrueshme, e cila edhe gjat\u00eb koh\u00eb do e vuaj\u00eb pamund\u00ebsin\u00eb q\u00eb si dikur, me v\u00ebllez\u00ebrit serb, bashkarish ta luftojn\u00eb rrezikun e natyrsh\u00ebm t\u00eb tyre \u2013 shqiptarin\u00eb!<\/p>\n<p>Por e gjith\u00eb kjo e v\u00ebrtet\u00eb nuk VLEN gj\u00eb p\u00ebr pushtetar\u00ebt e sot\u00ebm shqiptar\u00eb, t\u00eb cil\u00ebt si\u00e7 duket, as q\u00eb i intereson se nga \u00ebsht\u00eb katandisur RVM, por vet\u00ebm sa ajo u mund\u00ebson t\u2019i mbushin xhepat dhe t\u00eb mbrojn\u00eb pasurin\u00eb q\u00eb e siguruan n\u00eb t\u00eb shkuar\u00ebn duke e zhvatur popullin e vet, edhe at\u00eb o si ish kryetar\u00eb komunash, o si\u00a0 ministra e drejtor\u00eb t\u00eb nd\u00ebrmarrjeve publike ku i mbante vet\u00ebm nj\u00eb vler\u00eb &#8211; emblema e BDI\u2019s\u00eb!<\/p>\n<p>Por sidoqoft\u00eb, shqiptar\u00ebt e Maqedonis\u00eb arrit\u00ebn nj\u00eb sukses t\u00eb madh n\u00eb zgjedhjet e fundit parlamentare : u \u00e7liruan nga rob\u00ebria dydekad\u00ebshe \u2018leniniste\u2019 e BDI\u2019s\u00eb.<\/p>\n<p>Tani atyre u mbetet ta pastrojn\u00eb oborrin e vet politik nga mbeturinat e k\u00ebsaj diktature, nga ata q\u00eb duke ndryshuar flamurin pariak, jan\u00eb t\u00eb gatsh\u00ebm t\u2019i sh\u00ebrbejn\u00eb cilit do sunduesi maqedonas q\u00eb do ua mbroj\u00eb pasurin\u00eb e siguruar nga vazalizmi i deridjesh\u00ebm n\u00ebn emblem\u00ebn e BDI\u2019s\u00eb dhe q\u00eb do ua shp\u00ebrblej\u00eb shtrenjt\u00eb k\u00ebt\u00eb t\u00eb sotmin.<\/p>\n<p>E nd\u00ebrkoh\u00eb ne t\u00eb tjer\u00ebt duhet ta kuptojm\u00eb se ai q\u00eb ia do t\u00eb keqen Maqedonis\u00eb nuk duhet t\u2019i kritikoj\u00eb burr\u00ebshtetasit e saj, por duhet atyre t\u2019ua ushqej\u00eb iluzionin shkat\u00ebrrimtar\u00eb p\u00ebr vendin se dob\u00ebsimi i shqiptar\u00ebve, e forcon shtetin?! (Kim Mehmeti)<\/p>\n","protected":false},"excerpt":{"rendered":"<p>Nga\u00a0Kim MEHMETI N\u00ebse e vler\u00ebson n\u00ebp\u00ebrmjet veprimeve politike t\u00eb zyrtar\u00ebve t\u00eb Shkupit, ke p\u00ebrshtypjen se ata m\u00eb shum\u00eb kujdesen q\u00eb t\u00eb mos i d\u00ebmtojn\u00eb interesat serbe sesa ato maqedonase. Dhe ndoshta edhe nuk kan\u00eb zgjidhje tjet\u00ebr ngaq\u00eb Serbia, aq mire e ka ng\u00ebrthyer n\u00eb kthetrat e veta k\u00ebt\u00eb vend, sa q\u00eb pa mb\u00ebshtetjen e Beogradit &hellip;<\/p>\n","protected":false},"author":4,"featured_media":31380,"comment_status":"closed","ping_status":"closed","sticky":false,"template":"","format":"standard","meta":{"footnotes":""},"categories":[44],"tags":[],"class_list":["post-86988","post","type-post","status-publish","format-standard","has-post-thumbnail","","category-editorial"],"_links":{"self":[{"href":"https:\/\/rdnews.al\/index.php\/wp-json\/wp\/v2\/posts\/86988","targetHints":{"allow":["GET"]}}],"collection":[{"href":"https:\/\/rdnews.al\/index.php\/wp-json\/wp\/v2\/posts"}],"about":[{"href":"https:\/\/rdnews.al\/index.php\/wp-json\/wp\/v2\/types\/post"}],"author":[{"embeddable":true,"href":"https:\/\/rdnews.al\/index.php\/wp-json\/wp\/v2\/users\/4"}],"replies":[{"embeddable":true,"href":"https:\/\/rdnews.al\/index.php\/wp-json\/wp\/v2\/comments?post=86988"}],"version-history":[{"count":0,"href":"https:\/\/rdnews.al\/index.php\/wp-json\/wp\/v2\/posts\/86988\/revisions"}],"wp:featuredmedia":[{"embeddable":true,"href":"https:\/\/rdnews.al\/index.php\/wp-json\/wp\/v2\/media\/31380"}],"wp:attachment":[{"href":"https:\/\/rdnews.al\/index.php\/wp-json\/wp\/v2\/media?parent=86988"}],"wp:term":[{"taxonomy":"category","embeddable":true,"href":"https:\/\/rdnews.al\/index.php\/wp-json\/wp\/v2\/categories?post=86988"},{"taxonomy":"post_tag","embeddable":true,"href":"https:\/\/rdnews.al\/index.php\/wp-json\/wp\/v2\/tags?post=86988"}],"curies":[{"name":"wp","href":"https:\/\/api.w.org\/{rel}","templated":true}]}}