{"id":86992,"date":"2024-08-19T08:29:30","date_gmt":"2024-08-19T08:29:30","guid":{"rendered":"https:\/\/rdnews.al\/?p=86992"},"modified":"2024-08-19T08:29:30","modified_gmt":"2024-08-19T08:29:30","slug":"skandali-nje-gjyqtare-e-gjkko-pazare-me-nje-te-kerkuar-ne-vjene-ka-dale-ne-telefonin-e-nje-te-arrestuari","status":"publish","type":"post","link":"https:\/\/rdnews.al\/index.php\/2024\/08\/19\/skandali-nje-gjyqtare-e-gjkko-pazare-me-nje-te-kerkuar-ne-vjene-ka-dale-ne-telefonin-e-nje-te-arrestuari\/","title":{"rendered":"Skandali! Nj\u00eb gjyqtare e GJKKO pazare me nj\u00eb t\u00eb k\u00ebrkuar n\u00eb Vjen\u00eb, ka dal\u00eb n\u00eb telefonin e nj\u00eb t\u00eb arrestuari"},"content":{"rendered":"<p>Avokati Genc Gjokutaj shkruan se, nj\u00eb gjyqtare e GJKKO b\u00ebn pazare me nj\u00eb t\u00eb arrestuar dhe nj\u00eb kandidat burgu t\u00eb k\u00ebrkuar n\u00eb Vjen\u00eb.<\/p>\n<p>Postimi i Gjokutajt ngre dyshime edhe p\u00ebr nj\u00eb prokuror t\u00eb SPAK q\u00eb nuk vepron ndaj nj\u00eb skandali t\u00eb till\u00eb.<\/p>\n<p>\u201cKush \u00ebsht\u00eb nj\u00eb gjyqtare e GjKKO q\u00eb na paska dal\u00eb n\u00eb nj\u00eb telefon t\u00eb sekuestruar n\u00eb banes\u00ebn e nj\u00eb t\u00eb arrestuari, e q\u00eb b\u00ebka pazare me nj\u00eb kandidat burgu gjoja t\u00eb k\u00ebrkuar n\u00eb Vjen\u00eb dhe q\u00eb merret me objekte q\u00eb nuk ekzisojn\u00eb? Dava 500 mij\u00eb \u20ac thuhet!<\/p>\n<p>Po kush \u00ebsht\u00eb prokurori i SPAK q\u00eb e paska dosjen dhe nuk vepron?<\/p>\n<p>Puseta e Drejt\u00ebsis\u00eb po hapet! Do qelbet Shqip\u00ebria por t\u00eb pakt\u00ebn do t\u00eb bjer\u00eb rehat!\u201d, shkruan Gjokutaj.<\/p>\n","protected":false},"excerpt":{"rendered":"<p>Avokati Genc Gjokutaj shkruan se, nj\u00eb gjyqtare e GJKKO b\u00ebn pazare me nj\u00eb t\u00eb arrestuar dhe nj\u00eb kandidat burgu t\u00eb k\u00ebrkuar n\u00eb Vjen\u00eb. Postimi i Gjokutajt ngre dyshime edhe p\u00ebr nj\u00eb prokuror t\u00eb SPAK q\u00eb nuk vepron ndaj nj\u00eb skandali t\u00eb till\u00eb. \u201cKush \u00ebsht\u00eb nj\u00eb gjyqtare e GjKKO q\u00eb na paska dal\u00eb n\u00eb nj\u00eb telefon &hellip;<\/p>\n","protected":false},"author":4,"featured_media":86993,"comment_status":"closed","ping_status":"closed","sticky":false,"template":"","format":"standard","meta":{"footnotes":""},"categories":[37],"tags":[],"class_list":["post-86992","post","type-post","status-publish","format-standard","has-post-thumbnail","","category-politike"],"_links":{"self":[{"href":"https:\/\/rdnews.al\/index.php\/wp-json\/wp\/v2\/posts\/86992","targetHints":{"allow":["GET"]}}],"collection":[{"href":"https:\/\/rdnews.al\/index.php\/wp-json\/wp\/v2\/posts"}],"about":[{"href":"https:\/\/rdnews.al\/index.php\/wp-json\/wp\/v2\/types\/post"}],"author":[{"embeddable":true,"href":"https:\/\/rdnews.al\/index.php\/wp-json\/wp\/v2\/users\/4"}],"replies":[{"embeddable":true,"href":"https:\/\/rdnews.al\/index.php\/wp-json\/wp\/v2\/comments?post=86992"}],"version-history":[{"count":0,"href":"https:\/\/rdnews.al\/index.php\/wp-json\/wp\/v2\/posts\/86992\/revisions"}],"wp:featuredmedia":[{"embeddable":true,"href":"https:\/\/rdnews.al\/index.php\/wp-json\/wp\/v2\/media\/86993"}],"wp:attachment":[{"href":"https:\/\/rdnews.al\/index.php\/wp-json\/wp\/v2\/media?parent=86992"}],"wp:term":[{"taxonomy":"category","embeddable":true,"href":"https:\/\/rdnews.al\/index.php\/wp-json\/wp\/v2\/categories?post=86992"},{"taxonomy":"post_tag","embeddable":true,"href":"https:\/\/rdnews.al\/index.php\/wp-json\/wp\/v2\/tags?post=86992"}],"curies":[{"name":"wp","href":"https:\/\/api.w.org\/{rel}","templated":true}]}}