{"id":87007,"date":"2024-08-19T09:10:52","date_gmt":"2024-08-19T09:10:52","guid":{"rendered":"https:\/\/rdnews.al\/?p=87007"},"modified":"2024-08-19T09:10:52","modified_gmt":"2024-08-19T09:10:52","slug":"veliaj-kthen-ruspat-ne-kombinat-do-te-prishen-shume-godina-per-boset-e-ndertimit","status":"publish","type":"post","link":"https:\/\/rdnews.al\/index.php\/2024\/08\/19\/veliaj-kthen-ruspat-ne-kombinat-do-te-prishen-shume-godina-per-boset-e-ndertimit\/","title":{"rendered":"Veliaj kthen ruspat n\u00eb Kombinat! Do t\u00eb prishen shum\u00eb godina p\u00ebr bos\u00ebt e nd\u00ebrtimit"},"content":{"rendered":"<p><strong>Boldnews.al<\/strong><\/p>\n<p>Rreth 5 vjet pas t\u00ebrmetit tragjik t\u00eb n\u00ebntorit 2019, Bashkia e Tiran\u00ebs ka vendosur t\u00eb shkat\u00ebrroj\u00eb shum\u00eb godina e banesa t\u00eb tjera private n\u00eb Kombinat, n\u00eb kuad\u00ebr t\u00eb atij q\u00eb e konsideron si \u201c<em>Plan i<\/em>\u00a0<em>Detyruesh\u00ebm Vendor<\/em>\u201d.<\/p>\n<p>N\u00eb zbatim t\u00eb k\u00ebtij Plani, Bashkia e drejtuar nga Erion Veliaj ka shpallur tenderin me objekt \u201c<em>Nd\u00ebrtimi i Infrastruktur\u00ebs Publike\u2026\u201d,\u00a0<\/em>me fond limit 480 milion\u00eb lek\u00eb t\u00eb reja ose af\u00ebrsisht 5 milion\u00eb euro, s\u00eb bashku me TVSH.<\/p>\n<p>Projekti synon t\u00eb nd\u00ebrtoj\u00eb ose t\u00eb p\u00ebrmir\u00ebsoj\u00eb infrastruktur\u00ebn rrugore, e cila lidh hap\u00ebsir\u00ebn sub-urbane t\u00eb Kombinatit, ku jan\u00eb nd\u00ebrtuar pallatet e reja n\u00eb kuad\u00ebr t\u00eb Rind\u00ebrtimit, me pjes\u00ebn tjet\u00ebr t\u00eb zon\u00ebs.<\/p>\n<p>Tashm\u00eb k\u00ebto rrug\u00eb jan\u00eb t\u00eb domosdoshme, pasi pallatet e reja po nd\u00ebrtohen dhe banor\u00ebt q\u00eb do t\u2019i popullojn\u00eb do t\u00eb ken\u00eb nevoj\u00eb imediate p\u00ebr qarkullim.<\/p>\n<p>Por, nga ana tjet\u00ebr, ky Plan i Detyruesh\u00ebm Vendor, m\u00eb sakt\u00ebsisht tenderi p\u00ebr nd\u00ebrtimin e rrug\u00ebve t\u00eb reja, zbulon zyrtarisht nj\u00eb tjet\u00ebr \u201cplan\u201d q\u00eb Veliaj duket se e ka pasur n\u00eb mendje q\u00eb n\u00eb dit\u00ebt e para pas t\u00ebrmetit tragjik; largimin e banor\u00ebve, t\u00eb cil\u00ebve iu d\u00ebmtuan banesat, lirimin e truallit ku dikur ishin pallatet e d\u00ebmtuar dhe vendosjen e k\u00ebsaj hap\u00ebsire n\u00eb funksion t\u00eb bos\u00ebve t\u00eb biznesit t\u00eb nd\u00ebrtimit.<\/p>\n<figure id=\"attachment_1428751\" class=\"wp-caption alignnone\" aria-describedby=\"caption-attachment-1428751\"><img loading=\"lazy\" decoding=\"async\" class=\"size-medium wp-image-1428751\" src=\"https:\/\/boldnews.al\/wp-content\/uploads\/2024\/08\/WhatsApp-Image-2024-08-19-at-10.24.09-640x297.jpeg\" sizes=\"auto, (max-width: 640px) 100vw, 640px\" srcset=\"https:\/\/boldnews.al\/wp-content\/uploads\/2024\/08\/WhatsApp-Image-2024-08-19-at-10.24.09-640x297.jpeg 640w, https:\/\/boldnews.al\/wp-content\/uploads\/2024\/08\/WhatsApp-Image-2024-08-19-at-10.24.09-750x348.jpeg 750w, https:\/\/boldnews.al\/wp-content\/uploads\/2024\/08\/WhatsApp-Image-2024-08-19-at-10.24.09.jpeg 835w\" alt=\"\" width=\"640\" height=\"297\" data-pin-no-hover=\"true\" \/><figcaption id=\"caption-attachment-1428751\" class=\"wp-caption-text\">N\u00eb foto: Harta e plot\u00eb e nd\u00ebrhyrjeve t\u00eb pritshme rrugore n\u00eb Kombinat<\/figcaption><\/figure>\n<p>Nuk \u00ebsht\u00eb pak. B\u00ebhet fjal\u00eb p\u00ebr mij\u00ebra metra katror truall t\u00eb lir\u00eb, n\u00eb qend\u00ebr t\u00eb Kombinatit, t\u00eb cil\u00ebn Bashkia e liroi me fadroma, n\u00eb kuad\u00ebr t\u00eb \u201cemergjenc\u00ebs pas-t\u00ebrmetit\u201d.<\/p>\n<p>N\u00eb dokumentat e tenderit t\u00eb shpallur s\u00eb fundmi, thuhet se \u201c<em>sipas Planit t\u00eb detyr\u00ebsh\u00ebm Vendor Kombinat, e gjith\u00eb qendra e Kombinatit\u00a0<strong><u>do t\u00eb kthehet n\u00eb nj\u00eb zone elitare banimi<\/u><\/strong>, n\u00eb t\u00eb cil\u00ebn qarkullimi automobilitik do t\u00eb b\u00ebhet n\u00ebp\u00ebrmjet nj\u00eb unaze t\u00eb re q\u00eb do t\u00eb nd\u00ebrtohet, rrug\u00ebve t\u00eb brendshme dhe do t\u00eb krijohen gjithashtu disa zona t\u00eb reja zhvillimore\u2026<\/em>\u201d.<\/p>\n<p>Dokumentat nuk e p\u00ebrmendin se kush do t\u00eb nd\u00ebrtoj\u00eb k\u00ebt\u00eb \u201c<em>zon\u00eb elitare<\/em>\u201d n\u00eb qend\u00ebr t\u00eb Kombinatit<\/p>\n<p>P\u00ebr t\u00eb kuptuar m\u00eb s\u00eb miri at\u00eb q\u00eb banor\u00ebt e Kombinatit e quajn\u00eb \u201cloj\u00eb\u201d t\u00eb Veliajt p\u00ebr t\u00eb favorizuar biznesin e nd\u00ebrtimit, duhet t\u00eb kthejm\u00eb pak prapa n\u00eb koh\u00eb.<\/p>\n<p><strong>Si u lirua trualli<\/strong><\/p>\n<p>Gjat\u00eb kat\u00ebr viteve t\u00eb fundit, qindra banor\u00eb t\u00eb Kombinatit kan\u00eb\u00a0<a href=\"https:\/\/boldnews.al\/2021\/08\/10\/rindertimi-pas-termeti-zbulohet-plani-i-veliajt-per-te-degdisur-banoret-e-pastrehe-te-kombinatit\/\" target=\"_blank\" rel=\"noopener\">akuzuar<\/a>\u00a0shpesh kryebashkiakun e Tiran\u00ebs, Erion Veliaj, se i shnd\u00ebrroi pasojat tragjike t\u00eb t\u00ebrmetit t\u00eb 26 n\u00ebntorit 2019 n\u00eb nj\u00eb mund\u00ebsi t\u00eb art\u00eb p\u00ebr t\u2019i sh\u00ebrbyer klientel\u00ebs s\u00eb tij t\u00eb nd\u00ebrtimit.<\/p>\n<p>M\u00ebngjesin tragjik t\u00eb atij n\u00ebntori 2019, dhjetra pallate n\u00eb periferin\u00eb per\u00ebndimore t\u00eb kryeqytetit p\u00ebsuan d\u00ebmtime t\u00eb p\u00ebrmasave t\u00eb ndryshme. Disa prej tyre u shkat\u00ebrruan keqas, nd\u00ebrsa pjesa m\u00eb e madhe kishin nevoj\u00eb p\u00ebr riparime p\u00ebrforcuese.<\/p>\n<p>N\u00eb momentet e para, qytetar\u00ebt me t\u00eb drejt\u00eb u p\u00ebrfshin\u00eb nga paniku dhe \u00e7do plasaritje muresh i b\u00ebnte ata t\u00eb ndiheshin t\u00eb pasigurt p\u00ebr t\u00eb q\u00ebndruar n\u00eb banesa.<\/p>\n<p>K\u00ebt\u00eb panik t\u00eb qytetar\u00ebve duket se e shfryt\u00ebzuan drejtuesit n\u00eb Bashkin\u00eb e Tiran\u00ebs, t\u00eb cil\u00ebt hartuan me urgjenc\u00eb nj\u00eb plan t\u00eb gjer\u00eb shkat\u00ebrrimesh masive.<\/p>\n<p>Pjesa m\u00eb e goditur nga fadromat bashkiake ishte qendra e Kombinatit, n\u00eb t\u00eb cil\u00ebn u krijua nj\u00eb truall i lir\u00eb n\u00eb nj\u00eb sip\u00ebrfaqe prej qindra mij\u00ebra metra katror\u00eb. Banor\u00ebt e d\u00ebmtuar prit\u00ebn q\u00eb Bashkia dhe qeveria t\u00eb realizonin procesin e Rind\u00ebrtimit n\u00eb at\u00eb hap\u00ebsir\u00eb q\u00eb u lirua nga godinat e prishura me vendim t\u00eb K\u00ebshillit Bashkiak.<\/p>\n<figure id=\"attachment_1428750\" class=\"wp-caption alignnone\" aria-describedby=\"caption-attachment-1428750\"><img loading=\"lazy\" decoding=\"async\" class=\"size-medium wp-image-1428750\" src=\"https:\/\/boldnews.al\/wp-content\/uploads\/2024\/08\/WhatsApp-Image-2024-08-19-at-10.24.09-1-640x353.jpeg\" sizes=\"auto, (max-width: 640px) 100vw, 640px\" srcset=\"https:\/\/boldnews.al\/wp-content\/uploads\/2024\/08\/WhatsApp-Image-2024-08-19-at-10.24.09-1-640x353.jpeg 640w, https:\/\/boldnews.al\/wp-content\/uploads\/2024\/08\/WhatsApp-Image-2024-08-19-at-10.24.09-1-1024x565.jpeg 1024w, https:\/\/boldnews.al\/wp-content\/uploads\/2024\/08\/WhatsApp-Image-2024-08-19-at-10.24.09-1-750x414.jpeg 750w, https:\/\/boldnews.al\/wp-content\/uploads\/2024\/08\/WhatsApp-Image-2024-08-19-at-10.24.09-1.jpeg 1064w\" alt=\"\" width=\"640\" height=\"353\" data-pin-no-hover=\"true\" \/><figcaption id=\"caption-attachment-1428750\" class=\"wp-caption-text\">N\u00eb foto: Pamje nga demolimi i pallateve n\u00eb Kombinat, pas t\u00ebrmetit t\u00eb n\u00ebntorit 2019<\/figcaption><\/figure>\n<p>Por, plani i Veliajt dhe bashk\u00ebpun\u00ebtor\u00ebve t\u00eb tij ishte tjet\u00ebrkund. Fillimisht, u k\u00ebrkoi banor\u00ebve, diku me presion e diku me joshje, q\u00eb t\u00eb n\u00ebnshkruan deklarat\u00eb, nga e cila hiqnin dor\u00eb nga pron\u00ebsia e apartamenteve, t\u00eb cilat u prish\u00ebn. N\u00eb k\u00ebt\u00eb m\u00ebnyr\u00eb, sipas Bashkis\u00eb, ata do t\u00eb p\u00ebrfitonin apartament t\u00eb ri pas Rind\u00ebrtimit.<\/p>\n<p>P\u00ebr ata q\u00eb rezistuan t\u00eb n\u00ebnshkruan nj\u00eb kontrat\u00eb t\u00eb till\u00eb dhe tentuan t\u00eb mbanin pron\u00ebsin\u00eb n\u00eb zon\u00ebn, ku m\u00eb par\u00eb gjendej godina dhe apartamenti i tyre, zyrtar\u00ebt lokal\u00eb p\u00ebrdor\u00ebn \u201cpresionin\u201d, duke u th\u00ebn\u00eb \u201cn\u00ebn z\u00eb\u201d se nuk do t\u00eb p\u00ebrfitonin apartament t\u00eb ri.<\/p>\n<p>U vendos q\u00eb pallatet e reja, n\u00eb t\u00eb cilat do t\u00eb strehoheshin familjet e mbetura pa nj\u00eb \u00e7ati mbi kok\u00eb, do t\u00eb nd\u00ebrtoheshin n\u00eb nj\u00eb sub-periferi t\u00eb Kombinatit, larg zon\u00ebn s\u00eb banuar, pa infrastruktur\u00eb rrugor\u00eb dhe aspak funksionale.<\/p>\n<p>Ky ishte momenti kur qytetar\u00ebt e Kombinatit e kuptuan se ata nuk do t\u00eb ktheheshin m\u00eb n\u00eb zon\u00ebn, ku kishin banuar p\u00ebr disa breza, por do t\u00eb zhvendoseshin n\u00eb \u201csht\u00ebpit\u00eb popullore\u201d t\u00eb nd\u00ebrtuara nga Bashkia e Tiran\u00ebs.<\/p>\n<p>Ky ishte gjithashtu edhe momenti i par\u00eb, kur u kuptua se Bashkis\u00eb s\u00eb Tiran\u00ebs tashm\u00eb i kishte ardhur nj\u00eb vez\u00eb e art\u00eb n\u00eb dor\u00eb-ishte krijuar nj\u00eb hap\u00ebsir\u00eb gjigande, e cila mund t\u00eb shfryt\u00ebzohej m\u00eb s\u00eb miri nga kompanit\u00eb private t\u00eb nd\u00ebrtimit.<\/p>\n<figure id=\"attachment_1428749\" class=\"wp-caption alignnone\" aria-describedby=\"caption-attachment-1428749\"><img loading=\"lazy\" decoding=\"async\" class=\"size-medium wp-image-1428749\" src=\"https:\/\/boldnews.al\/wp-content\/uploads\/2024\/08\/WhatsApp-Image-2024-08-19-at-10.24.09-2-640x413.jpeg\" sizes=\"auto, (max-width: 640px) 100vw, 640px\" srcset=\"https:\/\/boldnews.al\/wp-content\/uploads\/2024\/08\/WhatsApp-Image-2024-08-19-at-10.24.09-2-640x413.jpeg 640w, https:\/\/boldnews.al\/wp-content\/uploads\/2024\/08\/WhatsApp-Image-2024-08-19-at-10.24.09-2.jpeg 691w\" alt=\"\" width=\"640\" height=\"413\" data-pin-no-hover=\"true\" \/><figcaption id=\"caption-attachment-1428749\" class=\"wp-caption-text\">N\u00eb foto: Pamje nga protestat e banor\u00ebve t\u00eb Kombinatit p\u00ebr procesin e dyshimt\u00eb t\u00eb Rind\u00ebrtimit<\/figcaption><\/figure>\n<p>Bashkia e Veliajt nuk e ka pranuar asnj\u00ebher\u00eb me z\u00ebrin e qart\u00eb se \u00e7far\u00eb do t\u00eb b\u00ebhej me hap\u00ebsir\u00ebn e lir\u00eb t\u00eb krijuar n\u00eb Kombinat. Ata pak q\u00eb besonin se e gjith\u00eb ajo zon\u00eb do t\u00eb shnd\u00ebrrohej n\u00eb lulishte dhe park p\u00ebr f\u00ebmij\u00ebt, u zhg\u00ebnjyen shum\u00eb shpejt.<\/p>\n<p>Tashm\u00eb, kur kan\u00eb kaluar 5 vjet nga t\u00ebrmeti tragjik, mij\u00ebra banor\u00eb u larguan nga zona, ku jetonin prej shum\u00eb vitesh, p\u00ebr t\u2019i hapur rrug\u00eb bumit t\u00eb shum\u00ebkat\u00ebshave privat\u00eb.<\/p>\n<p>M\u00eb n\u00eb fund, k\u00ebt\u00eb e pranon edhe Bashkia e Tiran\u00ebs.<\/p>\n<p><strong>\u201cDo t\u00eb prishen shum\u00eb objekte ekzistuese\u201d<\/strong><\/p>\n<p>Plani p\u00ebr infrastruktur\u00ebn e detyrueshme rrugore n\u00eb Kombinat do t\u00eb \u201c<em>shoq\u00ebrohet me prishjen e shum\u00eb objekteve ekzistuese<\/em>\u201d, si\u00e7 citohet n\u00eb dokumentat e Bashkis\u00eb s\u00eb Tiran\u00ebs. K\u00ebto objekte jan\u00eb godina private ose sht\u00ebpi banimi.<\/p>\n<p>Plani parashikon 4 blloqe nd\u00ebrhyrjeje.<\/p>\n<p><strong><em><u>Blloku i par\u00eb<\/u><\/em><\/strong>\u00a0\u00ebsht\u00eb aksi q\u00eb pritet t\u00eb lidh rrug\u00ebt \u201cThimi Krej\u201d-\u201cShaban Bardhoshi\u201d-Rruga e Qelqit\u201d<\/p>\n<figure id=\"attachment_1428747\" class=\"wp-caption alignnone\" aria-describedby=\"caption-attachment-1428747\"><img loading=\"lazy\" decoding=\"async\" class=\"size-medium wp-image-1428747\" src=\"https:\/\/boldnews.al\/wp-content\/uploads\/2024\/08\/WhatsApp-Image-2024-08-19-at-10.24.09-3-640x413.jpeg\" sizes=\"auto, (max-width: 640px) 100vw, 640px\" srcset=\"https:\/\/boldnews.al\/wp-content\/uploads\/2024\/08\/WhatsApp-Image-2024-08-19-at-10.24.09-3-640x413.jpeg 640w, https:\/\/boldnews.al\/wp-content\/uploads\/2024\/08\/WhatsApp-Image-2024-08-19-at-10.24.09-3-750x485.jpeg 750w, https:\/\/boldnews.al\/wp-content\/uploads\/2024\/08\/WhatsApp-Image-2024-08-19-at-10.24.09-3.jpeg 839w\" alt=\"\" width=\"640\" height=\"413\" data-pin-no-hover=\"true\" \/><figcaption id=\"caption-attachment-1428747\" class=\"wp-caption-text\">N\u00eb foto: Blloku 1 i nd\u00ebrhyrjeve infrastrukturore n\u00eb Kombinat<\/figcaption><\/figure>\n<p>Infrastruktura e re rrugore e ka pik\u00ebnisjen n\u00eb rrug\u00ebn \u201cThimi Krej\u201d, pik\u00ebrisht aty ku po nd\u00ebrtohen godinat e reja p\u00ebr t\u00eb pastreh\u00ebt e t\u00ebrmetit.<\/p>\n<figure id=\"attachment_1428746\" class=\"wp-caption alignnone\" aria-describedby=\"caption-attachment-1428746\"><img loading=\"lazy\" decoding=\"async\" class=\"size-medium wp-image-1428746\" src=\"https:\/\/boldnews.al\/wp-content\/uploads\/2024\/08\/WhatsApp-Image-2024-08-19-at-10.24.10-640x850.jpeg\" sizes=\"auto, (max-width: 640px) 100vw, 640px\" srcset=\"https:\/\/boldnews.al\/wp-content\/uploads\/2024\/08\/WhatsApp-Image-2024-08-19-at-10.24.10-640x850.jpeg 640w, https:\/\/boldnews.al\/wp-content\/uploads\/2024\/08\/WhatsApp-Image-2024-08-19-at-10.24.10-1024x1361.jpeg 1024w, https:\/\/boldnews.al\/wp-content\/uploads\/2024\/08\/WhatsApp-Image-2024-08-19-at-10.24.10-1156x1536.jpeg 1156w, https:\/\/boldnews.al\/wp-content\/uploads\/2024\/08\/WhatsApp-Image-2024-08-19-at-10.24.10-750x997.jpeg 750w, https:\/\/boldnews.al\/wp-content\/uploads\/2024\/08\/WhatsApp-Image-2024-08-19-at-10.24.10-1140x1515.jpeg 1140w, https:\/\/boldnews.al\/wp-content\/uploads\/2024\/08\/WhatsApp-Image-2024-08-19-at-10.24.10.jpeg 1204w\" alt=\"\" width=\"640\" height=\"850\" data-pin-no-hover=\"true\" \/><figcaption id=\"caption-attachment-1428746\" class=\"wp-caption-text\">N\u00eb foto: Godinat e reja n\u00eb rrug\u00ebn \u201cThimi Krej\u201d, n\u00eb Kombinat (foto: Boldnews.al)<\/figcaption><\/figure>\n<p>Si\u00e7 duket nga pamjet, p\u00ebr momentin, rruga ka vet\u00ebm em\u00ebr, por ajo nuk ekziston, pasi \u00ebsht\u00eb rrethuar nga kantieri i nd\u00ebrtimit. Megjithat\u00eb, Plani Vendor parashikon q\u00eb k\u00ebto godina t\u00eb lidhen me \u201cRrug\u00ebn e Qelqit\u201d, n\u00ebp\u00ebrmjet nj\u00eb aksi tjet\u00ebr, i quajtur \u201cShaban Bardhoshi\u201d.<\/p>\n<p>Gjurma e rrug\u00ebs pritet t\u00eb kaloj\u00eb pak a shum\u00eb n\u00eb zon\u00ebn e fotografuar m\u00eb posht\u00eb, nga ku dallohet qart\u00eb se aksi rrugor \u00ebsht\u00eb i pamjaftuesh\u00ebm p\u00ebr qarkullim normal.<\/p>\n<figure id=\"attachment_1428745\" class=\"wp-caption alignnone\" aria-describedby=\"caption-attachment-1428745\"><img loading=\"lazy\" decoding=\"async\" class=\"size-medium wp-image-1428745\" src=\"https:\/\/boldnews.al\/wp-content\/uploads\/2024\/08\/WhatsApp-Image-2024-08-19-at-10.24.10-1-640x553.jpeg\" sizes=\"auto, (max-width: 640px) 100vw, 640px\" srcset=\"https:\/\/boldnews.al\/wp-content\/uploads\/2024\/08\/WhatsApp-Image-2024-08-19-at-10.24.10-1-640x553.jpeg 640w, https:\/\/boldnews.al\/wp-content\/uploads\/2024\/08\/WhatsApp-Image-2024-08-19-at-10.24.10-1-1280x1106.jpeg 1280w, https:\/\/boldnews.al\/wp-content\/uploads\/2024\/08\/WhatsApp-Image-2024-08-19-at-10.24.10-1-1024x884.jpeg 1024w, https:\/\/boldnews.al\/wp-content\/uploads\/2024\/08\/WhatsApp-Image-2024-08-19-at-10.24.10-1-1536x1327.jpeg 1536w, https:\/\/boldnews.al\/wp-content\/uploads\/2024\/08\/WhatsApp-Image-2024-08-19-at-10.24.10-1-750x648.jpeg 750w, https:\/\/boldnews.al\/wp-content\/uploads\/2024\/08\/WhatsApp-Image-2024-08-19-at-10.24.10-1-1140x985.jpeg 1140w, https:\/\/boldnews.al\/wp-content\/uploads\/2024\/08\/WhatsApp-Image-2024-08-19-at-10.24.10-1.jpeg 1600w\" alt=\"\" width=\"640\" height=\"553\" data-pin-no-hover=\"true\" \/><figcaption id=\"caption-attachment-1428745\" class=\"wp-caption-text\">N\u00eb foto: Zona e p\u00ebraf\u00ebrt, ku do t\u00eb kaloj\u00eb gjurma e rrug\u00ebs s\u00eb re (foto: Boldnews.al)<\/figcaption><\/figure>\n<p>Pak a shum\u00eb, n\u00eb k\u00ebt\u00eb pik\u00eb pritet t\u00eb nisin \u201cprishjet e detyruara\u201d t\u00eb Bashkis\u00eb s\u00eb Tiran\u00ebs.<\/p>\n<p>Edhe n\u00eb skajin tjet\u00ebr t\u00eb k\u00ebtij aksi rrugor, pra n\u00eb fund t\u00eb \u201cRrug\u00ebs s\u00eb Qelqit\u201d, duket qart\u00eb n\u00eb fotot e shkrepura nga \u201cBoldnews.al\u201d se nuk ka hap\u00ebsir\u00eb t\u00eb lirshme p\u00ebr rrug\u00ebn e re. Gj\u00eb q\u00eb do t\u00eb thot\u00eb se edhe n\u00eb k\u00ebt\u00eb pik\u00eb pritet t\u00eb ket\u00eb prishje godinash.<\/p>\n<figure id=\"attachment_1428744\" class=\"wp-caption alignnone\" aria-describedby=\"caption-attachment-1428744\"><img loading=\"lazy\" decoding=\"async\" class=\"size-medium wp-image-1428744\" src=\"https:\/\/boldnews.al\/wp-content\/uploads\/2024\/08\/WhatsApp-Image-2024-08-19-at-10.24.10-2-640x559.jpeg\" sizes=\"auto, (max-width: 640px) 100vw, 640px\" srcset=\"https:\/\/boldnews.al\/wp-content\/uploads\/2024\/08\/WhatsApp-Image-2024-08-19-at-10.24.10-2-640x559.jpeg 640w, https:\/\/boldnews.al\/wp-content\/uploads\/2024\/08\/WhatsApp-Image-2024-08-19-at-10.24.10-2-1280x1118.jpeg 1280w, https:\/\/boldnews.al\/wp-content\/uploads\/2024\/08\/WhatsApp-Image-2024-08-19-at-10.24.10-2-1024x895.jpeg 1024w, https:\/\/boldnews.al\/wp-content\/uploads\/2024\/08\/WhatsApp-Image-2024-08-19-at-10.24.10-2-1536x1342.jpeg 1536w, https:\/\/boldnews.al\/wp-content\/uploads\/2024\/08\/WhatsApp-Image-2024-08-19-at-10.24.10-2-750x655.jpeg 750w, https:\/\/boldnews.al\/wp-content\/uploads\/2024\/08\/WhatsApp-Image-2024-08-19-at-10.24.10-2-1140x996.jpeg 1140w, https:\/\/boldnews.al\/wp-content\/uploads\/2024\/08\/WhatsApp-Image-2024-08-19-at-10.24.10-2.jpeg 1600w\" alt=\"\" width=\"640\" height=\"559\" data-pin-no-hover=\"true\" \/><figcaption id=\"caption-attachment-1428744\" class=\"wp-caption-text\">N\u00eb foto: Pika fundore e \u201cRruga e Qelqit\u201d, e cila do t\u00eb lidhet me rrug\u00ebn e pallateve t\u00eb reja (foto: Boldnews.al)<\/figcaption><\/figure>\n<p>N\u00eb vijim, plani i ri sugjeron zgjerimin e \u201cRrug\u00ebs s\u00eb Qelqit\u201d, deri n\u00eb daljen e rrug\u00ebs kryesore n\u00eb Kombinat, e nj\u00ebjta q\u00eb sh\u00ebrben p\u00ebr t\u00eb udh\u00ebtuar drejt Durr\u00ebsit nga krahu i Ndroqit.<\/p>\n<figure id=\"attachment_1428743\" class=\"wp-caption alignnone\" aria-describedby=\"caption-attachment-1428743\"><img loading=\"lazy\" decoding=\"async\" class=\"size-medium wp-image-1428743\" src=\"https:\/\/boldnews.al\/wp-content\/uploads\/2024\/08\/WhatsApp-Image-2024-08-19-at-10.24.10-3-640x528.jpeg\" sizes=\"auto, (max-width: 640px) 100vw, 640px\" srcset=\"https:\/\/boldnews.al\/wp-content\/uploads\/2024\/08\/WhatsApp-Image-2024-08-19-at-10.24.10-3-640x528.jpeg 640w, https:\/\/boldnews.al\/wp-content\/uploads\/2024\/08\/WhatsApp-Image-2024-08-19-at-10.24.10-3-1280x1055.jpeg 1280w, https:\/\/boldnews.al\/wp-content\/uploads\/2024\/08\/WhatsApp-Image-2024-08-19-at-10.24.10-3-1024x844.jpeg 1024w, https:\/\/boldnews.al\/wp-content\/uploads\/2024\/08\/WhatsApp-Image-2024-08-19-at-10.24.10-3-1536x1266.jpeg 1536w, https:\/\/boldnews.al\/wp-content\/uploads\/2024\/08\/WhatsApp-Image-2024-08-19-at-10.24.10-3-750x618.jpeg 750w, https:\/\/boldnews.al\/wp-content\/uploads\/2024\/08\/WhatsApp-Image-2024-08-19-at-10.24.10-3-1140x940.jpeg 1140w, https:\/\/boldnews.al\/wp-content\/uploads\/2024\/08\/WhatsApp-Image-2024-08-19-at-10.24.10-3.jpeg 1600w\" alt=\"\" width=\"640\" height=\"528\" data-pin-no-hover=\"true\" \/><figcaption id=\"caption-attachment-1428743\" class=\"wp-caption-text\">N\u00eb foto: Rruga e Qelqit, Kombinat (foto: Boldnews.al)<\/figcaption><\/figure>\n<p><strong><u>Blloku i dyt\u00eb<\/u><\/strong>\u00a0shtrihet n\u00eb nj\u00eb zon\u00eb, e cila ka qen\u00eb shum\u00eb her\u00ebt, para t\u00ebrmetit, n\u00eb d\u00ebshirat e kryebashkiakut Erion Veliaj p\u00ebr t\u2019u prishur. N\u00eb Kombinat, ajo zon\u00eb njihet me emrin \u201c<em>Pallatet e Pupulitit<\/em>\u201d.<\/p>\n<figure id=\"attachment_1428742\" class=\"wp-caption alignnone\" aria-describedby=\"caption-attachment-1428742\"><img loading=\"lazy\" decoding=\"async\" class=\"size-medium wp-image-1428742\" src=\"https:\/\/boldnews.al\/wp-content\/uploads\/2024\/08\/WhatsApp-Image-2024-08-19-at-10.24.10-4-640x418.jpeg\" sizes=\"auto, (max-width: 640px) 100vw, 640px\" srcset=\"https:\/\/boldnews.al\/wp-content\/uploads\/2024\/08\/WhatsApp-Image-2024-08-19-at-10.24.10-4-640x418.jpeg 640w, https:\/\/boldnews.al\/wp-content\/uploads\/2024\/08\/WhatsApp-Image-2024-08-19-at-10.24.10-4-750x490.jpeg 750w, https:\/\/boldnews.al\/wp-content\/uploads\/2024\/08\/WhatsApp-Image-2024-08-19-at-10.24.10-4.jpeg 889w\" alt=\"\" width=\"640\" height=\"418\" data-pin-no-hover=\"true\" \/><figcaption id=\"caption-attachment-1428742\" class=\"wp-caption-text\">N\u00eb foto: Blloku 2 i nd\u00ebrhyrjes infrastrukturore n\u00eb Kombinat<\/figcaption><\/figure>\n<p>N\u00eb planin vendor \u201cT030\u201d, t\u00eb prezantuar n\u00eb maj 2019, pra 6 muaj para t\u00ebrmetit, Veliaj u prezantoi banor\u00ebve t\u00eb Kombinatit iden\u00eb e tij p\u00ebr prishje t\u00eb plota t\u00eb godinave t\u00eb vjetra n\u00eb at\u00eb zon\u00eb dhe shnd\u00ebrrimin n\u00eb nj\u00eb pol t\u00eb ri zhvillimi, si\u00e7 e cil\u00ebsoi ai.<\/p>\n<p>Plani u shty n\u00eb koh\u00eb dhe Bashkia e Tiran\u00ebs tentoi t\u2019i vendoste shiritin e prishjes k\u00ebtyre godinave pas t\u00ebrmetit t\u00eb 26 n\u00ebntorit 2019, megjith\u00ebse ato nuk ishin t\u00eb d\u00ebmtuara deri n\u00eb at\u00eb nivel.<\/p>\n<p>Tashm\u00eb, at\u00eb q\u00eb nisi me planin \u201cT030\u201d, Veliaj duket se do ta plot\u00ebsoj\u00eb me Planin e Detyruesh\u00ebm Vendor.<\/p>\n<p>Zona, realisht ka nevoj\u00eb p\u00ebr nd\u00ebrhyrje infrastrukturore, por banor\u00ebt jan\u00eb tejet dyshues se planet e Veliajt mund t\u00eb fshehin rrafshimin total t\u00eb zon\u00ebs dhe shnd\u00ebrrimin e hap\u00ebsir\u00eb n\u00eb nj\u00eb truall t\u00eb lir\u00eb dhe gjigand p\u00ebr biznesin e nd\u00ebrtimit.<\/p>\n<figure id=\"attachment_1428741\" class=\"wp-caption alignnone\" aria-describedby=\"caption-attachment-1428741\"><img loading=\"lazy\" decoding=\"async\" class=\"size-medium wp-image-1428741\" src=\"https:\/\/boldnews.al\/wp-content\/uploads\/2024\/08\/WhatsApp-Image-2024-08-19-at-10.24.11-640x562.jpeg\" sizes=\"auto, (max-width: 640px) 100vw, 640px\" srcset=\"https:\/\/boldnews.al\/wp-content\/uploads\/2024\/08\/WhatsApp-Image-2024-08-19-at-10.24.11-640x562.jpeg 640w, https:\/\/boldnews.al\/wp-content\/uploads\/2024\/08\/WhatsApp-Image-2024-08-19-at-10.24.11-1280x1125.jpeg 1280w, https:\/\/boldnews.al\/wp-content\/uploads\/2024\/08\/WhatsApp-Image-2024-08-19-at-10.24.11-1024x900.jpeg 1024w, https:\/\/boldnews.al\/wp-content\/uploads\/2024\/08\/WhatsApp-Image-2024-08-19-at-10.24.11-1536x1350.jpeg 1536w, https:\/\/boldnews.al\/wp-content\/uploads\/2024\/08\/WhatsApp-Image-2024-08-19-at-10.24.11-750x659.jpeg 750w, https:\/\/boldnews.al\/wp-content\/uploads\/2024\/08\/WhatsApp-Image-2024-08-19-at-10.24.11-1140x1002.jpeg 1140w, https:\/\/boldnews.al\/wp-content\/uploads\/2024\/08\/WhatsApp-Image-2024-08-19-at-10.24.11.jpeg 1600w\" alt=\"\" width=\"640\" height=\"562\" data-pin-no-hover=\"true\" \/><figcaption id=\"caption-attachment-1428741\" class=\"wp-caption-text\">N\u00eb foto: Zona e njohur si \u201cPallatet e Pupulitit\u201d n\u00eb Kombinat (foto: Boldnews.al)<\/figcaption><\/figure>\n<p><strong><u>Blloku i tret\u00eb<\/u><\/strong>\u00a0zbulon planin \u201creal\u201d t\u00eb Veliajt, at\u00eb p\u00ebr t\u00eb cilin banor\u00ebt e zon\u00ebs kan\u00eb dyshuar q\u00eb n\u00eb krye t\u00eb her\u00ebs-p\u00ebrz\u00ebnien e qytetar\u00ebve n\u00eb periferi sub-urbane dhe shnd\u00ebrrimin e qendr\u00ebs s\u00eb Kombinatit n\u00eb nj\u00eb shesh gjigand nd\u00ebrtimi p\u00ebr kompanit\u00eb e nd\u00ebrtimit.<\/p>\n<p>N\u00eb Planin e detyruesh\u00ebm\u00a0 Vendor p\u00ebr Kombinatin thuhet:\u00a0<em>\u201c\u2026 Rruga \u201cLlambi Bonata\u201d, q\u00eb \u00ebsht\u00eb vazhdim i rrug\u00ebs s\u00eb\u201dFabrik\u00ebs s\u00eb Qelqit\u201d \u00ebsht\u00eb rrug\u00eb ekzistuese, e asfaltuar. Prishjet jan\u00eb t\u00eb pakta, pasi dhe gjer\u00ebsia e rrug\u00ebs s\u00eb re p\u00ebrputhet me at\u00eb ekzistuese. Natyrisht q\u00eb infrastruktura inxhinierike do t\u00eb b\u00ebhet e re, p<strong><u>asi kjo zon\u00eb do rind\u00ebrtohet me blloqe pallatesh\u00a0<\/u><\/strong>dhe k\u00ebrkon nj\u00eb ridimensionim, si t\u00eb kanalizimeve, uj\u00ebsjell\u00ebsit, elektrikut etj. \u2026\u201d.<\/em><\/p>\n<figure id=\"attachment_1428740\" class=\"wp-caption alignnone\" aria-describedby=\"caption-attachment-1428740\"><img loading=\"lazy\" decoding=\"async\" class=\"size-medium wp-image-1428740\" src=\"https:\/\/boldnews.al\/wp-content\/uploads\/2024\/08\/WhatsApp-Image-2024-08-19-at-10.24.11-1-640x446.jpeg\" sizes=\"auto, (max-width: 640px) 100vw, 640px\" srcset=\"https:\/\/boldnews.al\/wp-content\/uploads\/2024\/08\/WhatsApp-Image-2024-08-19-at-10.24.11-1-640x446.jpeg 640w, https:\/\/boldnews.al\/wp-content\/uploads\/2024\/08\/WhatsApp-Image-2024-08-19-at-10.24.11-1-750x523.jpeg 750w, https:\/\/boldnews.al\/wp-content\/uploads\/2024\/08\/WhatsApp-Image-2024-08-19-at-10.24.11-1.jpeg 815w\" alt=\"\" width=\"640\" height=\"446\" data-pin-no-hover=\"true\" \/><figcaption id=\"caption-attachment-1428740\" class=\"wp-caption-text\">N\u00eb foto: Blloku 3 i nd\u00ebrhyrjes infrastrukturore n\u00eb Kombinat<\/figcaption><\/figure>\n<p>N\u00eb paragrafin e m\u00ebsip\u00ebrm t\u00eb Planit Vendor theksohet se \u201c<em>nd\u00ebrhyrjet jan\u00eb t\u00eb pakta<\/em>\u201d dhe \u201c<em>kjo zon\u00eb do t\u00eb rind\u00ebrtohet me blloqe pallatesh<\/em>\u201d.<\/p>\n<p>\u201cBlloku 3\u201d, si\u00e7 p\u00ebrcaktohet n\u00eb dokumentat e Bashkis\u00eb, p\u00ebrb\u00ebn zon\u00ebn, n\u00eb t\u00eb cil\u00ebn u demoluan pjesa m\u00eb e madhe e godinave n\u00eb Kombinat. Pas nj\u00eb procesi tejet t\u00eb diskutuesh\u00ebm, tashm\u00eb aty \u00ebsht\u00eb krijuar nj\u00eb truall i lir\u00eb, me sip\u00ebrfaqe dhjetra mij\u00ebra metra katror\u00eb.<\/p>\n<figure id=\"attachment_1428739\" class=\"wp-caption alignnone\" aria-describedby=\"caption-attachment-1428739\"><img loading=\"lazy\" decoding=\"async\" class=\"size-medium wp-image-1428739\" src=\"https:\/\/boldnews.al\/wp-content\/uploads\/2024\/08\/WhatsApp-Image-2024-08-19-at-10.24.11-2-640x482.jpeg\" sizes=\"auto, (max-width: 640px) 100vw, 640px\" srcset=\"https:\/\/boldnews.al\/wp-content\/uploads\/2024\/08\/WhatsApp-Image-2024-08-19-at-10.24.11-2-640x482.jpeg 640w, https:\/\/boldnews.al\/wp-content\/uploads\/2024\/08\/WhatsApp-Image-2024-08-19-at-10.24.11-2-1280x963.jpeg 1280w, https:\/\/boldnews.al\/wp-content\/uploads\/2024\/08\/WhatsApp-Image-2024-08-19-at-10.24.11-2-1024x771.jpeg 1024w, https:\/\/boldnews.al\/wp-content\/uploads\/2024\/08\/WhatsApp-Image-2024-08-19-at-10.24.11-2-1536x1156.jpeg 1536w, https:\/\/boldnews.al\/wp-content\/uploads\/2024\/08\/WhatsApp-Image-2024-08-19-at-10.24.11-2-750x564.jpeg 750w, https:\/\/boldnews.al\/wp-content\/uploads\/2024\/08\/WhatsApp-Image-2024-08-19-at-10.24.11-2-1140x858.jpeg 1140w, https:\/\/boldnews.al\/wp-content\/uploads\/2024\/08\/WhatsApp-Image-2024-08-19-at-10.24.11-2.jpeg 1600w\" alt=\"\" width=\"640\" height=\"482\" data-pin-no-hover=\"true\" \/><figcaption id=\"caption-attachment-1428739\" class=\"wp-caption-text\">N\u00eb foto: Trualli i lir\u00eb, ku parashikohet t\u00eb nd\u00ebrtohen blloqe pallatesh (foto: Boldnews.al)<\/figcaption><\/figure>\n<p>Banor\u00ebt e Kombinatit kan\u00eb k\u00ebrkuar shpesh nga Bashkia q\u00eb t\u00eb rind\u00ebrtoj\u00eb n\u00eb t\u00eb nj\u00ebjt\u00ebn zon\u00eb godinat e reja. Por, institucioni vendor e b\u00ebri veshin shurdh dhe vendosi q\u00eb pallatet e reja t\u00eb ngriheshin n\u00eb periferin\u00eb sub-urbane.<\/p>\n<p>Nd\u00ebrsa, sa p\u00ebr truallin e lir\u00eb, tashm\u00eb Bashkia e pranon vet\u00eb se do t\u00eb shnd\u00ebrrohet n\u00eb nj\u00eb \u201cbllok pallatesh\u201d. Por, nuk e citon askund se kush do t\u2019i nd\u00ebrtoj\u00eb k\u00ebto blloqe pallatesh.<\/p>\n<figure id=\"attachment_1428738\" class=\"wp-caption alignnone\" aria-describedby=\"caption-attachment-1428738\"><img loading=\"lazy\" decoding=\"async\" class=\"size-medium wp-image-1428738\" src=\"https:\/\/boldnews.al\/wp-content\/uploads\/2024\/08\/WhatsApp-Image-2024-08-19-at-10.24.11-3-640x482.jpeg\" sizes=\"auto, (max-width: 640px) 100vw, 640px\" srcset=\"https:\/\/boldnews.al\/wp-content\/uploads\/2024\/08\/WhatsApp-Image-2024-08-19-at-10.24.11-3-640x482.jpeg 640w, https:\/\/boldnews.al\/wp-content\/uploads\/2024\/08\/WhatsApp-Image-2024-08-19-at-10.24.11-3-1280x963.jpeg 1280w, https:\/\/boldnews.al\/wp-content\/uploads\/2024\/08\/WhatsApp-Image-2024-08-19-at-10.24.11-3-1024x771.jpeg 1024w, https:\/\/boldnews.al\/wp-content\/uploads\/2024\/08\/WhatsApp-Image-2024-08-19-at-10.24.11-3-1536x1156.jpeg 1536w, https:\/\/boldnews.al\/wp-content\/uploads\/2024\/08\/WhatsApp-Image-2024-08-19-at-10.24.11-3-750x564.jpeg 750w, https:\/\/boldnews.al\/wp-content\/uploads\/2024\/08\/WhatsApp-Image-2024-08-19-at-10.24.11-3-1140x858.jpeg 1140w, https:\/\/boldnews.al\/wp-content\/uploads\/2024\/08\/WhatsApp-Image-2024-08-19-at-10.24.11-3.jpeg 1600w\" alt=\"\" width=\"640\" height=\"482\" data-pin-no-hover=\"true\" \/><figcaption id=\"caption-attachment-1428738\" class=\"wp-caption-text\">N\u00eb foto: Trualli i lir\u00eb, i krijuar n\u00eb qend\u00ebr t\u00eb Kombinatit, pas prishjes s\u00eb pallateve (foto: Boldnews.al)<\/figcaption><\/figure>\n<p>N\u00ebse do t\u00eb ishin p\u00ebr banor\u00ebt e pastreh\u00eb, n\u00eb at\u00eb truall tashm\u00eb do t\u00eb punohej p\u00ebr Rind\u00ebrtimin. Por, duket qart\u00eb se zemra e Kombinatit \u00ebsht\u00eb parashikuar t\u00eb plot\u00ebsohet me \u201cblloqe pallatesh\u201d, jo p\u00ebr qytetar\u00ebt e pastreh\u00eb.<\/p>\n<p>Plani p\u00ebr \u201cbllokun 3\u201d vijon edhe m\u00eb tej, ku parashikohet zgjerim rrug\u00ebsh n\u00eb pjes\u00ebn fundore t\u00eb rrug\u00ebs \u201cLlambi Bonata\u201d, nj\u00eb zon\u00eb me godina t\u00eb vogla, t\u00eb cilat i rezistuan m\u00eb s\u00eb miri t\u00ebrmetit.<\/p>\n<figure id=\"attachment_1428737\" class=\"wp-caption alignnone\" aria-describedby=\"caption-attachment-1428737\"><img loading=\"lazy\" decoding=\"async\" class=\"size-medium wp-image-1428737\" src=\"https:\/\/boldnews.al\/wp-content\/uploads\/2024\/08\/WhatsApp-Image-2024-08-19-at-10.24.12-640x547.jpeg\" sizes=\"auto, (max-width: 640px) 100vw, 640px\" srcset=\"https:\/\/boldnews.al\/wp-content\/uploads\/2024\/08\/WhatsApp-Image-2024-08-19-at-10.24.12-640x547.jpeg 640w, https:\/\/boldnews.al\/wp-content\/uploads\/2024\/08\/WhatsApp-Image-2024-08-19-at-10.24.12-1280x1094.jpeg 1280w, https:\/\/boldnews.al\/wp-content\/uploads\/2024\/08\/WhatsApp-Image-2024-08-19-at-10.24.12-1024x876.jpeg 1024w, https:\/\/boldnews.al\/wp-content\/uploads\/2024\/08\/WhatsApp-Image-2024-08-19-at-10.24.12-1536x1313.jpeg 1536w, https:\/\/boldnews.al\/wp-content\/uploads\/2024\/08\/WhatsApp-Image-2024-08-19-at-10.24.12-750x641.jpeg 750w, https:\/\/boldnews.al\/wp-content\/uploads\/2024\/08\/WhatsApp-Image-2024-08-19-at-10.24.12-1140x975.jpeg 1140w, https:\/\/boldnews.al\/wp-content\/uploads\/2024\/08\/WhatsApp-Image-2024-08-19-at-10.24.12.jpeg 1600w\" alt=\"\" width=\"640\" height=\"547\" data-pin-no-hover=\"true\" \/><figcaption id=\"caption-attachment-1428737\" class=\"wp-caption-text\">N\u00eb foto: Pjesa fundore e rrug\u00ebs \u2018Llambi Bonata\u201d, parashikohet t\u00eb zgjerohet (foto: Boldnews.al)<\/figcaption><\/figure>\n<p>Por, nj\u00eb pjes\u00eb e tyre duket se do t\u00eb ndjej\u00eb goditjen e fadrom\u00ebs bashkiake, n\u00eb kuad\u00ebr t\u00eb Planit t\u00eb Detyruesh\u00ebm Vendor p\u00ebr Kombinatin.<\/p>\n<p><strong>Blloku i kat\u00ebrt<\/strong>\u00a0i nd\u00ebrhyrjes s\u00eb Bashkis\u00eb prek zon\u00ebn per\u00ebndimore t\u00eb Kombinatit dhe, sipas Planit Vendor, mbyll ciklin e Unaz\u00ebs s\u00eb re t\u00eb zon\u00ebs. Edhe n\u00eb k\u00ebt\u00eb zon\u00eb ka pasur \u201cshembje pallatesh t\u00eb detyruara\u201d n\u00eb num\u00ebr t\u00eb lart\u00eb dhe tashm\u00eb ka troje t\u00eb lira n\u00eb sip\u00ebrfaqe t\u00eb konsiderueshme.<\/p>\n<p>Ky \u201cbllok\u201d, sipas Bashkis\u00eb, kufizohet n\u00eb rrug\u00ebt \u201cTanush Frash\u00ebri\u201d, \u201cMusine Kokalari\u201d dhe \u201cShpataj\u201d.<\/p>\n<figure id=\"attachment_1428736\" class=\"wp-caption alignnone\" aria-describedby=\"caption-attachment-1428736\"><img loading=\"lazy\" decoding=\"async\" class=\"size-medium wp-image-1428736\" src=\"https:\/\/boldnews.al\/wp-content\/uploads\/2024\/08\/WhatsApp-Image-2024-08-19-at-10.24.12-1-640x415.jpeg\" sizes=\"auto, (max-width: 640px) 100vw, 640px\" srcset=\"https:\/\/boldnews.al\/wp-content\/uploads\/2024\/08\/WhatsApp-Image-2024-08-19-at-10.24.12-1-640x415.jpeg 640w, https:\/\/boldnews.al\/wp-content\/uploads\/2024\/08\/WhatsApp-Image-2024-08-19-at-10.24.12-1-750x486.jpeg 750w, https:\/\/boldnews.al\/wp-content\/uploads\/2024\/08\/WhatsApp-Image-2024-08-19-at-10.24.12-1.jpeg 810w\" alt=\"\" width=\"640\" height=\"415\" data-pin-no-hover=\"true\" \/><figcaption id=\"caption-attachment-1428736\" class=\"wp-caption-text\">N\u00eb foto: Blloku 4 i nd\u00ebrhyrjes infrastrukturore n\u00eb Kombinat<\/figcaption><\/figure>\n<p>P\u00ebr k\u00ebt\u00eb zon\u00eb, n\u00eb dokumentat e tenderit jepet ky p\u00ebrshkrim: \u201c<em>Prishjet jan\u00eb t\u00eb pakta, pasi edhe gjersia e rrug\u00ebs s\u00eb re p\u00ebrputhet me at\u00eb ekzistuese. Natyrisht q\u00eb infrastruktura inxhinierike do b\u00ebhet e re,\u00a0<strong><u>pasi kjo zon\u00eb do t\u00eb rind\u00ebrtohet me blloqe pallatesh<\/u><\/strong>\u00a0dhe k\u00ebrkon nj\u00eb ridimensionim si t\u00eb kanalizimeve, uj\u00ebsjell\u00ebsit, elektrikut etj<\/em>\u201d.\u201d<\/p>\n<p>Pra, edhe k\u00ebtu, Bashkia flet p\u00ebr \u201cblloqe t\u00eb reja pallatesh\u201d, t\u00eb cilat nuk jan\u00eb p\u00ebr banor\u00ebt e pastreh\u00eb, por q\u00eb nuk p\u00ebrmendet askund se si dhe kush do t\u2019i nd\u00ebrtoj\u00eb.<\/p>\n<figure id=\"attachment_1428735\" class=\"wp-caption alignnone\" aria-describedby=\"caption-attachment-1428735\"><img loading=\"lazy\" decoding=\"async\" class=\"size-medium wp-image-1428735\" src=\"https:\/\/boldnews.al\/wp-content\/uploads\/2024\/08\/WhatsApp-Image-2024-08-19-at-10.24.12-2-640x482.jpeg\" sizes=\"auto, (max-width: 640px) 100vw, 640px\" srcset=\"https:\/\/boldnews.al\/wp-content\/uploads\/2024\/08\/WhatsApp-Image-2024-08-19-at-10.24.12-2-640x482.jpeg 640w, https:\/\/boldnews.al\/wp-content\/uploads\/2024\/08\/WhatsApp-Image-2024-08-19-at-10.24.12-2-1280x963.jpeg 1280w, https:\/\/boldnews.al\/wp-content\/uploads\/2024\/08\/WhatsApp-Image-2024-08-19-at-10.24.12-2-1024x771.jpeg 1024w, https:\/\/boldnews.al\/wp-content\/uploads\/2024\/08\/WhatsApp-Image-2024-08-19-at-10.24.12-2-1536x1156.jpeg 1536w, https:\/\/boldnews.al\/wp-content\/uploads\/2024\/08\/WhatsApp-Image-2024-08-19-at-10.24.12-2-750x564.jpeg 750w, https:\/\/boldnews.al\/wp-content\/uploads\/2024\/08\/WhatsApp-Image-2024-08-19-at-10.24.12-2-1140x858.jpeg 1140w, https:\/\/boldnews.al\/wp-content\/uploads\/2024\/08\/WhatsApp-Image-2024-08-19-at-10.24.12-2.jpeg 1600w\" alt=\"\" width=\"640\" height=\"482\" data-pin-no-hover=\"true\" \/><figcaption id=\"caption-attachment-1428735\" class=\"wp-caption-text\">N\u00eb foto: Pjes\u00eb nga trualli i lir\u00eb, i krijuar pas shembjeve t\u00eb godinave t\u00eb d\u00ebmtuara n\u00eb \u201cbllokun 4\u201d n\u00eb Kombinat (foto: Boldnews.al)<\/figcaption><\/figure>\n<p>Ofertat p\u00ebr tenderin e Bashkis\u00eb s\u00eb Tiran\u00ebs, me vler\u00eb rreth 5 milion\u00eb euro me TVSH \u201c<em>Nd\u00ebrtimi i infrastruktur\u00ebs publike brenda Unaz\u00ebs s\u00eb Re s\u00eb zon\u00ebs, sipas PDyV Kombinat, (Faza 2)<\/em>\u201d, pritet t\u00eb dor\u00ebzohen brenda dat\u00ebs 26 Gusht 2024.<\/p>\n<p>N\u00eb p\u00ebrfundim t\u00eb tij, shum\u00eb shpejt fadromat e Bashkis\u00eb do t\u00eb rikthehen fuqish\u00ebm n\u00eb Kombinat p\u00ebr t\u2019i hapur rrug\u00eb \u201czon\u00ebs s\u00eb re t\u00eb zhvillimit\u201d, e cila, m\u00eb shum\u00eb se sa banor\u00ebve fatkeq\u00eb t\u00eb t\u00ebrmetit, pritet t\u2019u sh\u00ebrbej\u00eb bos\u00ebve \u201cfatlum\u00eb\u201d t\u00eb nd\u00ebrtimit, t\u00eb cil\u00ebt do t\u00eb arrijn\u00eb t\u00eb marrin troje t\u00eb lira nga administrata e Veliajt, me nj\u00eb kosto, natyrisht, shum\u00eb her\u00eb m\u00eb t\u00eb ul\u00ebt se sa ujdia q\u00eb mund t\u00eb b\u00ebnin me pronar\u00ebt e truallit apo t\u00eb godinave.<\/p>\n","protected":false},"excerpt":{"rendered":"<p>Boldnews.al Rreth 5 vjet pas t\u00ebrmetit tragjik t\u00eb n\u00ebntorit 2019, Bashkia e Tiran\u00ebs ka vendosur t\u00eb shkat\u00ebrroj\u00eb shum\u00eb godina e banesa t\u00eb tjera private n\u00eb Kombinat, n\u00eb kuad\u00ebr t\u00eb atij q\u00eb e konsideron si \u201cPlan i\u00a0Detyruesh\u00ebm Vendor\u201d. N\u00eb zbatim t\u00eb k\u00ebtij Plani, Bashkia e drejtuar nga Erion Veliaj ka shpallur tenderin me objekt \u201cNd\u00ebrtimi i &hellip;<\/p>\n","protected":false},"author":4,"featured_media":87008,"comment_status":"closed","ping_status":"closed","sticky":false,"template":"","format":"standard","meta":{"footnotes":""},"categories":[37],"tags":[],"class_list":["post-87007","post","type-post","status-publish","format-standard","has-post-thumbnail","","category-politike"],"_links":{"self":[{"href":"https:\/\/rdnews.al\/index.php\/wp-json\/wp\/v2\/posts\/87007","targetHints":{"allow":["GET"]}}],"collection":[{"href":"https:\/\/rdnews.al\/index.php\/wp-json\/wp\/v2\/posts"}],"about":[{"href":"https:\/\/rdnews.al\/index.php\/wp-json\/wp\/v2\/types\/post"}],"author":[{"embeddable":true,"href":"https:\/\/rdnews.al\/index.php\/wp-json\/wp\/v2\/users\/4"}],"replies":[{"embeddable":true,"href":"https:\/\/rdnews.al\/index.php\/wp-json\/wp\/v2\/comments?post=87007"}],"version-history":[{"count":0,"href":"https:\/\/rdnews.al\/index.php\/wp-json\/wp\/v2\/posts\/87007\/revisions"}],"wp:featuredmedia":[{"embeddable":true,"href":"https:\/\/rdnews.al\/index.php\/wp-json\/wp\/v2\/media\/87008"}],"wp:attachment":[{"href":"https:\/\/rdnews.al\/index.php\/wp-json\/wp\/v2\/media?parent=87007"}],"wp:term":[{"taxonomy":"category","embeddable":true,"href":"https:\/\/rdnews.al\/index.php\/wp-json\/wp\/v2\/categories?post=87007"},{"taxonomy":"post_tag","embeddable":true,"href":"https:\/\/rdnews.al\/index.php\/wp-json\/wp\/v2\/tags?post=87007"}],"curies":[{"name":"wp","href":"https:\/\/api.w.org\/{rel}","templated":true}]}}