{"id":87010,"date":"2024-08-19T10:09:35","date_gmt":"2024-08-19T10:09:35","guid":{"rendered":"https:\/\/rdnews.al\/?p=87010"},"modified":"2024-08-19T10:09:35","modified_gmt":"2024-08-19T10:09:35","slug":"dy-vite-me-pare-u-shkarkua-dhe-u-arrestua-rama-e-con-serish-shef-rendi-ne-shkoder","status":"publish","type":"post","link":"https:\/\/rdnews.al\/index.php\/2024\/08\/19\/dy-vite-me-pare-u-shkarkua-dhe-u-arrestua-rama-e-con-serish-shef-rendi-ne-shkoder\/","title":{"rendered":"Dy vite m\u00eb par\u00eb u shkarkua dhe u arrestua, Rama e \u00e7on s\u00ebrish shef Rendi n\u00eb Shkod\u00ebr"},"content":{"rendered":"<p>Komisari Saimir Rrustemi, i cili dy vite m\u00eb par\u00eb u pezullua, u arrestua dhe u akuzua p\u00ebr tenderin e Policis\u00eb s\u00eb Shkodr\u00ebs p\u00ebr rikonstruksionin e Komisariatit t\u00eb Mal\u00ebsis\u00eb s\u00eb Madhe \u00ebsht\u00eb rikthyer s\u00ebrish n\u00eb detyr\u00eb.<\/p>\n<p>Rrustemi \u00ebsht\u00eb em\u00ebruar s\u00ebrish n\u00eb detyr\u00ebn q\u00eb ka patur si shef i rendit n\u00eb Policin\u00eb e Shkodr\u00ebs.\u00a0Ai ka z\u00ebvend\u00ebsuar n\u00eb detyr\u00eb Genc Re\u00e7in, i cili m\u00ebsohet se \u00ebsht\u00eb transferuar n\u00eb postin e shefit t\u00eb St\u00ebrvitjes n\u00eb Forcat e Nd\u00ebrhyrjes s\u00eb Shpejt\u00eb, po n\u00eb Shkod\u00ebr.<\/p>\n<p>Kujtojm\u00eb se n\u00eb korrik t\u00eb vitit 2022, Saimir Rrustemi, s\u00eb bashku me 13 efektiv\u00eb t\u00eb tjer\u00eb ra n\u00eb pranga si i dyshuar n\u00eb p\u00ebrfshirjen e disa tenderave p\u00ebr rikonstruksionin e Komisariatit n\u00eb Mal\u00ebsin\u00eb e Madhe, n\u00eb vler\u00ebn 2 milion\u00eb lek\u00eb, bazuar n\u00eb nj\u00eb kontroll Auditi.<\/p>\n<p>Komisari mohoi publikisht akuzat n\u00eb at\u00eb koh\u00eb dhe q\u00ebndrimi i tij n\u00eb qeli zgjati vet\u00ebm tre dit\u00eb pasi Gjykata vendosi mas\u00ebn \u201carrest n\u00eb sht\u00ebpi\u201d p\u00ebr Rrustemin dhe m\u00eb pas \u201cdetyrim paraqitje\u201d.<\/p>\n<p>Pasi kaloi nj\u00eb vit me hetime, Prokuroria nuk ka gjetur prova t\u00eb arsyeshme p\u00ebr ta akuzuar dhe gjithashtu d\u00ebnuar. Dosja dhe akuzat ndaj tij u pushuan.<\/p>\n<p>Fillimisht Rrustemi u ul vitin e kaluar n\u00eb detyr\u00eb, teksa u em\u00ebrua n\u00eb Dib\u00ebr n\u00eb sall\u00ebn operative n\u00eb Drejtorin\u00eb Vendore. M\u00eb tej u em\u00ebrua shef i Krimeve n\u00eb Komisariatin e Vaut t\u00eb Dej\u00ebs p\u00ebr pak muaj dhe k\u00ebt\u00eb vit \u00ebsht\u00eb rikthyer n\u00eb postin q\u00eb mbante para se t\u00eb arrestohej dhe akuzohej.<\/p>\n","protected":false},"excerpt":{"rendered":"<p>Komisari Saimir Rrustemi, i cili dy vite m\u00eb par\u00eb u pezullua, u arrestua dhe u akuzua p\u00ebr tenderin e Policis\u00eb s\u00eb Shkodr\u00ebs p\u00ebr rikonstruksionin e Komisariatit t\u00eb Mal\u00ebsis\u00eb s\u00eb Madhe \u00ebsht\u00eb rikthyer s\u00ebrish n\u00eb detyr\u00eb. Rrustemi \u00ebsht\u00eb em\u00ebruar s\u00ebrish n\u00eb detyr\u00ebn q\u00eb ka patur si shef i rendit n\u00eb Policin\u00eb e Shkodr\u00ebs.\u00a0Ai ka z\u00ebvend\u00ebsuar n\u00eb &hellip;<\/p>\n","protected":false},"author":4,"featured_media":87011,"comment_status":"closed","ping_status":"closed","sticky":false,"template":"","format":"standard","meta":{"footnotes":""},"categories":[37],"tags":[],"class_list":["post-87010","post","type-post","status-publish","format-standard","has-post-thumbnail","","category-politike"],"_links":{"self":[{"href":"https:\/\/rdnews.al\/index.php\/wp-json\/wp\/v2\/posts\/87010","targetHints":{"allow":["GET"]}}],"collection":[{"href":"https:\/\/rdnews.al\/index.php\/wp-json\/wp\/v2\/posts"}],"about":[{"href":"https:\/\/rdnews.al\/index.php\/wp-json\/wp\/v2\/types\/post"}],"author":[{"embeddable":true,"href":"https:\/\/rdnews.al\/index.php\/wp-json\/wp\/v2\/users\/4"}],"replies":[{"embeddable":true,"href":"https:\/\/rdnews.al\/index.php\/wp-json\/wp\/v2\/comments?post=87010"}],"version-history":[{"count":0,"href":"https:\/\/rdnews.al\/index.php\/wp-json\/wp\/v2\/posts\/87010\/revisions"}],"wp:featuredmedia":[{"embeddable":true,"href":"https:\/\/rdnews.al\/index.php\/wp-json\/wp\/v2\/media\/87011"}],"wp:attachment":[{"href":"https:\/\/rdnews.al\/index.php\/wp-json\/wp\/v2\/media?parent=87010"}],"wp:term":[{"taxonomy":"category","embeddable":true,"href":"https:\/\/rdnews.al\/index.php\/wp-json\/wp\/v2\/categories?post=87010"},{"taxonomy":"post_tag","embeddable":true,"href":"https:\/\/rdnews.al\/index.php\/wp-json\/wp\/v2\/tags?post=87010"}],"curies":[{"name":"wp","href":"https:\/\/api.w.org\/{rel}","templated":true}]}}