{"id":8702,"date":"2022-04-06T11:42:41","date_gmt":"2022-04-06T11:42:41","guid":{"rendered":"https:\/\/rdnews.al\/?p=8702"},"modified":"2022-04-06T11:42:41","modified_gmt":"2022-04-06T11:42:41","slug":"nis-mbledhja-e-komisionit-te-rithemelimit-te-pd","status":"publish","type":"post","link":"https:\/\/rdnews.al\/index.php\/2022\/04\/06\/nis-mbledhja-e-komisionit-te-rithemelimit-te-pd\/","title":{"rendered":"Nis mbledhja e Komisionit t\u00eb Rithemelimit t\u00eb PD"},"content":{"rendered":"<p>Komisioni i Rithemelimit t\u00eb PD \u00ebsht\u00eb mbledhur n\u00eb selin\u00eb blu. I pranish\u00ebm n\u00eb k\u00ebt\u00eb mbledhje \u00ebsht\u00eb edhe lideri historik demokrat, Sali Berisha.<\/p>\n<p>Takimi vjen pasi\u00a0Gjykata e Tiran\u00ebs zbardhi vendimin\u00a0q\u00eb i njeh k\u00ebtij komisioni t\u00eb drejt\u00ebn p\u00ebr t\u00eb udh\u00ebhequr PD-n\u00eb.<\/p>\n<p>Nd\u00ebrkoh\u00eb n\u00eb vendim thuhet se\u00a0gjykata ka b\u00ebr\u00eb verifikim\u00a0t\u00eb thelluar\u00a0edhe p\u00ebr delegat\u00ebt e Kuvendit t\u00eb 11 dhjetorit, i pranuar tashm\u00eb edhe juridikisht.<\/p>\n<p>Takimi n\u00eb fjal\u00eb vjen pas zhvillimeve t\u00eb fundit n\u00eb kampin opozitar, ku kryefjal\u00eb \u00ebsht\u00eb e ardhmja e PD-s\u00eb.<\/p>\n","protected":false},"excerpt":{"rendered":"<p>Komisioni i Rithemelimit t\u00eb PD \u00ebsht\u00eb mbledhur n\u00eb selin\u00eb blu. I pranish\u00ebm n\u00eb k\u00ebt\u00eb mbledhje \u00ebsht\u00eb edhe lideri historik demokrat, Sali Berisha. Takimi vjen pasi\u00a0Gjykata e Tiran\u00ebs zbardhi vendimin\u00a0q\u00eb i njeh k\u00ebtij komisioni t\u00eb drejt\u00ebn p\u00ebr t\u00eb udh\u00ebhequr PD-n\u00eb. Nd\u00ebrkoh\u00eb n\u00eb vendim thuhet se\u00a0gjykata ka b\u00ebr\u00eb verifikim\u00a0t\u00eb thelluar\u00a0edhe p\u00ebr delegat\u00ebt e Kuvendit t\u00eb 11 dhjetorit, &hellip;<\/p>\n","protected":false},"author":4,"featured_media":8703,"comment_status":"open","ping_status":"open","sticky":false,"template":"","format":"standard","meta":{"footnotes":""},"categories":[37],"tags":[],"class_list":["post-8702","post","type-post","status-publish","format-standard","has-post-thumbnail","","category-politike"],"_links":{"self":[{"href":"https:\/\/rdnews.al\/index.php\/wp-json\/wp\/v2\/posts\/8702","targetHints":{"allow":["GET"]}}],"collection":[{"href":"https:\/\/rdnews.al\/index.php\/wp-json\/wp\/v2\/posts"}],"about":[{"href":"https:\/\/rdnews.al\/index.php\/wp-json\/wp\/v2\/types\/post"}],"author":[{"embeddable":true,"href":"https:\/\/rdnews.al\/index.php\/wp-json\/wp\/v2\/users\/4"}],"replies":[{"embeddable":true,"href":"https:\/\/rdnews.al\/index.php\/wp-json\/wp\/v2\/comments?post=8702"}],"version-history":[{"count":0,"href":"https:\/\/rdnews.al\/index.php\/wp-json\/wp\/v2\/posts\/8702\/revisions"}],"wp:featuredmedia":[{"embeddable":true,"href":"https:\/\/rdnews.al\/index.php\/wp-json\/wp\/v2\/media\/8703"}],"wp:attachment":[{"href":"https:\/\/rdnews.al\/index.php\/wp-json\/wp\/v2\/media?parent=8702"}],"wp:term":[{"taxonomy":"category","embeddable":true,"href":"https:\/\/rdnews.al\/index.php\/wp-json\/wp\/v2\/categories?post=8702"},{"taxonomy":"post_tag","embeddable":true,"href":"https:\/\/rdnews.al\/index.php\/wp-json\/wp\/v2\/tags?post=8702"}],"curies":[{"name":"wp","href":"https:\/\/api.w.org\/{rel}","templated":true}]}}