{"id":87026,"date":"2024-08-19T11:00:37","date_gmt":"2024-08-19T11:00:37","guid":{"rendered":"https:\/\/rdnews.al\/?p=87026"},"modified":"2024-08-19T11:00:37","modified_gmt":"2024-08-19T11:00:37","slug":"skandali-dumani-pergjon-opoziten-edhe-brenda-ps-se-dhe-ja-raporton-rames","status":"publish","type":"post","link":"https:\/\/rdnews.al\/index.php\/2024\/08\/19\/skandali-dumani-pergjon-opoziten-edhe-brenda-ps-se-dhe-ja-raporton-rames\/","title":{"rendered":"Skandali\/Dumani p\u00ebrgjon opozit\u00ebn edhe brenda PS-s\u00eb dhe ja raporton Ram\u00ebs"},"content":{"rendered":"<p>Kreu i PD-s\u00eb Sali Berisha ishte mjaft i ashp\u00ebr mbr\u00ebmjen e k\u00ebsaj t\u00eb diele me kreun e SPAK-ut, Altin Dumani. N\u00eb fjal\u00ebn e tij p\u00ebr mb\u00ebshtet\u00ebsit e mbledhur pran\u00eb sht\u00ebpis\u00eb s\u00eb tij, Berisha shqiptoi epitete t\u00eb r\u00ebnda p\u00ebr Dumanin.<\/p>\n<p>\u201cQ\u00eb nga koha e Enver Hoxh\u00ebs e deri m\u00eb sot kurr\u00eb shqiptar\u00ebt nuk kan\u00eb pasur nj\u00eb organ akuze m\u00eb kriminal, m\u00eb t\u00eb korruptuar, m\u00eb antishqiptar, m\u00eb antikushtetues se sa kan\u00eb sot Skapin e kryesuar nga Altin Dumani, kjo veg\u00ebl e ndyr\u00eb, e keqp\u00ebrdorur n\u00eb shkall\u00eb ekstreme q\u00eb q\u00ebndron n\u00eb krye t\u00eb Skapit pa mandat kushtetues. Ky kriminel q\u00eb p\u00ebrdor si justifikim amnistin\u00eb e vjedhjes s\u00eb shekullit, se qenka krim intelektual edhe \u00ebsht\u00eb i v\u00ebshtir\u00eb p\u00ebr t\u2019u zb\u00ebrthyer. More hajdut, Nuredini \u00ebsht\u00eb 10 her\u00eb m\u00eb i mir\u00eb se ti. Hajdut i p\u00ebshtir\u00eb\u201d<em> \u2013<\/em>\u00a0tha Berisha.<\/p>\n<p>M\u00eb tej ai e akuzoi Dumanin se p\u00ebrgjon opozit\u00ebn dhe eksponent\u00eb t\u00eb PS-s\u00eb dhe ia raporton Ram\u00ebs.<\/p>\n<p><em>\u201cOr hajdut, i pafytyr\u00eb, i pa nder\u00eb, i pa karakter, q\u00eb q\u00ebndron n\u00eb karrige si nj\u00eb horr i kushtetut\u00ebs, n\u00eb kund\u00ebrshtim me kushtetut\u00ebn. A nuk p\u00ebrb\u00ebn vep\u00ebr penale, rritja e \u00e7mimit me 83 her\u00eb t\u00eb sterilizimeve nga Ilir Beqaj dhe Edi Rama. Por mbahesh aty, sepse regjistron, sepse p\u00ebrgjon si pala\u00e7o eksponent\u00eb t\u00eb PS dhe opozit\u00ebn dhe i raporton Edi Ram\u00ebs, duke shkelmuar \u00e7do dit\u00eb detyr\u00ebn. Sigurisht do t\u00eb ishte e pafalshme, do t\u00eb ishte naive q\u00eb demokratet dhe demokrat\u00ebt t\u00eb prisnin zgjidhjen nga mercenar\u00eb duman\u00ebr.<\/em><\/p>\n<p>Jo zgjidhja \u00ebsht\u00eb p\u00ebrmbysja e Edi Ram\u00ebs, pastaj duman\u00ebt nuk kan\u00eb vrim\u00eb miu ku t\u00eb futen. Kudo q\u00eb t\u00eb shkoj\u00eb do ti sjellim n\u00eb Shqip\u00ebri k\u00ebta bandit\u00eb q\u00eb shkelmojn\u00eb mbi ligjin dhe t\u00eb drejt\u00ebn e shqiptar\u00ebve, mbi financat e tyre. Q\u00eb amnistrojn\u00eb vjedhjet, q\u00eb amnistojn\u00eb krimet monstruoze, vrasjet, trafiqet duke njoftuar me mandate kallpe, zyrtar\u00ebt kriminal\u00eb t\u00eb PS-s\u00eb. Ja pse ju, jeni shpresa e fundit e shqiptar\u00ebve\u201d\u00a0\u2013 tha Berisha.<\/p>\n<p>Kreu i opozit\u00ebs theksoi se SPAK ka amnistuar Edi Ram\u00ebn, Erion Veliajn, Belinda Ballukun, Engj\u00ebll Aga\u00e7in dhe qeveritar\u00eb e zyrtar\u00eb t\u00eb tjer\u00eb. \u00a9LAPSI.al<\/p>\n","protected":false},"excerpt":{"rendered":"<p>Kreu i PD-s\u00eb Sali Berisha ishte mjaft i ashp\u00ebr mbr\u00ebmjen e k\u00ebsaj t\u00eb diele me kreun e SPAK-ut, Altin Dumani. N\u00eb fjal\u00ebn e tij p\u00ebr mb\u00ebshtet\u00ebsit e mbledhur pran\u00eb sht\u00ebpis\u00eb s\u00eb tij, Berisha shqiptoi epitete t\u00eb r\u00ebnda p\u00ebr Dumanin. \u201cQ\u00eb nga koha e Enver Hoxh\u00ebs e deri m\u00eb sot kurr\u00eb shqiptar\u00ebt nuk kan\u00eb pasur nj\u00eb &hellip;<\/p>\n","protected":false},"author":3,"featured_media":87028,"comment_status":"closed","ping_status":"closed","sticky":false,"template":"","format":"standard","meta":{"footnotes":""},"categories":[40],"tags":[],"class_list":["post-87026","post","type-post","status-publish","format-standard","has-post-thumbnail","","category-aktualitet"],"_links":{"self":[{"href":"https:\/\/rdnews.al\/index.php\/wp-json\/wp\/v2\/posts\/87026","targetHints":{"allow":["GET"]}}],"collection":[{"href":"https:\/\/rdnews.al\/index.php\/wp-json\/wp\/v2\/posts"}],"about":[{"href":"https:\/\/rdnews.al\/index.php\/wp-json\/wp\/v2\/types\/post"}],"author":[{"embeddable":true,"href":"https:\/\/rdnews.al\/index.php\/wp-json\/wp\/v2\/users\/3"}],"replies":[{"embeddable":true,"href":"https:\/\/rdnews.al\/index.php\/wp-json\/wp\/v2\/comments?post=87026"}],"version-history":[{"count":0,"href":"https:\/\/rdnews.al\/index.php\/wp-json\/wp\/v2\/posts\/87026\/revisions"}],"wp:featuredmedia":[{"embeddable":true,"href":"https:\/\/rdnews.al\/index.php\/wp-json\/wp\/v2\/media\/87028"}],"wp:attachment":[{"href":"https:\/\/rdnews.al\/index.php\/wp-json\/wp\/v2\/media?parent=87026"}],"wp:term":[{"taxonomy":"category","embeddable":true,"href":"https:\/\/rdnews.al\/index.php\/wp-json\/wp\/v2\/categories?post=87026"},{"taxonomy":"post_tag","embeddable":true,"href":"https:\/\/rdnews.al\/index.php\/wp-json\/wp\/v2\/tags?post=87026"}],"curies":[{"name":"wp","href":"https:\/\/api.w.org\/{rel}","templated":true}]}}