{"id":87036,"date":"2024-08-19T12:36:25","date_gmt":"2024-08-19T12:36:25","guid":{"rendered":"https:\/\/rdnews.al\/?p=87036"},"modified":"2024-08-19T12:36:25","modified_gmt":"2024-08-19T12:36:25","slug":"diaspora-feste-ne-fshatin-e-martirizuar","status":"publish","type":"post","link":"https:\/\/rdnews.al\/index.php\/2024\/08\/19\/diaspora-feste-ne-fshatin-e-martirizuar\/","title":{"rendered":"Diaspora, fest\u00eb n\u00eb fshatin e martirizuar"},"content":{"rendered":"<p><strong><u>Halil RAMA -Mjesht\u00ebr i Madh*<\/u><\/strong><\/p>\n<p><strong><u>\u00a0<\/u><\/strong><strong>Qindra banor\u00eb vendas dhe emigrant\u00eb t\u00eb ardhur nga Italia, Gjermania, Franca, Greqia, SHBA, Gostivari e Dibra e Madhe takohen n\u00eb fshatin q\u00eb ka m\u00eb shum\u00eb heronj e d\u00ebshmor\u00eb se sa sht\u00ebpi<\/strong><\/p>\n<p>Viktim\u00eb e vendimit fam\u00ebkeq t\u00eb Konferenc\u00ebs s\u00eb Ambasador\u00ebve t\u00eb Londr\u00ebs t\u00eb 1913-\u00ebs, qe edhe fshati Vi\u00e7isht i Dibr\u00ebs,\u00a0 gjysma e njer\u00ebzve t\u00eb gjakut e fiseve t\u00eb t\u00eb cilit mbet\u00ebn n\u00eb Dibr\u00ebn e Madhe, si edhe t\u00eb disa zonave tjera kufitare q\u00eb ju aneksuan ish-Jugosllavis\u00eb.\u00a0 P\u00ebr afro nj\u00eb shekull, u ndan\u00eb p\u00ebr s\u00eb gjalli njer\u00ebz e familje t\u00eb nj\u00eb gjaku e fisi.<\/p>\n<p>Dhe si t\u00eb mos mjaftonte kjo tragjedi njer\u00ebzore, s\u00ebrish sistemi i diktatur\u00ebs do t\u00eb ndiqte politika p\u00ebr\u00e7ar\u00ebse edhe p\u00ebr banor\u00ebt e k\u00ebtij fshati me histori t\u00eb lavdishme.<\/p>\n<p>Nj\u00eb nd\u00ebr rastet e shumta t\u00eb k\u00ebtij kalvari \u00ebsht\u00eb edhe Hasan Cami, ish bashk\u00ebluft\u00ebtar i Heroit t\u00eb dy luftrave Bot\u00ebrore Ahmet Cami, q\u00eb me krijimin prej tij t\u00eb \u00e7et\u00ebs antifashiste t\u00eb Gollobord\u00ebs. Edhe Hasani ishte nd\u00ebr 19 burrat e k\u00ebtij fisi q\u00eb p\u00ebr veprimtari patriotike u burgos\u00ebn nga fashist\u00ebt italian\u00eb n\u00eb burgun fam\u00ebkeq t\u00eb Tiran\u00ebs n\u00eb prill 1941 (mes t\u00eb cil\u00ebve kat\u00ebr pushkatohen dhe tet\u00eb t\u00eb tjer\u00eb bien d\u00ebshmor\u00eb), por \u00e7udit\u00ebrisht, ky pinjoll i k\u00ebtij fisi em\u00ebrndritur, pas \u00e7liririmit arrestohet dhe d\u00ebnohet me akuz\u00ebn absurde t\u00eb sajuar nga ish sigurimi fam\u00ebkeq i shtetit diktatorial &#8220;agjitacion e propagand\u00eb&#8221;, d\u00ebnim ky q\u00eb do t&#8217;ju kushtonte r\u00ebnd\u00eb edhe pjestar\u00ebve t\u00eb familjes s\u00eb tij q\u00eb u persekutuan p\u00ebr vite e dekada t\u00eb koh\u00ebs s\u00eb monizmit.<\/p>\n<p><strong>EMIGRANTI NGA VICISHTI, SI FAKTOR P\u00cbRBASHKIMI<\/strong><\/p>\n<p>Tet\u00ebdhjet\u00eb vjet pas atij akti barbar, Klodian Cami, (st\u00ebrnipi i patriotit Hasana Cami), President i Shoqat\u00ebs &#8220;Shqiponja&#8221; (t\u00eb emigrant\u00ebve shqiptar\u00eb) n\u00eb Reggio Emiglia t\u00eb Italis\u00eb, identifikohet si faktor p\u00ebrbashkimi, jo vet\u00ebm i Cam\u00ebve, por i gjasht\u00eb fiseve: Cami, Lika, Xheka, Tola, Suma, Markja e Izvira, duke iniciuar dhe organizuar nj\u00eb fest\u00eb madh\u00ebshtore mbr\u00ebmjen e 17 gushtit n\u00eb oborrin e shkoll\u00ebs &#8220;Fasli Cami&#8221; n\u00eb Vi\u00e7ishtin e Ep\u00ebrm, nj\u00eb fshat ky me bukuri t\u00eb rralla natyrore, n\u00eb preh\u00ebrin e\u00a0 maleve. Dhe jo vet\u00ebm kaq, por si\u00e7 do t\u00eb shprehej me fjal\u00ebn e tij artistike moderatori i k\u00ebtij eventi, Mjeshtri i Madh Defrim Methasani: &#8220;T\u00eb gjith\u00eb ndjejn\u00eb k\u00ebnaq\u00ebsi dhe krenari nj\u00ebher\u00ebsh q\u00eb jan\u00eb pjes\u00eb e k\u00ebsaj feste madh\u00ebshore n\u00eb fshatin q\u00eb ka m\u00eb shum\u00eb heronj e d\u00ebshmor\u00eb se sa sht\u00ebpi, n\u00eb fshatin q\u00eb ka nxjerr\u00eb dhjetra personalitete me rrezatim mbar\u00ebkomb\u00ebtar, si ministra, deputet\u00eb drejtues institicionesh kryesore q\u00ebndrore, apo dhe kampion\u00eb Europe e bote n\u00eb sporte t\u00eb ndryshme, si v\u00eblla e mot\u00ebr Tefta e Mois Cami. shkrimtar\u00ebt e njohur Sakip, Shp\u00ebtim e Agron Cami, drejtoresha e QSU Tiran\u00eb, Prof. dr. Alma Cami, kampioni i bot\u00ebs n\u00eb boks Adriatik Cami etj.<\/p>\n<p>Po. Wsht\u00eb v\u00ebrtet\u00eb k\u00ebnaq\u00ebsi p\u00ebr mjeshtrin e moderimit dhe ikon\u00ebn e gazetaris\u00eb sportive e t\u00eb dokumentarit televiziv Methasani, t\u00eb jet\u00eb pjes\u00eb\u00a0 e k\u00ebsaj feste\u00a0 dhe ta moderoj\u00eb at\u00eb, nj\u00eb tradit\u00eb q\u00eb po zgjerohet nga viti n\u00eb vit me kthimin e m\u00ebrgimtar\u00ebve n\u00eb vendlindje, investimin dhe kujdesin e tyre p\u00ebr aktivitete t\u00eb bukura si ky i sotmi. K\u00ebt\u00eb k\u00ebnaq\u00ebsi dhe krenari do ta shpreh\u00eb edhe kryetarja e bashkis\u00eb Bulqiz\u00eb Festime Mjeshtri. N\u00eb fjal\u00ebn e saj p\u00ebrsh\u00ebndet\u00ebse ajo e konsideron Vi\u00e7ishtin nj\u00eb fshat me tradita t\u00eb hershme komb\u00ebtare, me d\u00ebshmor\u00eb dhe heronj t\u00eb shumt\u00eb,\u00a0 p\u00ebr shkak t\u00eb natyr\u00ebs dhe ndjenj\u00ebs s\u00eb fort\u00eb komb\u00ebtare, por edhe me t\u00eb p\u00ebrndjekur politik\u00eb dhe me personalitete n\u00eb fush\u00ebn e arsimit dhe shkenc\u00ebs, dhe kjo histori ja shton p\u00ebrgjegj\u00ebsin\u00eb p\u00ebr t\u00eb b\u00ebr\u00eb m\u00eb shum\u00eb p\u00ebr infrastruktur\u00ebn e mjedisin e k\u00ebtij fshati.<\/p>\n<p>Qytetarja e par\u00eb e Bashkis\u00eb Bulqize, znj. Festime Mjeshtri tha se e mir\u00ebpriti menj\u00ebher\u00eb ftes\u00ebn p\u00ebr t&#8217;ju bashkuar dhe p\u00ebr t\u00eb kontribuar p\u00ebr ta rregulluar shkoll\u00ebn q\u00eb mban emrin e d\u00ebshmorit &#8220;Fasli Cami&#8221;, p\u00ebr k\u00ebt\u00eb dit\u00eb festive. Ajo \u00ebsht\u00eb edhe ish &#8211; nx\u00ebn\u00ebse e k\u00ebsaj shkolle, k\u00ebshtu q\u00eb p\u00ebrgjegj\u00ebsia e saj qe e shumefisht\u00eb, si\u00e7 pohuan edhe organizator\u00eb tjer\u00eb t\u00eb k\u00ebsaj feste. Duke p\u00ebrg\u00ebzuar Klodian Camin p\u00ebr jet\u00ebzimin e mallit dhe dashuris\u00eb p\u00ebr familjen dhe mbi t\u00eb gjitha p\u00ebr institucionalizimin e k\u00ebsaj feste, ajo ftoi banoret e 63 fshatrave t\u00eb bashkis\u00eb Bulqiz\u00eb t\u00eb marrin shembullin e Vi\u00e7ishtit dhe ta shikojn\u00eb bashkin\u00eb si partnere.<\/p>\n<p>I pranish\u00ebm n\u00eb k\u00ebt\u00eb fest\u00eb edhe depueti demokrat Xhelal Mziu, nd\u00ebrsa prsh\u00ebndeti qindra pjes\u00ebmarr\u00ebsit e n\u00eb ve\u00e7anti bijt\u00eb emigrant\u00eb t\u00eb k\u00ebtij fshati, mir\u00ebnjohje t\u00eb ve\u00e7ant\u00eb shprehu p\u00ebr Klodian Camin. Ai tha se ishte i entuziazmuar q\u00eb ndodhej mes banor\u00ebve t\u00eb fshatit historik t\u00eb Vi\u00e7ishtit, n\u00eb juridikisonin e nj\u00ebsis\u00eb administrative Gjoric\u00eb. Mziu vler\u00ebsoi egon\u00a0 e jasht\u00ebzakonshme t\u00eb Klodian Camit p\u00ebr t\u00eb maksimalizuar dhe transmetuar tek bashk\u00ebmoshatar\u00ebt e tij \u00e7do vler\u00eb t\u00eb Shoqat\u00ebs &#8220;Shqiponja&#8221; n\u00eb Reggio Emiglia\u00a0 q\u00eb ai ka themeluar dhe drejton prej dy dekadash (Ai \u00ebsht\u00eb edhe sponsor i ekipit t\u00eb futbollit \u201cShqiponja\u201d q\u00eb k\u00ebt\u00eb vit arriti n\u00eb kategorin\u00eb C1.).<\/p>\n<p>DY MESAZHET E ISH MINISTRES S\u00cb ARSIMIT TEFTA CAMI<\/p>\n<p><img loading=\"lazy\" decoding=\"async\" class=\"alignnone size-medium wp-image-87037\" src=\"https:\/\/rdnews.al\/wp-content\/uploads\/2024\/08\/3-300x289.png\" alt=\"\" width=\"300\" height=\"289\" srcset=\"https:\/\/rdnews.al\/wp-content\/uploads\/2024\/08\/3-300x289.png 300w, https:\/\/rdnews.al\/wp-content\/uploads\/2024\/08\/3.png 426w\" sizes=\"auto, (max-width: 300px) 100vw, 300px\" \/><\/p>\n<p>Qindra pjes\u00ebmarr\u00ebsit q\u00eb kishin mbushur oborrin e shkoll\u00ebs &#8220;Fasli Cami&#8221; ndoq\u00ebn me interesim t\u00eb ve\u00e7ant\u00eb dhe duartrokit\u00ebn ngroht\u00ebsisht znj. Tefta Cami, bij\u00eb e k\u00ebtij fshati, ish ministrja m\u00eb jet\u00ebgjat\u00eb e arsimit, e cila me vendimarrjen e saj\u00a0 si ministre, ka kontribuar q\u00eb t\u00eb nd\u00ebtohet kjo shkoll\u00eb.<\/p>\n<p>Pasi falenderoi organizator\u00ebt p\u00ebr ftes\u00ebn p\u00ebr t\u00eb marr\u00eb pjes\u00eb n\u00eb fest\u00ebn e emigracionit n\u00eb fshatin e saj t\u00eb lindjes, Vi\u00e7isht, dhe pjes\u00ebmarr\u00ebsit e shumt\u00eb n\u00eb k\u00ebt\u00eb fest\u00eb, nd\u00ebr t\u00eb tjeta ajo tha se kudo ku ka punuar \u00ebsht\u00eb p\u00ebrpjekur, q\u00eb t\u00eb nderoj\u00eb familjen e saj me tri breza d\u00ebshmor\u00eb t\u00eb atdheut, farefisin me 14 d\u00ebshmor\u00eb gjat\u00eb Luft\u00ebs t\u00eb Dyt\u00eb Bot\u00ebrore dhe bashk\u00ebfshatar\u00ebt e saj. Ajo evidentoi gjithashtu ndihm\u00ebn p\u00ebr bashk\u00ebfshatar\u00ebt, duke u nd\u00ebrtuar e hapur shkoll\u00ebn e mesme \u201cFasli Cami\u201d, p\u00ebr uj\u00ebsjell\u00ebsin dhe me t\u00eb drejta studimi. Znj. Tefta Cami p\u00ebrg\u00ebzoj inisiatorin<\/p>\n<p>organizatorin kryesor te k\u00ebtij aktiviteti, Klodi Remzi Camin, q\u00eb \u00ebsht\u00eb pasardh\u00ebs i Beqir Camit, i cili \u00a0ka marr\u00eb pjes\u00eb gjat\u00eb Luft\u00ebs t\u00eb Par\u00eb Bot\u00ebrore me Shaban e Fet dhe Dan Camin dhe e kan\u00eb var\u00eb n\u00eb mes t\u00eb Sofies Beqirin, si luft\u00ebtar\u00eb e patriot shqiptar\u00eb, q\u00eb ka luftuar kund\u00ebr forcave pushtuese serbe e bullgare. Klodi \u00ebsht\u00eb pasardh\u00ebs i Hasan Beqir Camit, q\u00eb ka qen\u00eb bashk\u00ebluft\u00ebtar i komandantit t\u00eb tij Ahmet Feta Camit, si dhe bashk\u00ebvuajt\u00ebs n\u00eb burg si antifashist gjat\u00eb viteve 1941-1942.<\/p>\n<p>\u201c<em>Camet kan\u00eb qen\u00eb gjithmon\u00eb t\u00eb bashkuar, kur m\u00ebm\u00ebdheu ka qen\u00eb n\u00eb rrezik nga pushtuesit e huaj n\u00eb t\u00eb gjitha luftrat, p\u00ebr t\u00eb mbrojtur vatanin. Prandaj po jap k\u00ebt\u00eb mesazh: Mos shikoni fe e ndar\u00ebsira, se feja e shqiptarit \u00ebsht\u00eb shqiptaria!\u00a0<\/em><\/p>\n<p><em>Me q\u00eb \u00ebsht\u00eb festa e emigracionit, mesazhi i dyte \u00ebsht\u00eb: T\u2019i japim fund emigracionit! Pasuria, e ardhmja e \u00e7do shqiptari \u00ebsht\u00eb k\u00ebtu n\u00eb Shqip\u00ebri, sepse Shqip\u00ebria ka pasuri pafund tok\u00ebsore e n\u00ebntok\u00ebsore, klim\u00eb e turiz\u00ebm malor e detar. Shqip\u00ebria do t\u00eb b\u00ebhet vet\u00ebm me pun\u00ebn e p\u00ebrkushtimin e shqiptar\u00ebve. Vet\u00ebm n\u00eb Shqip\u00ebri shqiptar\u00ebt ndihen t\u00eb barabart\u00eb e me dinjitet p\u00ebr pun\u00ebn q\u00eb b\u00ebjn\u00eb. Vet\u00ebm n\u00eb Shqip\u00ebri do t\u00eb ndihen krenar\u00eb<\/em>\u201d, tha nd\u00ebr t\u00eb tjera ish &#8211; ministrja e Arsimit Tefta Cami.<\/p>\n<p>N\u00cb TETOR 80 VJETORI I SHKOLL\u00cbS \u201cFASLI CAMI\u201d<\/p>\n<p>Fjal\u00eb zemre p\u00ebr k\u00ebt\u00eb djal\u00eb t\u00eb Vi\u00e7ishtit than\u00eb n\u00eb p\u00ebrsh\u00ebndetjet e tyre edhe znj. Lirie Teodori, Drejtore e Shkoll\u00ebs &#8220;Fasli Cami&#8221;dhe Prof. dr. Shp\u00ebtim Cami, kryetar i Lidhjes s\u00eb Intelektual\u00ebve Dibran\u00eb, djal\u00eb i k\u00ebtij fshati dhe ish &#8211; nxen\u00ebs i k\u00ebsaj shkolle. Prof. Cami vler\u00ebsoi angazhimin e kryebashkiakes Festime Mjeshtri n\u00eb mb\u00ebshtetje t\u00eb Fest\u00ebs s\u00eb Diaspor\u00ebs s\u00eb fshatit Vi\u00e7isht, si dhe p\u00ebrgatitjet p\u00ebr 80 vjetorin e Shkoll\u00ebs &#8216;Fasli Cami&#8217;, me synim krijimin e nj\u00eb muzeu t\u00eb shkoll\u00ebs n\u00eb muajin tetor t\u00eb k\u00ebtij viti q\u00eb p\u00ebrkon edhe me 80-vjetorin e clirimit t\u00eb atdheut nga okupatori nazifashist..<\/p>\n<p>Fasli Cami, emrin e t\u00eb cilit mban kjo shkoll\u00eb \u00a0lindi n\u00eb n\u00ebntor t\u00eb vitit 1912 n\u00eb fshatin Vi\u00e7ish t\u00eb Dibr\u00ebs. Shkoll\u00ebn fillore 6 vje\u00e7are e kreu n\u00eb Internatin e Kastriotit t\u00eb Dibr\u00ebs nga viti 1920 deri n\u00eb vitin 1926. M\u00eb 1927 u pranua n\u00eb Shkoll\u00ebn Mbret\u00ebrore. N\u00eb vitin 1931 u transferua n\u00eb gjimnazin e shtetit n\u00eb Tiran\u00eb dhe vazhdoi\u00a0 studimet n\u00eb k\u00ebt\u00eb gjimnaz deri n\u00eb fundin e vitit 1932, koh\u00eb kur e p\u00ebrjashtuan se k\u00ebrkoi t\u00eb drejt\u00ebn si dhe\u00a0 shfaqi shenja rebelizmi ndaj padrejt\u00ebsive. N\u00eb\u00a0 k\u00ebt\u00eb\u00a0 koh\u00eb\u00a0 Fasliu ishte n\u00eb\u00a0 nj\u00eb shkoll\u00eb\u00a0 me Mehmet Shehun, i cili m\u00eb von\u00eb n\u00eb kujtimet e tij do t\u00eb shkruante se s\u2019kishte takuar n\u00eb jet\u00ebn e tij djal\u00eb\u00a0 m\u00eb trim se nj\u00eb\u00a0 dibran me emrin Fasli Cami. Me shum\u00eb p\u00ebrpjekje u ripranua\u00a0 p\u00ebr t\u00eb vazhduar studimet n\u00eb shkoll\u00ebn normale t\u00eb Elbasanit. N\u00eb janar u em\u00ebrua m\u00ebsues, n\u00eb vitin 1939 u transferua\u00a0 n\u00eb Gjoric\u00eb, ku sh\u00ebrbeu\u00a0 me nder, p\u00ebrgjegj\u00ebsi dhe nd\u00ebrgjegje deri m\u00eb 6 prill 1943, deri n\u00eb momentin kur fashist\u00ebt italian\u00eb\u00a0 e vran\u00eb n\u00eb kodrat e Gjoric\u00ebs. M\u00ebsues e nx\u00ebn\u00ebs t\u00eb Shkoll\u00ebs s\u00eb Vi\u00e7ishtit, n\u00eb k\u00ebt\u00eb 80 vjetor t\u00eb krijimit t\u00eb saj ndjehen m\u00eb krenar se kurr\u00eb q\u00eb ajo mban emrin e m\u00ebsuesit d\u00ebshmir Fasli Cami.<\/p>\n<p>Prof. dr. Shp\u00ebtim Cami, n\u00eb fjal\u00ebn e tij vler\u00ebsoi gjithashtu dakort\u00ebsimin me kryebashkiaken Mjeshtri p\u00ebr ide q\u00eb duhen mbeshtetur n\u00eb \u00e7do fshat, p\u00ebr mbajtjen e komunikimit t\u00eb vazhduesh\u00ebm e forcimin e marr\u00ebdh\u00ebnieve me diaspor\u00ebn dhe emigrant\u00ebt\u00a0 shqiptar\u00eb.<\/p>\n<p>Pjes\u00ebmarr\u00ebsit i p\u00ebrsh\u00ebndeti gjithashtu \u00a0kryetari i deg\u00ebs s\u00eb LID p\u00ebr Maqellar\u00ebn, gazetari e shkrimtari Osman Gjili, kampioni i bot\u00ebs p\u00ebr dy kategori n\u00eb boks Adriatik Cami etj. M\u00ebsuesi veteran Avni Mera, ish &#8211; drejtor p\u00ebr 8 vjet i k\u00ebsaj shkolle\u00a0 shprehu k\u00ebnaq\u00ebsi t\u00eb ve\u00e7ant\u00eb q\u00eb ndodehj mes ish dhjetra nx\u00ebn\u00ebsve t\u00eb tij, sot n\u00eb profesione e funksione t\u00eb ndryshme n\u00eb Bulqiz\u00eb, Peshkopi, Tiran\u00eb e diaspor\u00eb.<\/p>\n<p>K\u00ebnaq\u00ebsi t\u00eb ve\u00e7ant\u00eb q\u00eb ndodheshin mes djemve e vajzave vi\u00e7ishtash shpreh\u00ebn edhe n\u00ebnkryetari i Lidhjes s\u00eb Intelektual\u00ebve Dibran\u00eb, z. Musa Ri\u00e7ku, kryetari i deg\u00ebs s\u00eb PD, avokat Shaqir Manjani, nj\u00ebher\u00ebsh an\u00ebtar i k\u00ebshillit t\u00eb Bashkis\u00eb Bulqiz\u00eb dhe n\u00ebnkryetari i k\u00ebshillit t\u00eb k\u00ebsaj bashkie Z. Munir Sinani.<\/p>\n<p>N\u00eb fjal\u00ebt e tyre, em\u00ebrues i p\u00ebrbashk\u00ebt \u00ebsht\u00eb mir\u00ebnjohja p\u00ebr Klodian Camin, iniciator dhe organizator i k\u00ebsaj feste mbres\u00ebl\u00ebn\u00ebse. Mesazhet q\u00eb p\u00ebrcjellin shembullin e tij kan\u00eb emrin &#8220;krenari&#8221;. Krenaria ka nevoj\u00eb p\u00ebr nj\u00eb truall, p\u00ebr nj\u00eb shtrat q\u00eb rritet\u2026E pik\u00ebrisht n\u00eb k\u00ebt\u00eb shtrat ka ecur dhe ec\u00ebn Klodian Cami, i p\u00ebrshtatur mir\u00eb me koh\u00ebn, bujar, fisnik, humanist i pashoq, intelektual i mir\u00ebformuar dhe i zoti, q\u00eb ka \u00e7ar\u00eb n\u00eb jet\u00eb me men\u00e7uri e sakrifica.<\/p>\n<p><strong>FESTA E VI\u00c7ISHTIT, ME RREZATIM NBAR\u00cbKOMB\u00cbTAR<\/strong><\/p>\n<p><img loading=\"lazy\" decoding=\"async\" class=\"alignnone size-medium wp-image-87038\" src=\"https:\/\/rdnews.al\/wp-content\/uploads\/2024\/08\/1-300x190.png\" alt=\"\" width=\"300\" height=\"190\" srcset=\"https:\/\/rdnews.al\/wp-content\/uploads\/2024\/08\/1-300x190.png 300w, https:\/\/rdnews.al\/wp-content\/uploads\/2024\/08\/1.png 629w\" sizes=\"auto, (max-width: 300px) 100vw, 300px\" \/><\/p>\n<p>Festa e Vi\u00e7ishtit rizgjoi nostalgjin\u00eb e\u00a0 bnor\u00ebve t\u00eb tij, ve\u00e7mas atyre q\u00eb jetojn\u00eb e\u00a0 punojn\u00eb jasht\u00eb Shqip\u00ebris\u00eb. Klodian Cami \u00ebsht\u00eb nj\u00ebri prej atyre djemve q\u00eb kthen kok\u00ebn pas, duke krijuar mund\u00ebsin\u00eb e g\u00ebzimit e bashkimit t\u00eb njer\u00ebzve p\u00ebrmes organizimit t\u00eb k\u00ebsaj feste t\u00eb papar\u00eb n\u00eb fshatin e tij.<\/p>\n<p>Impresione ngjalli kjo fest\u00eb edhe tek miqt\u00eb e tij t\u00eb ardhur nga SHBA, Italia, Gjermania, Greqia, Gostivari e Dibra e Madhe.<\/p>\n<p>&#8220;Uroj q\u00eb kjo fest\u00eb t\u00eb p\u00ebrhapet n\u00eb gjith\u00eb Shqip\u00ebrin\u00eb&#8221;, thot\u00eb Gentian Shero nga Kavaja, kryetar i Shoqat\u00ebs &#8220;N\u00ebn\u00eb Tereza&#8221;, n\u00eb Trento t\u00eb Italis\u00eb, sponsor dhe president i shkoll\u00ebs &#8220;Artur Lleshi&#8221; dhe ekipit t\u00eb futbollit &#8220;Iliria&#8221; t\u00eb emigrant\u00ebve shqiptar\u00eb n\u00eb k\u00ebt\u00eb rajon t\u00eb Iltalis\u00eb. Urimit t\u00eb tij i bashkohet edhe Bujar Tabaku, nga Kavaja q\u00eb jeton n\u00eb Parma. Ai thot\u00eb se me shembullin e tij, me shqiptarizm\u00ebn e spikatur n\u00eb drejtimin e shoqat\u00ebs &#8220;Shqiponja&#8221;, Kloian Cami \u00ebsht\u00eb b\u00ebr\u00eb shembull frym\u00ebzimi edhe p\u00ebr Forumi e Guas Shqiptare, .me presidente znj. Marsida Mediu q\u00eb \u00ebsht\u00eb b\u00ebr\u00eb z\u00ebri i diaspor\u00ebs n\u00eb Itali. Gentiani dhe Bujari na flasin me p\u00ebrzem\u00ebrsi edhe p\u00ebr ndihm\u00ebs\u00ebn q\u00eb Klodiani ka dh\u00ebn\u00eb p\u00ebr shkoll\u00ebn shqiptare &#8220;Sk\u00ebnderbeu&#8221; me drejtor Durim Lika nga Manza dhe m\u00ebues Zamira Shkurti nga Lushnja, Sabri Kulla nga Durr\u00ebsi, shkoll\u00eb kjo ku m\u00ebsojn\u00eb 65 nx\u00ebn\u00ebs, f\u00ebmij\u00eb emigrat\u00ebsh shqiptar\u00eb. Mir\u00ebnjohje dhe respekt t\u00eb ve\u00e7ant\u00eb p\u00ebr Klodin shpreh\u00ebn edhe Ibrahim Kolari n\u00eb em\u00ebr t\u00eb diaspor\u00ebs shqiptare n\u00eb Nju Jork, Mi\u00e7e Duka, Kryetar i Shoqat\u00ebs Kulturore Artistike \u201cDibra e Madhe\u201d, Ismaili nga Gostivari, an\u00ebtar i shoqat\u00ebs &#8220;Shqiponja&#8221;, Resul Uzini nga Gostivari, \u00a0si dhe bashk\u00ebshort\u00ebt Sugare dhe Gjovalin Suzaj \u00a0nga Tropoja,\u00a0\u00a0 Urimit t\u00eb tyre t\u00eb p\u00ebrzem\u00ebrt p\u00ebr Klodian Camin, djalin e shqiptaris\u00eb n\u00eb Itali i bashkohet edhe kunata e tij, Alma Skuka q\u00eb ka ardhur\u00a0 nga Franca p\u00eb t\u00eb b\u00ebr\u00eb disa foto nga ky fshat perl\u00eb e natyr\u00ebs, si dhe Drita Ahmet Cami (Garuli) q\u00eb kishte ardhur nga Gjermania.<\/p>\n<p>&#8220;Sa i bukur duket vi\u00e7ishti\u00a0 k\u00ebt\u00eb mbr\u00ebmje t\u00eb 17 gushtit. Ky vend \u00ebsht\u00eb i shenjt\u00eb p\u00ebr ne. \u00cbsht\u00eb k\u00ebnaq\u00ebsi e ve\u00e7ant\u00eb q\u00eb b\u00ebhemi bashk\u00eb, n\u00eb k\u00ebt\u00eb bashkim\u00a0 vlerash&#8230;Sonte jemi shum\u00eb m\u00eb shum\u00eb nga sa e mendonim, por duhet t\u00eb ishim shum\u00eb m\u00eb shum\u00eb&#8230;K\u00ebtu tek kjo shkoll\u00eb me histori 80 vje\u00e7are nisi sot ky takim q\u00eb do jet\u00eb i p\u00ebrvitsh\u00ebm&#8221;, thot\u00eb nd\u00ebr t\u00eb tjera i emocionuar protagonisti kryesor i k\u00ebsaj feste, Klodian Cami. Dhe n\u00eb morin\u00eb e miqve t\u00eb shumt\u00eb, \u00a0p\u00ebrve\u00e7on mjekun Bajram Xheka dhe\u00a0 m\u00ebsuesin veteran Fehmi Lika, ish kryetar i fshatit Vi\u00e7isht, q\u00eb q\u00eb dhan\u00eb ndihmes\u00eb n\u00eb organizimin e k\u00ebtij eventi.<\/p>\n<p><img loading=\"lazy\" decoding=\"async\" class=\"alignnone size-medium wp-image-87040\" src=\"https:\/\/rdnews.al\/wp-content\/uploads\/2024\/08\/2-300x171.png\" alt=\"\" width=\"300\" height=\"171\" srcset=\"https:\/\/rdnews.al\/wp-content\/uploads\/2024\/08\/2-300x171.png 300w, https:\/\/rdnews.al\/wp-content\/uploads\/2024\/08\/2.png 627w\" sizes=\"auto, (max-width: 300px) 100vw, 300px\" \/><\/p>\n<p>Atmosfer\u00ebn e k\u00ebsaj feste e ndezi k\u00ebng\u00ebtarja famoze Elda Berisha me k\u00ebng\u00ebn <strong><em>&#8220;Kuq e zi&#8221;.\u00a0 Jehona e vargjeve t\u00eb saj &#8220;Ose sot ose kurr\u00eb\/ na bashkon nj\u00eb flamur\/ kuq e zi \u00ebsht\u00eb Shqip\u00ebria\/ \u00ebsht\u00eb Kosova, \u00c7am\u00ebria&#8221;<\/em><\/strong> jehuan fuqish\u00ebm gryk\u00ebs s\u00eb Drinit t\u00eb Zi e matan\u00eb kufirit n\u00eb trojet shqiptare t\u00eb Republik\u00ebs s\u00eb Maqedonis\u00eb s\u00eb Veriut. Po ashtu edhe vargjet e k\u00ebng\u00ebs <strong><em>&#8220;Po ku ka si ti moj Shqip\u00ebria ime&#8221;<\/em><\/strong>, interpretuar mjesht\u00ebrisht nga vog\u00eblushja Keisiana Duri\u00e7i, si dhe Evelina Shabani, mbes\u00eb e k\u00e8tij fshati me z\u00ebrin e saj brilant n\u00eb interpretimin e k\u00ebng\u00ebve popullore dibrane. Gjall\u00ebri i dhan\u00eb fest\u00ebs edhe valltar\u00ebt e vegj\u00ebl t\u00eb Qendrave Kulturore t\u00eb F\u00ebmij\u00ebve Bulqiz\u00eb e Durr\u00ebs, si dhe\u00a0 artist\u00ebt e m\u00ebdhenj t\u00eb humorit, Mjeshtri i Madh Behar Mera e Genci Lleshi, me interpretimin e disa grimcave humoristike gazmore.<\/p>\n<p>G\u00ebzim, k\u00ebng\u00eb, valle, hare&#8230;n\u00eb k\u00ebt\u00eb nat\u00eb festive n\u00eb fest\u00ebn e Vi\u00e7ishtit, fshatit t\u00eb martirizuar nga pushtues t\u00eb shumt\u00eb dhe nga diktatura komuniste, fest\u00eb q\u00eb mbyllet me z\u00ebrin kushtrimor t\u00eb Dritan Jasharit n\u00eb k\u00ebng\u00ebn kushtrim &#8220;Fluturon shqipja mbi Korab&#8230;&#8221;.<\/p>\n<p><img loading=\"lazy\" decoding=\"async\" class=\"alignnone size-medium wp-image-87039\" src=\"https:\/\/rdnews.al\/wp-content\/uploads\/2024\/08\/4-300x263.png\" alt=\"\" width=\"300\" height=\"263\" srcset=\"https:\/\/rdnews.al\/wp-content\/uploads\/2024\/08\/4-300x263.png 300w, https:\/\/rdnews.al\/wp-content\/uploads\/2024\/08\/4.png 477w\" sizes=\"auto, (max-width: 300px) 100vw, 300px\" \/><\/p>\n","protected":false},"excerpt":{"rendered":"<p>Halil RAMA -Mjesht\u00ebr i Madh* \u00a0Qindra banor\u00eb vendas dhe emigrant\u00eb t\u00eb ardhur nga Italia, Gjermania, Franca, Greqia, SHBA, Gostivari e Dibra e Madhe takohen n\u00eb fshatin q\u00eb ka m\u00eb shum\u00eb heronj e d\u00ebshmor\u00eb se sa sht\u00ebpi Viktim\u00eb e vendimit fam\u00ebkeq t\u00eb Konferenc\u00ebs s\u00eb Ambasador\u00ebve t\u00eb Londr\u00ebs t\u00eb 1913-\u00ebs, qe edhe fshati Vi\u00e7isht i Dibr\u00ebs,\u00a0 gjysma &hellip;<\/p>\n","protected":false},"author":4,"featured_media":87040,"comment_status":"closed","ping_status":"closed","sticky":false,"template":"","format":"standard","meta":{"footnotes":""},"categories":[37],"tags":[],"class_list":["post-87036","post","type-post","status-publish","format-standard","has-post-thumbnail","","category-politike"],"_links":{"self":[{"href":"https:\/\/rdnews.al\/index.php\/wp-json\/wp\/v2\/posts\/87036","targetHints":{"allow":["GET"]}}],"collection":[{"href":"https:\/\/rdnews.al\/index.php\/wp-json\/wp\/v2\/posts"}],"about":[{"href":"https:\/\/rdnews.al\/index.php\/wp-json\/wp\/v2\/types\/post"}],"author":[{"embeddable":true,"href":"https:\/\/rdnews.al\/index.php\/wp-json\/wp\/v2\/users\/4"}],"replies":[{"embeddable":true,"href":"https:\/\/rdnews.al\/index.php\/wp-json\/wp\/v2\/comments?post=87036"}],"version-history":[{"count":0,"href":"https:\/\/rdnews.al\/index.php\/wp-json\/wp\/v2\/posts\/87036\/revisions"}],"wp:featuredmedia":[{"embeddable":true,"href":"https:\/\/rdnews.al\/index.php\/wp-json\/wp\/v2\/media\/87040"}],"wp:attachment":[{"href":"https:\/\/rdnews.al\/index.php\/wp-json\/wp\/v2\/media?parent=87036"}],"wp:term":[{"taxonomy":"category","embeddable":true,"href":"https:\/\/rdnews.al\/index.php\/wp-json\/wp\/v2\/categories?post=87036"},{"taxonomy":"post_tag","embeddable":true,"href":"https:\/\/rdnews.al\/index.php\/wp-json\/wp\/v2\/tags?post=87036"}],"curies":[{"name":"wp","href":"https:\/\/api.w.org\/{rel}","templated":true}]}}