{"id":87064,"date":"2024-08-19T18:31:22","date_gmt":"2024-08-19T18:31:22","guid":{"rendered":"https:\/\/rdnews.al\/?p=87064"},"modified":"2024-08-19T18:31:22","modified_gmt":"2024-08-19T18:31:22","slug":"berisha-te-marresh-sot-2-7-milione-euro-vetura-me-qira-per-hajdutet-e-bashkise-eshte-krim","status":"publish","type":"post","link":"https:\/\/rdnews.al\/index.php\/2024\/08\/19\/berisha-te-marresh-sot-2-7-milione-euro-vetura-me-qira-per-hajdutet-e-bashkise-eshte-krim\/","title":{"rendered":"Berisha: T\u00eb marr\u00ebsh sot 2.7 milion\u00eb euro vetura me qira p\u00ebr hajdut\u00ebt e bashkis\u00eb \u00ebsht\u00eb krim!"},"content":{"rendered":"<p>Lideri i opozit\u00ebs, Sali Berisha teksa e ka cil\u00ebsuar marrjen me qira t\u00eb veturave me 2.7 milion euro nga kryetari i Bashkis\u00eb\u00a0Tiran\u00eb, Erion Veliaj, si krimin m\u00eb t\u00eb sh\u00ebmtuar ekonomik n\u00eb vend, garantoi qytetar\u00ebt se ve\u00e7 t\u00eb zgjedhurve, askush tjet\u00ebr nuk do t\u00eb pajiset me vetura shtet\u00ebrore.<\/p>\n<p>Nga q\u00ebndresa qytetare n\u00eb dit\u00ebn e 231 t\u00eb saj, Berisha theksoi gjithashtu se vetura q\u00eb i p\u00ebrdorin p\u00ebr t\u00eb vjedhur naft\u00eb nga m\u00ebngjesi n\u00eb dark\u00eb me taksat e shqiptar\u00ebve, i p\u00ebrdorin edhe p\u00ebr q\u00ebllime personale p\u00ebr udh\u00ebtime n\u00eb Shqip\u00ebri dhe rajon, duke shtuar m\u00eb tej vjedhjen dhe varf\u00ebrimin e qytetar\u00ebve.<\/p>\n<p>\u201cT\u00eb dashur miq, k\u00ebtu mbr\u00ebm\u00eb u denoncua marrja me qira nga Erion Veliaj p\u00ebr 2.7 milion\u00eb euro t\u00eb nj\u00eb seri veturash me nj\u00eb qira m\u00eb t\u00eb kushtueshme n\u00eb tre vite se sa po t\u00eb bliheshin t\u00eb reja ato.<\/p>\n<p>Nuk ka krim m\u00eb t\u00eb sh\u00ebmtuar ekonomik se ky, t\u00eb marr\u00ebsh me qira 2.7 milion\u00eb euro makina me nj\u00eb \u00e7mim m\u00eb t\u00eb madh se sa t\u2019i blesh ato t\u00eb reja, do t\u00eb thot\u00eb t\u00eb vjedh\u00ebsh t\u00eb pakt\u00ebn 70 p\u00ebrqind t\u00eb atyre parave, n\u00eb nj\u00eb koh\u00eb kur ju garantoj ju se p\u00ebrve\u00e7 t\u00eb zgjedhurve, nuk do ket\u00eb njeri vetur\u00eb shtet\u00ebrore.<\/p>\n<p>Asnj\u00eb njeri nuk do mund t\u00eb ket\u00eb vetur\u00eb shtet\u00ebrore p\u00ebrve\u00e7 t\u00eb zgjedhurve, t\u00eb votuarve nga qytetar\u00ebt dhe drejtuesit e institucioneve kushtetuese.<\/p>\n<p>Harrojeni o kolltukofag\u00eb se do mund t\u00eb uleni n\u00eb vetura t\u00eb paguara nga qytetar\u00ebt shqiptar\u00eb.<\/p>\n<p>Asnj\u00eb!<\/p>\n<p>T\u00eb dashur miq, n\u00eb vitin 2009, i hoq\u00ebm p\u00ebr t\u00eb gjith\u00eb administrat\u00ebn qendrore, me nj\u00eb vendim qeverie kursyem 46 milion\u00eb euro.<\/p>\n<p>Zyrtar\u00ebt vinin n\u00eb pun\u00eb. P\u00ebr \u00e7do sh\u00ebrbim u paguhej qindark\u00eb p\u00ebr qindark\u00eb nafta ose u paguheshin dietat.<\/p>\n<p>Dhe administrata funksiononte pa asnj\u00eb penges\u00eb, por nuk funksiononte si shushunj\u00eb.<\/p>\n<p>T\u00eb marr\u00ebsh sot 2.7 milion\u00eb euro vetura me qira p\u00ebr hajdut\u00ebt e bashkis\u00eb \u00ebsht\u00eb krim, \u00ebsht\u00eb nd\u00ebshkim p\u00ebr qytetar\u00ebt shqiptar\u00eb.<\/p>\n<p>Vetura q\u00eb i p\u00ebrdorin p\u00ebr t\u00eb vjedhur naft\u00eb nga m\u00ebngjesi gjer n\u00eb dark\u00eb me taksat e shqiptar\u00ebve.<\/p>\n<p>I p\u00ebrdorin p\u00ebr q\u00ebllime personale nga m\u00ebngjesi gjer n\u00eb dark\u00eb, p\u00ebr udh\u00ebtime n\u00eb Shqip\u00ebri dhe rajon, duke shtuar vjedhjen, varf\u00ebrimin e qytetar\u00ebve shqiptar\u00eb\u201d, tha Berisha.<\/p>\n","protected":false},"excerpt":{"rendered":"<p>Lideri i opozit\u00ebs, Sali Berisha teksa e ka cil\u00ebsuar marrjen me qira t\u00eb veturave me 2.7 milion euro nga kryetari i Bashkis\u00eb\u00a0Tiran\u00eb, Erion Veliaj, si krimin m\u00eb t\u00eb sh\u00ebmtuar ekonomik n\u00eb vend, garantoi qytetar\u00ebt se ve\u00e7 t\u00eb zgjedhurve, askush tjet\u00ebr nuk do t\u00eb pajiset me vetura shtet\u00ebrore. Nga q\u00ebndresa qytetare n\u00eb dit\u00ebn e 231 t\u00eb &hellip;<\/p>\n","protected":false},"author":4,"featured_media":82604,"comment_status":"closed","ping_status":"closed","sticky":false,"template":"","format":"standard","meta":{"footnotes":""},"categories":[37],"tags":[],"class_list":["post-87064","post","type-post","status-publish","format-standard","has-post-thumbnail","","category-politike"],"_links":{"self":[{"href":"https:\/\/rdnews.al\/index.php\/wp-json\/wp\/v2\/posts\/87064","targetHints":{"allow":["GET"]}}],"collection":[{"href":"https:\/\/rdnews.al\/index.php\/wp-json\/wp\/v2\/posts"}],"about":[{"href":"https:\/\/rdnews.al\/index.php\/wp-json\/wp\/v2\/types\/post"}],"author":[{"embeddable":true,"href":"https:\/\/rdnews.al\/index.php\/wp-json\/wp\/v2\/users\/4"}],"replies":[{"embeddable":true,"href":"https:\/\/rdnews.al\/index.php\/wp-json\/wp\/v2\/comments?post=87064"}],"version-history":[{"count":0,"href":"https:\/\/rdnews.al\/index.php\/wp-json\/wp\/v2\/posts\/87064\/revisions"}],"wp:featuredmedia":[{"embeddable":true,"href":"https:\/\/rdnews.al\/index.php\/wp-json\/wp\/v2\/media\/82604"}],"wp:attachment":[{"href":"https:\/\/rdnews.al\/index.php\/wp-json\/wp\/v2\/media?parent=87064"}],"wp:term":[{"taxonomy":"category","embeddable":true,"href":"https:\/\/rdnews.al\/index.php\/wp-json\/wp\/v2\/categories?post=87064"},{"taxonomy":"post_tag","embeddable":true,"href":"https:\/\/rdnews.al\/index.php\/wp-json\/wp\/v2\/tags?post=87064"}],"curies":[{"name":"wp","href":"https:\/\/api.w.org\/{rel}","templated":true}]}}