{"id":87127,"date":"2024-08-20T09:49:59","date_gmt":"2024-08-20T09:49:59","guid":{"rendered":"https:\/\/rdnews.al\/?p=87127"},"modified":"2024-08-20T09:49:59","modified_gmt":"2024-08-20T09:49:59","slug":"tirana-e-veliajt-me-e-shtrenjta-ne-europe-ne-ndertimin-e-shkollave-3388-euro-per-meter-katror","status":"publish","type":"post","link":"https:\/\/rdnews.al\/index.php\/2024\/08\/20\/tirana-e-veliajt-me-e-shtrenjta-ne-europe-ne-ndertimin-e-shkollave-3388-euro-per-meter-katror\/","title":{"rendered":"Tirana e Veliajt, m\u00eb e shtrenjta n\u00eb Europ\u00eb n\u00eb nd\u00ebrtimin e shkollave, 3388 euro p\u00ebr met\u00ebr katror"},"content":{"rendered":"<p><strong>Deklarata e Koordinatorit rajonal p\u00ebr Tiran\u00ebn i PD, Klevis Balliu:<\/strong><\/p>\n<p>P\u00ebrsh\u00ebndetje<\/p>\n<p>Erion Veliaj me ardhjen n\u00eb krye t\u00eb bashkis\u00eb ka thyer rekorde ne abuzime dhe vjedhje. Pushteti aktual nuk investon n\u00eb arsim por arsimin e sheh si mund\u00ebsi p\u00ebr t\u00eb vjedhur.<\/p>\n<p>Veliaj shpiku taks\u00ebn e infrastruktur\u00ebs arsimore me an\u00eb t\u00eb s\u00eb cil\u00ebs do t\u00eb nd\u00ebrtoheshin shkolla t\u00eb cilat nuk jan\u00eb nd\u00ebrtuar \u00e7ka \u00ebsht\u00eb abuzim me fondet e k\u00ebsaj takse.<\/p>\n<p>S\u00eb dyti ato shkolla te cilat jan\u00eb nd\u00ebrtuar apo po projektohen p\u00ebr tu nd\u00ebrtuar kan\u00eb shifra tejet t\u00eb fryra q\u00eb tejkalojn\u00eb edhe vendet m\u00eb t\u00eb zhvilluara evropiane.<\/p>\n<p><strong>Konkretisht:<\/strong><\/p>\n<p>Bashkia Tiran\u00eb ka hapur nj\u00eb tender me vler\u00eb 4.9 milion euro p\u00ebr\u00a0 nd\u00ebrtimin e shkoll\u00ebs \u2018Edit Durham\u2019.<\/p>\n<figure class=\"wp-block-image size-full\"><img loading=\"lazy\" decoding=\"async\" class=\"wp-image-13608\" src=\"https:\/\/pdsh.al\/wp-content\/uploads\/2024\/08\/WhatsApp-Image-2024-08-20-at-11.36.51-1.jpeg\" sizes=\"auto, (max-width: 796px) 100vw, 796px\" srcset=\"https:\/\/pdsh.al\/wp-content\/uploads\/2024\/08\/WhatsApp-Image-2024-08-20-at-11.36.51-1.jpeg 796w, https:\/\/pdsh.al\/wp-content\/uploads\/2024\/08\/WhatsApp-Image-2024-08-20-at-11.36.51-1-300x279.jpeg 300w, https:\/\/pdsh.al\/wp-content\/uploads\/2024\/08\/WhatsApp-Image-2024-08-20-at-11.36.51-1-768x715.jpeg 768w\" alt=\"\" width=\"796\" height=\"741\" \/><\/figure>\n<p>Kjo shkoll\u00eb ka nj\u00eb sip\u00ebrfaqe totale 4440 met\u00ebr katror, ku 2515 m2 jan\u00eb sip\u00ebrfaqe oborri dhe sip\u00ebrfaqja e godin\u00ebs mbetet 1460 met\u00ebr katror.<\/p>\n<figure class=\"wp-block-image size-full\"><img loading=\"lazy\" decoding=\"async\" class=\"wp-image-13609\" src=\"https:\/\/pdsh.al\/wp-content\/uploads\/2024\/08\/WhatsApp-Image-2024-08-20-at-11.36.52.jpeg\" sizes=\"auto, (max-width: 900px) 100vw, 900px\" srcset=\"https:\/\/pdsh.al\/wp-content\/uploads\/2024\/08\/WhatsApp-Image-2024-08-20-at-11.36.52.jpeg 900w, https:\/\/pdsh.al\/wp-content\/uploads\/2024\/08\/WhatsApp-Image-2024-08-20-at-11.36.52-300x163.jpeg 300w, https:\/\/pdsh.al\/wp-content\/uploads\/2024\/08\/WhatsApp-Image-2024-08-20-at-11.36.52-768x417.jpeg 768w\" alt=\"\" width=\"900\" height=\"489\" \/><\/figure>\n<p>Sipas raporteve zyrtare nd\u00ebrkomb\u00ebtare metri katror p\u00ebr nd\u00ebrtimin n\u00eb Europ\u00eb varion nga Parisi me 2.236 dollar metri katror, Amsterdam 2.373 dollar metri katror, Dublin 2696 dollar metri katror, Munih 3.343 dollar metri katror dhe Londra me e shtrenjta me 4.259 dollar p\u00ebr met\u00ebr katror.<\/p>\n<figure class=\"wp-block-image size-large\"><img loading=\"lazy\" decoding=\"async\" class=\"wp-image-13607\" src=\"https:\/\/pdsh.al\/wp-content\/uploads\/2024\/08\/WhatsApp-Image-2024-08-20-at-11.36.51-472x1024.jpeg\" sizes=\"auto, (max-width: 472px) 100vw, 472px\" srcset=\"https:\/\/pdsh.al\/wp-content\/uploads\/2024\/08\/WhatsApp-Image-2024-08-20-at-11.36.51-472x1024.jpeg 472w, https:\/\/pdsh.al\/wp-content\/uploads\/2024\/08\/WhatsApp-Image-2024-08-20-at-11.36.51-138x300.jpeg 138w, https:\/\/pdsh.al\/wp-content\/uploads\/2024\/08\/WhatsApp-Image-2024-08-20-at-11.36.51-708x1536.jpeg 708w, https:\/\/pdsh.al\/wp-content\/uploads\/2024\/08\/WhatsApp-Image-2024-08-20-at-11.36.51.jpeg 738w\" alt=\"\" width=\"472\" height=\"1024\" \/><\/figure>\n<p>Tirana e Veliajt \u00ebsht\u00eb e dyta m\u00eb e shtrenjta n\u00eb nd\u00ebrtimin e shkollave me 3388 euro p\u00ebr met\u00ebr katror pavar\u00ebsisht se ndryshe nga vendet e tjera, ne kemi rrogat m\u00eb t\u00eb ul\u00ebta, pensionet me t\u00eb ul\u00ebta dhe standardin e jetes\u00ebs m\u00eb t\u00eb ul\u00ebt, ndihm\u00ebn ekonomike m\u00eb t\u00eb ul\u00ebt dhe ndotjen m\u00eb t\u00eb lart\u00eb, e \u00e7mimet qartazi m\u00eb t\u00eb shtrenjta se vendet\u00a0 m\u00eb t\u00eb zhvilluara n\u00eb Europe.<\/p>\n<p>Partia Demokratike i b\u00ebn thirrje institucioneve t\u00eb drejt\u00ebsis\u00eb t\u00eb hetoj\u00eb k\u00ebto tendera abuzues q\u00eb po vjedhin \u00e7do qindark\u00eb t\u00eb taksave t\u00eb qytetar\u00ebve.<\/p>\n<p>T\u00eb nderuar miq, duhet t\u00eb bashkohemi n\u00eb luft\u00ebn p\u00ebr shp\u00ebtimin e Tiran\u00ebs q\u00eb t\u00eb shp\u00ebtoj\u00eb edhe xhepi juaj nga duart e Erion Veliajt.<\/p>\n<p>Faleminderit!<\/p>\n","protected":false},"excerpt":{"rendered":"<p>Deklarata e Koordinatorit rajonal p\u00ebr Tiran\u00ebn i PD, Klevis Balliu: P\u00ebrsh\u00ebndetje Erion Veliaj me ardhjen n\u00eb krye t\u00eb bashkis\u00eb ka thyer rekorde ne abuzime dhe vjedhje. Pushteti aktual nuk investon n\u00eb arsim por arsimin e sheh si mund\u00ebsi p\u00ebr t\u00eb vjedhur. Veliaj shpiku taks\u00ebn e infrastruktur\u00ebs arsimore me an\u00eb t\u00eb s\u00eb cil\u00ebs do t\u00eb nd\u00ebrtoheshin &hellip;<\/p>\n","protected":false},"author":4,"featured_media":87128,"comment_status":"closed","ping_status":"closed","sticky":false,"template":"","format":"standard","meta":{"footnotes":""},"categories":[37],"tags":[],"class_list":["post-87127","post","type-post","status-publish","format-standard","has-post-thumbnail","","category-politike"],"_links":{"self":[{"href":"https:\/\/rdnews.al\/index.php\/wp-json\/wp\/v2\/posts\/87127","targetHints":{"allow":["GET"]}}],"collection":[{"href":"https:\/\/rdnews.al\/index.php\/wp-json\/wp\/v2\/posts"}],"about":[{"href":"https:\/\/rdnews.al\/index.php\/wp-json\/wp\/v2\/types\/post"}],"author":[{"embeddable":true,"href":"https:\/\/rdnews.al\/index.php\/wp-json\/wp\/v2\/users\/4"}],"replies":[{"embeddable":true,"href":"https:\/\/rdnews.al\/index.php\/wp-json\/wp\/v2\/comments?post=87127"}],"version-history":[{"count":0,"href":"https:\/\/rdnews.al\/index.php\/wp-json\/wp\/v2\/posts\/87127\/revisions"}],"wp:featuredmedia":[{"embeddable":true,"href":"https:\/\/rdnews.al\/index.php\/wp-json\/wp\/v2\/media\/87128"}],"wp:attachment":[{"href":"https:\/\/rdnews.al\/index.php\/wp-json\/wp\/v2\/media?parent=87127"}],"wp:term":[{"taxonomy":"category","embeddable":true,"href":"https:\/\/rdnews.al\/index.php\/wp-json\/wp\/v2\/categories?post=87127"},{"taxonomy":"post_tag","embeddable":true,"href":"https:\/\/rdnews.al\/index.php\/wp-json\/wp\/v2\/tags?post=87127"}],"curies":[{"name":"wp","href":"https:\/\/api.w.org\/{rel}","templated":true}]}}