{"id":87136,"date":"2024-08-20T10:33:13","date_gmt":"2024-08-20T10:33:13","guid":{"rendered":"https:\/\/rdnews.al\/?p=87136"},"modified":"2024-08-20T10:33:13","modified_gmt":"2024-08-20T10:33:13","slug":"rama-si-shembulli-me-ekstravagant-i-nje-kryeministri-hajdut","status":"publish","type":"post","link":"https:\/\/rdnews.al\/index.php\/2024\/08\/20\/rama-si-shembulli-me-ekstravagant-i-nje-kryeministri-hajdut\/","title":{"rendered":"Rama si shembulli m\u00eb ekstravagant i nj\u00eb kryeministri hajdut"},"content":{"rendered":"<p><strong>Nga\u00a0Ndri\u00e7im KULLA<\/strong><\/p>\n<p>Edi Rama tashti\u00a0 ka arritur\u00a0\u00a0 deri aty ,sa q\u00eb jo vet\u00ebm n\u00eb tavolin\u00eb, por edhe publikisht t\u00eb reagoj me nervoziz\u00ebm\u00a0 kur ndeshet me akuzat q\u00eb i b\u00ebn publiku si kryeministri m\u00eb hajdut q\u00eb ka njohur shteti shqiptar deri m\u00eb sot.<\/p>\n<p>\u201cM\u00eb thoni \u00e7do gj\u00eb,\u00a0 por hajdut jo, mos m\u00eb thoni\u201d &#8211; thot\u00eb i nervozuar.<\/p>\n<p>Kjo n\u00eb fakt nuk \u00ebsht\u00eb p\u00ebr t\u2019u \u00e7uditur, sepse t\u00eb gjith\u00eb hajdut\u00ebt n\u00eb \u00e7do etap\u00eb t\u00eb historis\u00eb, nuk na rezulton qe t\u00eb ken\u00eb arritur deri aty sa ta pranojn\u00eb aktivitetin\u00a0 e tyre antiligjor t\u00eb zhvatjes, aq m\u00eb shum\u00eb politikan\u00ebt t\u00eb cil\u00ebt njihen n\u00eb histori si\u00a0 vjedh\u00ebs t\u00eb sofistikuar.<\/p>\n<p>Nuk jemi fare t\u00eb \u00e7uditur kur ndeshemi me nj\u00eb realitet t\u00eb till\u00eb t\u00eb d\u00ebshp\u00ebrues, kur kryeministrit po i b\u00ebhet nj\u00eb gjyq i ve\u00e7ant\u00eb nga publiku p\u00ebr b\u00ebmat e tij t\u00eb hajnis\u00eb\u00a0 me fakte dhe akuza konkrete dhe ai si njeriu q\u00eb zot\u00ebron postin m\u00eb t\u00eb lart\u00eb publik, nuk i konsideron vetes asnj\u00eb p\u00ebrgjegj\u00ebsi \u00a0personale, ku t\u00eb jap\u00eb arsyetimin e tij ,qoft\u00eb edhe justifikues n\u00eb raport me k\u00ebto akuza q\u00eb po i b\u00ebhen nga publiku.<\/p>\n<p>Ai \u00ebsht\u00eb plot\u00ebsisht i konfirmuar p\u00ebr vite e vite me radh\u00eb me skandalet e panum\u00ebruara t\u00eb hajdut\u00ebris\u00eb s\u00eb tij, t\u00eb ekspozuara edhe publikisht,\u00a0 por dhe si kryeminist\u00ebr q\u00eb i ka akorduar vetes t\u00eb drejta t\u00eb pakufizuara. Dhe as q\u00eb ia b\u00ebn syri t\u00ebrr q\u00eb t\u00eb thot\u00eb at\u00eb q\u00eb duhet t\u00eb thot\u00eb kundrejt shqet\u00ebsimit popullor n\u00eb rritje si\u00a0 kund\u00ebrndodh n\u00eb t\u00eb gjitha vendet e bot\u00ebs per\u00ebndimore, ku\u00a0 raporti korrekt me ligjin \u00ebsht\u00eb edhe\u00a0 tabani i \u00e7do veprimi politik n\u00eb qeverisje.<\/p>\n<p>Nuk njeh asnj\u00eb detyrim, ku\u00a0 si vendimarr\u00ebs q\u00eb kryen vet\u00ebm veprimtari publike,\u00a0 e ka detyrim ligjor dhe etik q\u00eb t\u00eb jap\u00eb shpjegime t\u00eb detyrueshme p\u00ebr \u00e7do qindark\u00eb e cila dyshohet se ka fluturuar nga thesi i taksapaguesve t\u00eb varf\u00ebr t\u00eb vendit ton\u00eb dhe\u00a0 dyshohet se ka shkuar n\u00eb xhepin e tij .<\/p>\n<p>N\u00eb rast se u b\u00ebjm\u00eb nj\u00eb p\u00ebrshkrim t\u00eb shkurt\u00ebr kronikave t\u00eb zeza\u00a0 me akuza, t\u00eb cilat i\u00a0 jan\u00eb b\u00ebr\u00eb dhe po i b\u00ebhen vazhdimisht kryeministrit dhe q\u00eb k\u00ebto nuk kan\u00eb t\u00eb ndalur, nuk ndjen m\u00eb asnj\u00eb m\u00ebdyshje se kryeministri aktual i Shqip\u00ebris\u00eb, q\u00eb tashti ka arritur nivelin e regjimit, vet\u00ebportretizohet si kryeministri m\u00eb ekstravagant i hajnis\u00eb q\u00eb kan\u00eb par\u00eb ndonj\u00ebher\u00eb shqiptar\u00ebt, por q\u00eb\u00a0 mbetet edhe fenomen i rrall\u00eb edhe p\u00ebrtej hap\u00ebsirave shtet\u00ebrore t\u00eb Shqip\u00ebris\u00eb.<\/p>\n<p>Dhe kjo nuk mbetet m\u00eb nj\u00eb skic\u00eb e thjesht\u00eb,\u00a0 por nj\u00eb portret i gjall\u00eb dhe i skalitur q\u00eb e ka p\u00ebrpara shumica e njer\u00ebzve.<\/p>\n<p>Shkojm\u00eb te rasti\u00a0 m\u00eb i fresk\u00ebt q\u00eb na e b\u00ebn m\u00eb shqet\u00ebsuese k\u00ebt\u00eb v\u00ebmendje.<\/p>\n<p>Pron\u00ebsimi i 224 mij\u00eb met\u00ebr katrore i familjes s\u00eb Edi Ram\u00ebs n\u00eb zon\u00ebn m\u00eb t\u00eb bukur t\u00eb bregdetit t\u00eb Himar\u00ebs.<\/p>\n<p>Nga gjykimi q\u00eb po i b\u00ebn opinioni publik me fakte dhe shifra t\u00eb kulluara, duket si n\u00eb drit\u00ebn e diellit ,se ky veprim vet\u00ebpron\u00ebsimi \u00ebsht\u00eb grabitje\u00a0 e kulluar dhe spektakolare dhe grabitja e nj\u00eb prone\u00a0 nga kryeministri , q\u00eb pretendohet se ka dal\u00eb nga votat e popullit,\u00a0 \u00ebsht\u00eb\u00a0 e shum\u00ebfishuar si hajdut\u00ebri.<\/p>\n<p>Kjo \u00ebsht\u00eb nj\u00eb ngjarje e r\u00ebnd\u00eb, s\u00eb cil\u00ebs syri i s\u00eb v\u00ebrtet\u00ebs pati rastin \u00a0q\u00eb t\u2019i hiqte mbules\u00ebn\u00a0 e s\u00eb fsheht\u00ebs dhe ta ekspozonte nivelin e lart\u00eb t\u00eb hajdut\u00ebris\u00eb q\u00eb p\u00ebrfaq\u00ebson sot\u00a0 kryeministri yn\u00eb si fenomen degradues i shtetit t\u00eb s\u00eb drejt\u00ebs.<\/p>\n<p>N\u00eb perceptimin e opinionit publike, madje t\u00eb t\u00eb gjith\u00eb opinionit publik, kjo \u00ebsht\u00eb nj\u00eb grabitje\u00a0 e gjall\u00eb dhe pothuaj e\u201d filmuar\u201d\u00a0 kudo e\u00a0 n\u00eb \u00e7do etap\u00eb dhe proces, ku duket qart\u00eb nj\u00eb projekt\u00a0 i err\u00ebt dhe i mir\u00ebmenduar i kryeministrit p\u00ebr t\u00eb shkelmuar t\u00eb gjitha ligjet dhe pengesat administrative dhe\u00a0 p\u00ebr t\u2019i tjet\u00ebrsuar asaj pasurie\u00a0 statusin e qenies s\u00eb\u00a0 nj\u00eb pasurie n\u00eb favor t\u00eb vetvetes.<\/p>\n<p>U b\u00eb nj\u00eb kasaphan\u00eb e madhe hakmarr\u00ebse\u00a0 ndaj subjekteve dyshuese dhe hezituese deri n\u00eb mizori.<\/p>\n<p>Si\u00e7 duket nga faktet e kronik\u00ebs s\u00eb zez\u00eb n\u00eb fjal\u00eb, u pushua n\u00eb err\u00ebsir\u00eb \u00a0drejtori legalizimeve Artan Lame , ish-miku i tij\u00a0 i cili me sa po \u00a0duket, nuk deshi ta sakrifikonte veten\u00a0 m\u00eb tej me detyrim\u00a0 ndaj\u00a0 autoritarizmit t\u00eb kryeministrit.<\/p>\n<p>Po k\u00ebshtu kryetarja e hipotek\u00ebs s\u00eb Vlor\u00ebs.<\/p>\n<p>Gjithashtu u inskenua burgu politik i Fredi Belerit, duke i krijuar\u00a0 atij\u00a0 nj\u00eb sag\u00eb\u00a0 p\u00ebr\u00a0 fatin e tij politik dhe\u00a0 liris\u00eb s\u00eb tij politike dhe\u00a0\u00a0 s\u00eb fundi, u klonua kryetari i ri i Bashkis\u00eb s\u00eb Himar\u00ebs\u00a0 deri sa e b\u00ebri terrenin fush\u00eb t\u00eb shtruar,\u00a0 n\u00eb m\u00ebnyr\u00eb q\u00eb dallaveri i makineris\u00eb s\u00eb tij autoritariste ta kthente pron\u00ebn e dikujt tjet\u00ebr n\u00eb pron\u00ebn e tij.<\/p>\n<p>Nj\u00eb triller i v\u00ebrtet\u00eb i cili edhe pse nuk ka viktima n\u00eb njer\u00ebz, me ngjarjet e tij q\u00eb jan\u00eb zhvilluar n\u00ebn presion dhe n\u00eb err\u00ebsir\u00eb, ka\u00a0 episodet e nxehta t\u00eb nj\u00eb libri ose filmi t\u00eb mundsh\u00ebm.<\/p>\n<p>Po \u00e7far\u00eb e b\u00ebn \u00a0ekstravaganc\u00eb, hajdut\u00ebrin\u00eb\u00a0 e Edi Ram\u00ebs, p\u00ebr t\u00eb cil\u00ebn \u00ebsht\u00eb akuzuar dhe akuzohet\u00a0 vazhdimisht n\u00eb ngjashm\u00ebri t\u00eb plot\u00a0 me rastin n\u00eb fjal\u00eb?<\/p>\n<p>1 &#8211; Bab\u00ebzia e tij p\u00ebr t\u00eb rr\u00ebmbyer nga prona publike dhe prona e \u00e7do privati tok\u00eb dhe pasuri\u00a0 dhe p\u00ebr ta kthyer at\u00eb me presion dhe makinacione\u00a0 n\u00eb pla\u00e7k\u00eb p\u00ebr vetveten e tij\u00a0 ose dhurata p\u00ebr t\u00eb gjith\u00eb t\u00eb njohurit dhe lobist\u00ebt ,t\u00eb cil\u00ebt i ka p\u00ebrdorur\u00a0 pareshtur p\u00ebr t\u00eb ruajtur t\u00eb pacenuar kull\u00ebn e pushtetit t\u00eb tij.<\/p>\n<p>2- Duke p\u00ebrdorur pushtetin e tij t\u00eb kontrolluar n\u00eb m\u00ebnyr\u00eb kapilare ai ka krijuar n\u00eb d\u00ebm t\u00eb demokracis\u00eb dhe trasparenc\u00ebs mekanizma dhe ligje,\u00a0 t\u00eb cilat jo vet\u00ebm\u00a0 ia mund\u00ebsojn\u00eb leht\u00ebsimin personal p\u00ebr t\u00eb zhvatur nga prona e popullit, por gjithashtu e b\u00ebjn\u00eb t\u00eb v\u00ebshtir\u00eb d\u00ebnimin e tij.<\/p>\n<p>3 &#8211; Ajo q\u00eb \u00ebsht\u00eb edhe p\u00ebr t\u2019u habitur \u00ebsht\u00eb raporti i tij si kryeminist\u00ebr me transparenc\u00ebn dhe dh\u00ebnien e llogaris\u00eb. \u00cbsht\u00eb nj\u00eb raport\u00a0 fare inekzistent , q\u00eb\u00a0 mund ta gjesh po ta k\u00ebrkosh ngjashm\u00ebrin\u00eb si shembull,\u00a0 vet\u00ebm tek monark\u00ebt e sot\u00ebm modern \u00a0Putin, Lukashenko, Maduro ose tek mbret\u00ebrit\u00a0 e dikursh\u00ebm mizor\u00eb. Trasparenca p\u00ebr t\u00eb \u00ebsht\u00eb nj\u00eb agjent provokues, q\u00eb i shkakton vuajtje, nervoziz\u00ebm dhe alergji trupit dhe qenies s\u00eb tij. Ndon\u00ebse e ka detyrim kushtetues q\u00eb t\u2019i p\u00ebrgjigjet edhe nj\u00eb njeriu t\u00eb vet\u00ebm, ai sfidon me t\u00ebrbim dhe arroganc\u00eb t\u00ebr\u00eb reagimin e ligjsh\u00ebm publik , i cili po shpreh hapur dyshimin m\u00eb t\u00eb thell\u00eb\u00a0 mbi gjurm\u00ebt e vjedhjeve t\u00eb tij t\u00eb mundshme.<\/p>\n<p>Kurdoher\u00eb, kur ka pyetje prej kujtdo, \u00a0p\u00ebrve\u00e7 larove t\u00eb tij, duke u krekosur shp\u00ebrthen me t\u00ebr\u00eb urrejtjen e pasionit t\u00eb tij\u00a0 t\u00eb trisht\u00eb, duke sp\u00ebrkatur edhe fytyr\u00ebn e tij me st\u00ebrkla dhe e baltos shqet\u00ebsimin e t\u00ebr\u00eb opinionit publik duke e quajtur cilindo, si\u00a0 kanale t\u00eb zeza, kazan\u00eb mediatik\u00eb dhe tam- tame t\u00eb cilat\u00a0 nuk ia ndryshojn\u00eb dot rrug\u00ebn e hajdut\u00ebris\u00eb.<\/p>\n<p>Pik\u00ebrisht p\u00ebr k\u00ebto arsye Edi Rama\u00a0 mbetet\u00a0 sot si shembulli\u00a0 m\u00eb ekstravagant i\u00a0 nj\u00eb kryeministri hajdut.<\/p>\n","protected":false},"excerpt":{"rendered":"<p>Nga\u00a0Ndri\u00e7im KULLA Edi Rama tashti\u00a0 ka arritur\u00a0\u00a0 deri aty ,sa q\u00eb jo vet\u00ebm n\u00eb tavolin\u00eb, por edhe publikisht t\u00eb reagoj me nervoziz\u00ebm\u00a0 kur ndeshet me akuzat q\u00eb i b\u00ebn publiku si kryeministri m\u00eb hajdut q\u00eb ka njohur shteti shqiptar deri m\u00eb sot. \u201cM\u00eb thoni \u00e7do gj\u00eb,\u00a0 por hajdut jo, mos m\u00eb thoni\u201d &#8211; thot\u00eb i &hellip;<\/p>\n","protected":false},"author":4,"featured_media":87137,"comment_status":"closed","ping_status":"closed","sticky":false,"template":"","format":"standard","meta":{"footnotes":""},"categories":[44],"tags":[],"class_list":["post-87136","post","type-post","status-publish","format-standard","has-post-thumbnail","","category-editorial"],"_links":{"self":[{"href":"https:\/\/rdnews.al\/index.php\/wp-json\/wp\/v2\/posts\/87136","targetHints":{"allow":["GET"]}}],"collection":[{"href":"https:\/\/rdnews.al\/index.php\/wp-json\/wp\/v2\/posts"}],"about":[{"href":"https:\/\/rdnews.al\/index.php\/wp-json\/wp\/v2\/types\/post"}],"author":[{"embeddable":true,"href":"https:\/\/rdnews.al\/index.php\/wp-json\/wp\/v2\/users\/4"}],"replies":[{"embeddable":true,"href":"https:\/\/rdnews.al\/index.php\/wp-json\/wp\/v2\/comments?post=87136"}],"version-history":[{"count":0,"href":"https:\/\/rdnews.al\/index.php\/wp-json\/wp\/v2\/posts\/87136\/revisions"}],"wp:featuredmedia":[{"embeddable":true,"href":"https:\/\/rdnews.al\/index.php\/wp-json\/wp\/v2\/media\/87137"}],"wp:attachment":[{"href":"https:\/\/rdnews.al\/index.php\/wp-json\/wp\/v2\/media?parent=87136"}],"wp:term":[{"taxonomy":"category","embeddable":true,"href":"https:\/\/rdnews.al\/index.php\/wp-json\/wp\/v2\/categories?post=87136"},{"taxonomy":"post_tag","embeddable":true,"href":"https:\/\/rdnews.al\/index.php\/wp-json\/wp\/v2\/tags?post=87136"}],"curies":[{"name":"wp","href":"https:\/\/api.w.org\/{rel}","templated":true}]}}