{"id":87139,"date":"2024-08-20T10:38:38","date_gmt":"2024-08-20T10:38:38","guid":{"rendered":"https:\/\/rdnews.al\/?p=87139"},"modified":"2024-08-20T10:38:38","modified_gmt":"2024-08-20T10:38:38","slug":"5-te-vrare-ne-1-dite-gjekmarkaj-policia-numeron-kufomat-ministri-i-brendshem-nuk-merr-pergjegjesi","status":"publish","type":"post","link":"https:\/\/rdnews.al\/index.php\/2024\/08\/20\/5-te-vrare-ne-1-dite-gjekmarkaj-policia-numeron-kufomat-ministri-i-brendshem-nuk-merr-pergjegjesi\/","title":{"rendered":"5 t\u00eb vrar\u00eb n\u00eb 1 dit\u00eb\/ Gjekmarkaj: Policia num\u00ebron kufomat, ministri i Brendsh\u00ebm nuk merr p\u00ebrgjegj\u00ebsi"},"content":{"rendered":"<p>N\u00ebnkryetari i PD, Agron Gjekmarkaj ka reaguar pas ngarjeve kriminale q\u00eb tronditen vendin ditet e fundit.\u00a0Sipas tij n\u00eb nj\u00eb jav\u00eb jan\u00eb num\u00ebr shtat\u00eb viktima nga vrasjet, bilanc q\u00eb sipas tij nuk krahasohet as me ngjarjet e vitit 1997.<\/p>\n<p>Gjekmarkaj shkruan m\u00eb tej se siguria publike \u00ebsht\u00eb n\u00eb nivelet m\u00eb t\u00eb ul\u00ebta historike, nd\u00ebrkoh\u00eb q\u00eb ministri i ri i Brendsh\u00ebm nuk merr asnj\u00eb p\u00ebrgjegj\u00ebsi.<\/p>\n<p>\u201cN\u00eb nj\u00eb jav\u00eb Shqip\u00ebria \u00e7do dit\u00eb num\u00ebron t\u00eb vrar\u00ebt! N\u00eb Pogradec organet shtet\u00ebrore u b\u00ebn\u00eb pal\u00eb me kriminelet kur u ekzekutua Egli Proga! N\u00eb Velipoj\u00eb po ashtu nuk u parandaluan dy vrasje nga mos nd\u00ebrhyrja n\u00eb koh\u00eb!<\/p>\n<p>Policia gjendet aty p\u00ebr t\u00eb num\u00ebruar kufomat! N\u00eb Tiran\u00eb nj\u00eb m\u00ebsues amerikan vret gruan dhe pastaj veten!<\/p>\n<p>Po brenda asaj dite nj\u00eb punonj\u00ebs policie i b\u00ebn atentat nj\u00eb qytetari p\u00ebr motive t\u00eb dob\u00ebta por fal\u00eb zotit shp\u00ebton! N\u00eb Mirdit\u00eb, vritet brenda banes\u00ebs s\u00eb tij nj\u00eb tjet\u00ebr shtetas.<\/p>\n<p>Pra, 7 t\u00eb vdekur n\u00eb nj\u00eb jav\u00eb nga vrasjet!<\/p>\n<p>Siguria publike \u00ebsht\u00eb n\u00eb nivelet m\u00eb t\u00eb ulta historike! Ministri i ri i Brendsh\u00ebm nuk ekziston, nuk merr p\u00ebrgjegj\u00ebsi jo e jo, por as nuk flet, as nuk del, as e sheh njeri n\u00eb krye t\u00eb pun\u00ebve!<\/p>\n<p>Ky bilanc javor nuk krahasohet as me vitin 1997!<\/p>\n<p>Ftojm\u00eb turistet t\u00eb vijn\u00eb, po p\u00ebr \u00e7far\u00eb q\u00eb t\u00eb shohin \u201cpistolieret\u201d tan\u00eb sesi vrasin qytetar\u00ebt teksa policia, qeveria e shteti n\u00eb rastin m\u00eb t\u00eb mir\u00eb kur nuk jan\u00eb pal\u00eb, b\u00ebhen spektator\u00eb n\u00eb kineman\u00eb horror! Nuk jan\u00eb vet\u00ebm \u00e7mimet e larta e abuzive q\u00eb i tremben njer\u00ebzit k\u00ebsaj vere por edhe krismat, atentatet, postpolloqet si n\u00eb Kabul pa efikasitet ku polici si zaptie ja fut me shpull\u00eb qytetarit rasti Qato, trafiku i denatyruar nga mungesa e rrug\u00ebve e zjarret e ndezur me q\u00ebllim nd\u00ebrtimi rr\u00ebze deteve!<\/p>\n<p>P\u00ebrsa koh\u00eb bandat ndikojn\u00eb n\u00eb zgjedhje ministrash, p\u00ebr aq koh\u00eb do t\u00eb num\u00ebrojm\u00eb t\u00eb vdekur n\u00eb trotuare! Shqip\u00ebria ka nevoj\u00eb p\u00ebr nj\u00eb qeveri e cila nuk rri n\u00eb pushtet me fuqin\u00eb e krimit por q\u00eb perdor fuqin\u00eb e vot\u00ebs dhe t\u00eb popullit p\u00ebr t\u00eb shtypur krimin dhe kriminel\u00ebt!\u201d, shprehet Gjekmarkaj.<\/p>\n","protected":false},"excerpt":{"rendered":"<p>N\u00ebnkryetari i PD, Agron Gjekmarkaj ka reaguar pas ngarjeve kriminale q\u00eb tronditen vendin ditet e fundit.\u00a0Sipas tij n\u00eb nj\u00eb jav\u00eb jan\u00eb num\u00ebr shtat\u00eb viktima nga vrasjet, bilanc q\u00eb sipas tij nuk krahasohet as me ngjarjet e vitit 1997. Gjekmarkaj shkruan m\u00eb tej se siguria publike \u00ebsht\u00eb n\u00eb nivelet m\u00eb t\u00eb ul\u00ebta historike, nd\u00ebrkoh\u00eb q\u00eb ministri &hellip;<\/p>\n","protected":false},"author":4,"featured_media":82520,"comment_status":"closed","ping_status":"closed","sticky":false,"template":"","format":"standard","meta":{"footnotes":""},"categories":[37],"tags":[],"class_list":["post-87139","post","type-post","status-publish","format-standard","has-post-thumbnail","","category-politike"],"_links":{"self":[{"href":"https:\/\/rdnews.al\/index.php\/wp-json\/wp\/v2\/posts\/87139","targetHints":{"allow":["GET"]}}],"collection":[{"href":"https:\/\/rdnews.al\/index.php\/wp-json\/wp\/v2\/posts"}],"about":[{"href":"https:\/\/rdnews.al\/index.php\/wp-json\/wp\/v2\/types\/post"}],"author":[{"embeddable":true,"href":"https:\/\/rdnews.al\/index.php\/wp-json\/wp\/v2\/users\/4"}],"replies":[{"embeddable":true,"href":"https:\/\/rdnews.al\/index.php\/wp-json\/wp\/v2\/comments?post=87139"}],"version-history":[{"count":0,"href":"https:\/\/rdnews.al\/index.php\/wp-json\/wp\/v2\/posts\/87139\/revisions"}],"wp:featuredmedia":[{"embeddable":true,"href":"https:\/\/rdnews.al\/index.php\/wp-json\/wp\/v2\/media\/82520"}],"wp:attachment":[{"href":"https:\/\/rdnews.al\/index.php\/wp-json\/wp\/v2\/media?parent=87139"}],"wp:term":[{"taxonomy":"category","embeddable":true,"href":"https:\/\/rdnews.al\/index.php\/wp-json\/wp\/v2\/categories?post=87139"},{"taxonomy":"post_tag","embeddable":true,"href":"https:\/\/rdnews.al\/index.php\/wp-json\/wp\/v2\/tags?post=87139"}],"curies":[{"name":"wp","href":"https:\/\/api.w.org\/{rel}","templated":true}]}}