{"id":87172,"date":"2024-08-20T16:33:46","date_gmt":"2024-08-20T16:33:46","guid":{"rendered":"https:\/\/rdnews.al\/?p=87172"},"modified":"2024-08-20T16:33:46","modified_gmt":"2024-08-20T16:33:46","slug":"shembja-e-pallatit-tek-brryli-banorja-rama-dhe-veliaj-do-ja-falin-zonen-ndertuesve","status":"publish","type":"post","link":"https:\/\/rdnews.al\/index.php\/2024\/08\/20\/shembja-e-pallatit-tek-brryli-banorja-rama-dhe-veliaj-do-ja-falin-zonen-ndertuesve\/","title":{"rendered":"Shembja e pallatit tek Brryli, banorja: Rama dhe Veliaj do ja falin zon\u00ebn nd\u00ebrtuesve"},"content":{"rendered":"<p>Nj\u00eb banore e pallatit q\u00eb do t\u00eb shembet n\u00eb zon\u00ebn e Brrylit, pran\u00eb Ministris\u00eb s\u00eb Jashtme, p\u00ebr shkak se pretendohet se \u00ebsht\u00eb d\u00ebmtuar nga t\u00ebrmeti i 5 viteve m\u00eb par\u00eb, ka denoncuar p\u00ebr Boldnews.al, se e gjitha \u00ebsht\u00eb nj\u00eb fars\u00eb.<\/p>\n<p>N\u00eb denoncimin e saj, banorja thekson se jan\u00eb lajm\u00ebruar vet\u00ebm jav\u00ebn e fundit p\u00ebr shembjen e pallatit. Nd\u00ebrsa shton se i \u00ebsht\u00eb drejtuar me disa letra Bashkis\u00eb, Kryeministris\u00eb, Presidenc\u00ebs, Portalit p\u00ebr bash qeverisje p\u00ebr t\u00eb rishikuar vendimin ose q\u00eb t iu kthej\u00eb nj\u00eb p\u00ebrgjigje se \u00e7far\u00eb do ndodhi pas shembjes s\u00eb pallateve, por nuk ka marr\u00eb p\u00ebrgjigje.<\/p>\n<p>Sipas saj, edhe banor\u00ebt e tjer\u00eb nuk kan\u00eb marr\u00eb p\u00ebrgjigje dhe jan\u00eb sorollatur n\u00ebp\u00ebr zyra dhe se kan\u00eb dyshime se zona do t\u2019i jepet nj\u00eb nd\u00ebrtuesi, pas ikjes s\u00eb tyre.<\/p>\n<p>M\u00eb tej ajo shton se n\u00eb pallatin n\u00eb fjal\u00eb, jetojn\u00eb familjar\u00eb me f\u00ebmij\u00eb t\u00eb vegj\u00ebl, t\u00eb s\u00ebmur\u00eb dhe pensionista.<\/p>\n<p><strong>Denoncimi<\/strong><\/p>\n<p>Sapo lexova lajmin q\u00eb keni publikuar dje p\u00ebr banor\u00ebt e prekur nga \u201ct\u00ebrmeti\u201d ne zon\u00ebn e kombinatit.<\/p>\n<p>Aktualisht q\u00eb po ju ahkruaj, pallati ngjitur me Ministrin\u00eb e Jashtme po shembet p\u00ebr shkak t\u00eb \u201ct\u00ebrmetit\u201d, nj\u00eb fars\u00eb q\u00eb t\u00eb vjen te qesh\u00ebsh sepse pala\u00e7ot mendojn\u00eb se jemi dele dhe p\u00ebr t\u00eb qar\u00eb p\u00ebr faktin se n\u00eb k\u00ebt\u00eb absurd t\u00eb quajtur shtet kurr\u00eb skam marr\u00eb asnje p\u00ebrgjigje edhe pse pronare me \u00e7ertifikat\u00eb pron\u00ebsie dhe pronar trualli.<\/p>\n<p>Jam banore e pallatit 5, rruga Marsel Kashen,Bulevardi Zhan Dark(Ministria Jashtme).Pas nje periudhe 5 vjecare,kete jave vendosen te shembin nje hyrje nga pallati me pretekst demtimin nga termeti.Pas 5 vitesh qe nga renia e termetit kemi shkruar letra,kerkesa,ankime drejtuar Bashkise,Kryeministrise, Presidences,Portalit per bashqeverisje per te rishikuar vendimin ose per te na dhen nje pergjigje se cfare do ndodhi pas shembjes.<\/p>\n<p>Kemi shkruar sms kryemisnistrit, kryetarit te bashkise dhe smarrim asnje pergjigje.Asnje nuk jep asnje shpegim dhe ne akoma nuk kemi akoma nje kontrate nj\u00eb sqarim, na sorollasin nga zyra ne zyre duke na then \u201cE din vetem ata lart,ne nuk dim asgje\u201d.Te gjitha dyshimet dhe frika jone eshte qe do na largojn nga aty duke na derguar ne banesa sociale dhe pas ikjes tone tja japin nje ndertuesi.<\/p>\n<p>Ne ate pallat jetonin pensioniste, familjare me femije te vegjel,banore me probleme shendetesore dhe asnje nuk do t\u2019ja dije per keto familje.A mund te beni pubike ju lutem kete shqetesim.Faleminderit!<\/p>\n<p>N\u00ebse \u00e7oni kamera tek Ministria e Jashtme aktualisht po e shembin, por ta dij\u00eb bashkia lali apo ku di un kush jan\u00eb k\u00ebta mostra q\u00eb na sorrollasin e na l\u00ebn\u00eb pa nj\u00eb takim njer\u00ebzor minimumi, se ne nuk firmosin p\u00ebr heqje dor\u00eb nga prona dhe trualli edhe pa sht\u00ebpi t\u00eb mbesim!!!<\/p>\n","protected":false},"excerpt":{"rendered":"<p>Nj\u00eb banore e pallatit q\u00eb do t\u00eb shembet n\u00eb zon\u00ebn e Brrylit, pran\u00eb Ministris\u00eb s\u00eb Jashtme, p\u00ebr shkak se pretendohet se \u00ebsht\u00eb d\u00ebmtuar nga t\u00ebrmeti i 5 viteve m\u00eb par\u00eb, ka denoncuar p\u00ebr Boldnews.al, se e gjitha \u00ebsht\u00eb nj\u00eb fars\u00eb. N\u00eb denoncimin e saj, banorja thekson se jan\u00eb lajm\u00ebruar vet\u00ebm jav\u00ebn e fundit p\u00ebr shembjen &hellip;<\/p>\n","protected":false},"author":4,"featured_media":87173,"comment_status":"closed","ping_status":"closed","sticky":false,"template":"","format":"standard","meta":{"footnotes":""},"categories":[37],"tags":[],"class_list":["post-87172","post","type-post","status-publish","format-standard","has-post-thumbnail","","category-politike"],"_links":{"self":[{"href":"https:\/\/rdnews.al\/index.php\/wp-json\/wp\/v2\/posts\/87172","targetHints":{"allow":["GET"]}}],"collection":[{"href":"https:\/\/rdnews.al\/index.php\/wp-json\/wp\/v2\/posts"}],"about":[{"href":"https:\/\/rdnews.al\/index.php\/wp-json\/wp\/v2\/types\/post"}],"author":[{"embeddable":true,"href":"https:\/\/rdnews.al\/index.php\/wp-json\/wp\/v2\/users\/4"}],"replies":[{"embeddable":true,"href":"https:\/\/rdnews.al\/index.php\/wp-json\/wp\/v2\/comments?post=87172"}],"version-history":[{"count":0,"href":"https:\/\/rdnews.al\/index.php\/wp-json\/wp\/v2\/posts\/87172\/revisions"}],"wp:featuredmedia":[{"embeddable":true,"href":"https:\/\/rdnews.al\/index.php\/wp-json\/wp\/v2\/media\/87173"}],"wp:attachment":[{"href":"https:\/\/rdnews.al\/index.php\/wp-json\/wp\/v2\/media?parent=87172"}],"wp:term":[{"taxonomy":"category","embeddable":true,"href":"https:\/\/rdnews.al\/index.php\/wp-json\/wp\/v2\/categories?post=87172"},{"taxonomy":"post_tag","embeddable":true,"href":"https:\/\/rdnews.al\/index.php\/wp-json\/wp\/v2\/tags?post=87172"}],"curies":[{"name":"wp","href":"https:\/\/api.w.org\/{rel}","templated":true}]}}