{"id":87178,"date":"2024-08-20T16:46:34","date_gmt":"2024-08-20T16:46:34","guid":{"rendered":"https:\/\/rdnews.al\/?p=87178"},"modified":"2024-08-20T16:46:34","modified_gmt":"2024-08-20T16:46:34","slug":"6-te-vrare-ne-nje-dite-leskaj-pergjegjesine-e-ka-kreu-i-sektit-mafioz-ne-pushtet","status":"publish","type":"post","link":"https:\/\/rdnews.al\/index.php\/2024\/08\/20\/6-te-vrare-ne-nje-dite-leskaj-pergjegjesine-e-ka-kreu-i-sektit-mafioz-ne-pushtet\/","title":{"rendered":"6 t\u00eb vrar\u00eb n\u00eb nj\u00eb dit\u00eb, Leskaj: P\u00ebrgjegj\u00ebsin\u00eb e ka kreu i sektit mafioz n\u00eb pushtet!"},"content":{"rendered":"<p><strong>Nga Bujar LESKAJ<\/strong><\/p>\n<p>Gjasht\u00eb t\u00eb vdekur me arm\u00eb \u00ebsht\u00eb bilanci vet\u00ebm i nj\u00eb dite!<\/p>\n<p>E nj\u00ebjta situat\u00eb e krimit n\u00eb Pogradec, Tiran\u00eb, Jug, Veri, n\u00eb \u00e7do cep t\u00eb Shqip\u00ebris\u00eb!<\/p>\n<p>Ekzekutimet edhe kur &#8220;L\u00ebm\u00eb drejt\u00ebsin\u00eb t\u00eb b\u00ebj\u00eb pun\u00ebn e vet!&#8221; jan\u00eb t\u00eb tipit mafioz, duke v\u00ebrtetuar q\u00eb Shqip\u00ebria \u00ebsht\u00eb n\u00ebn pushtetin e krimit t\u00eb organizuar e ordiner!<\/p>\n<p>Nj\u00eb vrasje dit\u00ebn p\u00ebr diell e v\u00ebrteton k\u00ebt\u00eb gj\u00eb, q\u00eb mbulohet e manipulohet nga Policia e Shtetit!<\/p>\n<p>P\u00ebrgjegj\u00ebsia zero nga nj\u00eb sekt q\u00eb \u00ebsht\u00eb dor\u00ebzuar p\u00ebrpara krimit, q\u00eb \u00ebsht\u00eb pjes\u00eb e krimit, q\u00eb \u00ebsht\u00eb garant i krimit!<\/p>\n<p>Policia e Shtetit nuk ka fuqi parandaluese, godit\u00ebse e nd\u00ebshkuese, sepse \u00ebsht\u00eb n\u00ebnshtruar e \u00ebsht\u00eb p\u00ebrdorur nga politika; sepse drejtuesit e saj t\u00eb lart\u00eb, ministra e ish- ministra, nga 2014 e k\u00ebtej jan\u00eb t\u00eb kompromentuar keqazi me krimin, drog\u00ebn dhe pazaret e pista me grupimet mafioze, duke lejuar kultivimin, kontraband\u00ebn e hashashit dhe drogave t\u00eb tjera t\u00eb forta duke na kthyer n\u00eb nj\u00eb udh\u00ebkryq t\u00eb shp\u00ebrndarjes s\u00eb drog\u00ebs n\u00eb Evrop\u00eb.<\/p>\n<p>Por p\u00ebrgjegj\u00ebsi p\u00ebr daljen jasht\u00eb loje t\u00eb policis\u00eb e rendit publik n\u00eb Shqip\u00ebri dhe nxitjen e konflikteve e ka vet\u00eb kreu i sektit mafioz n\u00eb pushtet!<\/p>\n<p>U b\u00ebj thirrje Policis\u00eb s\u00eb Shtetit e drejtuesve t\u00eb saj, q\u00eb n\u00ebse kan\u00eb integritetin, vullnetin, d\u00ebshir\u00ebn e mir\u00eb dhe ndershm\u00ebrin\u00eb p\u00ebr t\u2019i sh\u00ebrbyer popullit dhe rendit publik, t\u00eb shk\u00ebputen nga loj\u00ebrat politike e n\u00ebnshtrimi ndaj krimit duke u mb\u00ebshtetur n\u00eb pjes\u00ebn e sh\u00ebndosh\u00eb t\u00eb policis\u00eb son\u00eb, e cila nuk ka munguar e as mungon!<\/p>\n","protected":false},"excerpt":{"rendered":"<p>Nga Bujar LESKAJ Gjasht\u00eb t\u00eb vdekur me arm\u00eb \u00ebsht\u00eb bilanci vet\u00ebm i nj\u00eb dite! E nj\u00ebjta situat\u00eb e krimit n\u00eb Pogradec, Tiran\u00eb, Jug, Veri, n\u00eb \u00e7do cep t\u00eb Shqip\u00ebris\u00eb! Ekzekutimet edhe kur &#8220;L\u00ebm\u00eb drejt\u00ebsin\u00eb t\u00eb b\u00ebj\u00eb pun\u00ebn e vet!&#8221; jan\u00eb t\u00eb tipit mafioz, duke v\u00ebrtetuar q\u00eb Shqip\u00ebria \u00ebsht\u00eb n\u00ebn pushtetin e krimit t\u00eb organizuar e &hellip;<\/p>\n","protected":false},"author":4,"featured_media":31036,"comment_status":"closed","ping_status":"closed","sticky":false,"template":"","format":"standard","meta":{"footnotes":""},"categories":[37],"tags":[],"class_list":["post-87178","post","type-post","status-publish","format-standard","has-post-thumbnail","","category-politike"],"_links":{"self":[{"href":"https:\/\/rdnews.al\/index.php\/wp-json\/wp\/v2\/posts\/87178","targetHints":{"allow":["GET"]}}],"collection":[{"href":"https:\/\/rdnews.al\/index.php\/wp-json\/wp\/v2\/posts"}],"about":[{"href":"https:\/\/rdnews.al\/index.php\/wp-json\/wp\/v2\/types\/post"}],"author":[{"embeddable":true,"href":"https:\/\/rdnews.al\/index.php\/wp-json\/wp\/v2\/users\/4"}],"replies":[{"embeddable":true,"href":"https:\/\/rdnews.al\/index.php\/wp-json\/wp\/v2\/comments?post=87178"}],"version-history":[{"count":0,"href":"https:\/\/rdnews.al\/index.php\/wp-json\/wp\/v2\/posts\/87178\/revisions"}],"wp:featuredmedia":[{"embeddable":true,"href":"https:\/\/rdnews.al\/index.php\/wp-json\/wp\/v2\/media\/31036"}],"wp:attachment":[{"href":"https:\/\/rdnews.al\/index.php\/wp-json\/wp\/v2\/media?parent=87178"}],"wp:term":[{"taxonomy":"category","embeddable":true,"href":"https:\/\/rdnews.al\/index.php\/wp-json\/wp\/v2\/categories?post=87178"},{"taxonomy":"post_tag","embeddable":true,"href":"https:\/\/rdnews.al\/index.php\/wp-json\/wp\/v2\/tags?post=87178"}],"curies":[{"name":"wp","href":"https:\/\/api.w.org\/{rel}","templated":true}]}}