{"id":87190,"date":"2024-08-20T18:17:45","date_gmt":"2024-08-20T18:17:45","guid":{"rendered":"https:\/\/rdnews.al\/?p=87190"},"modified":"2024-08-20T18:32:00","modified_gmt":"2024-08-20T18:32:00","slug":"qytetari-me-kane-rrahur-e-futur-ne-burg-por-nuk-terhiqem-serish-do-protestoj","status":"publish","type":"post","link":"https:\/\/rdnews.al\/index.php\/2024\/08\/20\/qytetari-me-kane-rrahur-e-futur-ne-burg-por-nuk-terhiqem-serish-do-protestoj\/","title":{"rendered":"Qytetari: M\u00eb kan\u00eb rrahur e futur n\u00eb burg, por nuk t\u00ebrhiqem! S\u00ebrish do protestoj!"},"content":{"rendered":"<p>Protesta e banor\u00ebve t\u00eb Thuman\u00ebs ka vijuar n\u00eb dit\u00ebn e 7 t\u00eb saj, nd\u00ebrsa nuk kan\u00eb munguar as incidentet me Policin\u00eb.<\/p>\n<p>Nj\u00eb prej protestuesve tregon se si \u00ebsht\u00eb dhunuar jo vet\u00ebm fizikisht, por edhe hequr nga puna me pa t\u00eb drejt\u00eb, pasi k\u00ebkron hyrje-dalje n\u00eb autostrad\u00ebn Thuman\u00eb- Kashar.<\/p>\n<p>\u201cRama dhe ministrja Balluku t\u00eb na japin akses n\u00eb rrug\u00eb, ministri i Brendsh\u00ebm t\u00eb ndaloj\u00eb Policin\u00eb q \u00ebt\u00eb mos na dhunoj\u00eb\u201d, tha nj\u00eb qytetar.<\/p>\n<p>\u201cEdi Rama nuk na ndal me Policin\u00eb, ne kemi pun\u00eb vet\u00ebm me Ram\u00ebn, Belinda Ballukun dhe drejtorin e ARRSH, t\u00eb cil\u00ebt mbushin xhepat me parat\u00eb tona.<\/p>\n<p>M\u00eb kan\u00eb rrahur, m\u00eb kan\u00eb hequr nga puna, m\u00eb kan\u00eb futur n\u00eb burg, por un\u00eb prap\u00eb do t\u00eb protestoj\u201d, tha nj\u00eb tjet\u00ebr qytetar, i cili proteston p\u00ebr t\u00eb disat\u00ebn her\u00eb kund\u00ebr bllokimit t\u00eb rrug\u00ebs, nd\u00ebrsa b\u00ebri thirrje q\u00eb t\u00eb ket\u00eb hyrje-dalje n\u00eb aksin Thuman\u00eb-Kashar.<\/p>\n","protected":false},"excerpt":{"rendered":"<p>Protesta e banor\u00ebve t\u00eb Thuman\u00ebs ka vijuar n\u00eb dit\u00ebn e 7 t\u00eb saj, nd\u00ebrsa nuk kan\u00eb munguar as incidentet me Policin\u00eb. Nj\u00eb prej protestuesve tregon se si \u00ebsht\u00eb dhunuar jo vet\u00ebm fizikisht, por edhe hequr nga puna me pa t\u00eb drejt\u00eb, pasi k\u00ebkron hyrje-dalje n\u00eb autostrad\u00ebn Thuman\u00eb- Kashar. \u201cRama dhe ministrja Balluku t\u00eb na japin &hellip;<\/p>\n","protected":false},"author":4,"featured_media":87191,"comment_status":"closed","ping_status":"closed","sticky":false,"template":"","format":"standard","meta":{"footnotes":""},"categories":[37],"tags":[],"class_list":["post-87190","post","type-post","status-publish","format-standard","has-post-thumbnail","","category-politike"],"_links":{"self":[{"href":"https:\/\/rdnews.al\/index.php\/wp-json\/wp\/v2\/posts\/87190","targetHints":{"allow":["GET"]}}],"collection":[{"href":"https:\/\/rdnews.al\/index.php\/wp-json\/wp\/v2\/posts"}],"about":[{"href":"https:\/\/rdnews.al\/index.php\/wp-json\/wp\/v2\/types\/post"}],"author":[{"embeddable":true,"href":"https:\/\/rdnews.al\/index.php\/wp-json\/wp\/v2\/users\/4"}],"replies":[{"embeddable":true,"href":"https:\/\/rdnews.al\/index.php\/wp-json\/wp\/v2\/comments?post=87190"}],"version-history":[{"count":0,"href":"https:\/\/rdnews.al\/index.php\/wp-json\/wp\/v2\/posts\/87190\/revisions"}],"wp:featuredmedia":[{"embeddable":true,"href":"https:\/\/rdnews.al\/index.php\/wp-json\/wp\/v2\/media\/87191"}],"wp:attachment":[{"href":"https:\/\/rdnews.al\/index.php\/wp-json\/wp\/v2\/media?parent=87190"}],"wp:term":[{"taxonomy":"category","embeddable":true,"href":"https:\/\/rdnews.al\/index.php\/wp-json\/wp\/v2\/categories?post=87190"},{"taxonomy":"post_tag","embeddable":true,"href":"https:\/\/rdnews.al\/index.php\/wp-json\/wp\/v2\/tags?post=87190"}],"curies":[{"name":"wp","href":"https:\/\/api.w.org\/{rel}","templated":true}]}}