{"id":87196,"date":"2024-08-20T18:57:54","date_gmt":"2024-08-20T18:57:54","guid":{"rendered":"https:\/\/rdnews.al\/?p=87196"},"modified":"2024-08-20T18:57:54","modified_gmt":"2024-08-20T18:57:54","slug":"berisha-rama-po-ben-perpjekje-kriminale-per-te-liruar-dritan-dajtin-vrasesin-e-4-deshmoreve","status":"publish","type":"post","link":"https:\/\/rdnews.al\/index.php\/2024\/08\/20\/berisha-rama-po-ben-perpjekje-kriminale-per-te-liruar-dritan-dajtin-vrasesin-e-4-deshmoreve\/","title":{"rendered":"Berisha: Rama po b\u00ebn p\u00ebrpjekje kriminale p\u00ebr t\u00eb liruar Dritan Dajtin, vras\u00ebsin e 4 d\u00ebshmor\u00ebve"},"content":{"rendered":"<p>Kryetari i PD, Sali Berisha, gjat\u00eb tubimit t\u00eb sot\u00ebm deklaroi se, Rama po b\u00ebn p\u00ebrpjekje direkte kriminale p\u00ebr t\u00eb liruar Dritan Dajtin, vras\u00ebsin e kat\u00ebr d\u00ebshmor\u00ebve, kat\u00ebr oficer\u00ebve t\u00eb polices, sepse Edi Rama ka qen\u00eb dikur i kontrolluar kryek\u00ebput nga Dajti dhe sot ai k\u00ebrkon reston.<\/p>\n<p>\u201cT\u00eb dashur miq, ju d\u00ebgjoni p\u00ebr vrasje, p\u00ebr plagosje, p\u00ebr vjedhje.<\/p>\n<p>Por mos harroni se n\u00eb t\u00eb gjitha k\u00ebto raste pa p\u00ebrjashtim q\u00ebndron nj\u00eb zyrtar, q\u00ebndron nj\u00eb deputet, q\u00ebndron nj\u00eb qeveritar, q\u00ebndron vet\u00eb Edi Rama.<\/p>\n<p>Me t\u00eb ardhur n\u00eb pushtet, Edi Rama si shp\u00ebrblim ndaj bandave kriminale, liroi nj\u00eb e nga nj\u00eb vras\u00ebsit serial\u00eb t\u00eb d\u00ebnuar p\u00ebrjet\u00eb.<\/p>\n<p>Nd\u00ebrhyri n\u00eb \u00e7do rast dhe liroi faktikisht t\u00eb gjith\u00eb p\u00ebrve\u00e7 nj\u00ebrit.<\/p>\n<p>Ka b\u00ebr\u00eb dhe b\u00ebn p\u00ebrpjekje direkte kriminale p\u00ebr t\u00eb liruar Dritan Dajtin, vras\u00ebsin e kat\u00ebr d\u00ebshmor\u00ebve, kat\u00ebr oficer\u00ebve t\u00eb policis\u00eb.<\/p>\n<p>Sepse Edi Rama ka qen\u00eb dikur i kontrolluar kryek\u00ebput nga Dajti dhe sot ai k\u00ebrkon reston.<\/p>\n<p>T\u00eb dashur miq, ju d\u00ebgjoni p\u00ebr vrasje, p\u00ebr plagosje, p\u00ebr vjedhje.<\/p>\n<p>Por mos harroni se n\u00eb t\u00eb gjitha k\u00ebto raste pa p\u00ebrjashtim q\u00ebndron nj\u00eb zyrtar, q\u00ebndron nj\u00eb deputet, q\u00ebndron nj\u00eb qeveritar, q\u00ebndron vet\u00eb Edi Rama.<\/p>\n<p>Po, po!<\/p>\n<p>Krimi solli Saimir Tahirin.<\/p>\n<p>Askush nuk e mori vesh, por truproja e tij u ekzekutua duke folur n\u00eb telefon me Tahirin.<\/p>\n<p>Kjo \u00ebsht\u00eb e v\u00ebrteta dhe ndodhi n\u00eb mes t\u00eb Tiran\u00ebs.<\/p>\n<p>Pastaj dol\u00ebn Habilajt, k\u00ebta trafikant\u00eb t\u00eb rreziksh\u00ebm p\u00ebr Shqip\u00ebrin\u00eb dhe Italin\u00eb, q\u00eb p\u00ebrdornin skafin, p\u00ebrdornin vetur\u00ebn, p\u00ebrdornin t\u00eb gjith\u00eb pushtetin e tij.<\/p>\n<p>Krimi, pasi e largoi antimafia italiane Tahirin nga detyra, solli n\u00eb pushtet Xhaf\u00ebn.<\/p>\n<p>I v\u00ebllai i tij, nj\u00eb kriminel i pam\u00ebshirsh\u00ebm, nj\u00eb drejtues rrjeti nd\u00ebrkomb\u00ebtar droge n\u00eb Bolonj\u00eb dhe Venezuel\u00eb.<\/p>\n<p>P\u00ebrfundoi rendi tek Taulant Balla, i akuzuar p\u00ebr porosit\u00ebs vrasjesh n\u00eb sall\u00eb gjyqi.<\/p>\n<p>I akuzuar se ka urdh\u00ebruar vrasjen e avokatit q\u00eb pa dokumentet se Taulant krimineli kishte porositur vrasje.<\/p>\n<p>I shp\u00eblar\u00eb nga akuza, nga serial-killeri Nuredin Dumani, q\u00eb do thoshte n\u00eb rr\u00ebfimet e tij se nuk \u00ebsht\u00eb Taulanti q\u00eb urdh\u00ebroi futjen e revoles p\u00ebr t\u00eb arrestuar Manahas\u00ebn, n\u00eb nj\u00eb koh\u00eb kur ata nuk kishin asnj\u00eb lidhje. U mbajt\u00ebn muaj t\u00eb t\u00ebr\u00eb n\u00eb burg p\u00ebr Tualet kriminelin\u201d, tha Berisha.<\/p>\n","protected":false},"excerpt":{"rendered":"<p>Kryetari i PD, Sali Berisha, gjat\u00eb tubimit t\u00eb sot\u00ebm deklaroi se, Rama po b\u00ebn p\u00ebrpjekje direkte kriminale p\u00ebr t\u00eb liruar Dritan Dajtin, vras\u00ebsin e kat\u00ebr d\u00ebshmor\u00ebve, kat\u00ebr oficer\u00ebve t\u00eb polices, sepse Edi Rama ka qen\u00eb dikur i kontrolluar kryek\u00ebput nga Dajti dhe sot ai k\u00ebrkon reston. \u201cT\u00eb dashur miq, ju d\u00ebgjoni p\u00ebr vrasje, p\u00ebr plagosje, &hellip;<\/p>\n","protected":false},"author":4,"featured_media":82604,"comment_status":"closed","ping_status":"closed","sticky":false,"template":"","format":"standard","meta":{"footnotes":""},"categories":[37],"tags":[],"class_list":["post-87196","post","type-post","status-publish","format-standard","has-post-thumbnail","","category-politike"],"_links":{"self":[{"href":"https:\/\/rdnews.al\/index.php\/wp-json\/wp\/v2\/posts\/87196","targetHints":{"allow":["GET"]}}],"collection":[{"href":"https:\/\/rdnews.al\/index.php\/wp-json\/wp\/v2\/posts"}],"about":[{"href":"https:\/\/rdnews.al\/index.php\/wp-json\/wp\/v2\/types\/post"}],"author":[{"embeddable":true,"href":"https:\/\/rdnews.al\/index.php\/wp-json\/wp\/v2\/users\/4"}],"replies":[{"embeddable":true,"href":"https:\/\/rdnews.al\/index.php\/wp-json\/wp\/v2\/comments?post=87196"}],"version-history":[{"count":0,"href":"https:\/\/rdnews.al\/index.php\/wp-json\/wp\/v2\/posts\/87196\/revisions"}],"wp:featuredmedia":[{"embeddable":true,"href":"https:\/\/rdnews.al\/index.php\/wp-json\/wp\/v2\/media\/82604"}],"wp:attachment":[{"href":"https:\/\/rdnews.al\/index.php\/wp-json\/wp\/v2\/media?parent=87196"}],"wp:term":[{"taxonomy":"category","embeddable":true,"href":"https:\/\/rdnews.al\/index.php\/wp-json\/wp\/v2\/categories?post=87196"},{"taxonomy":"post_tag","embeddable":true,"href":"https:\/\/rdnews.al\/index.php\/wp-json\/wp\/v2\/tags?post=87196"}],"curies":[{"name":"wp","href":"https:\/\/api.w.org\/{rel}","templated":true}]}}