{"id":87200,"date":"2024-08-20T19:13:43","date_gmt":"2024-08-20T19:13:43","guid":{"rendered":"https:\/\/rdnews.al\/?p=87200"},"modified":"2024-08-20T19:13:56","modified_gmt":"2024-08-20T19:13:56","slug":"berisha-te-enjten-tek-bashkia-ne-oren-1100-per-ti-treguar-vendin-njerit-prej-hajduteve-me-te-shpifur-te-tokes-shqiptare","status":"publish","type":"post","link":"https:\/\/rdnews.al\/index.php\/2024\/08\/20\/berisha-te-enjten-tek-bashkia-ne-oren-1100-per-ti-treguar-vendin-njerit-prej-hajduteve-me-te-shpifur-te-tokes-shqiptare\/","title":{"rendered":"Berisha: T\u00eb enjten tek bashkia p\u00ebr t\u2019i treguar vendin nj\u00ebrit prej hajdut\u00ebve m\u00eb t\u00eb shpifur t\u00eb tok\u00ebs shqiptare!"},"content":{"rendered":"<p>N\u00eb dit\u00ebn e 232 t\u00eb q\u00ebndres\u00ebs qytetare n\u00eb mb\u00ebshtetje t\u00eb liderit t\u00eb opozit\u00ebs, Sali Berisha, ju beri thirrje qytetar\u00ebve q\u00eb t\u00eb enjten t\u2019i bashkohen protest\u00ebs tek bashkia e Tiran\u00ebs.<\/p>\n<p>Berisha: Dit\u00ebn e enjte, tek bashkia n\u00eb or\u00ebn 11:00, p\u00ebr t\u2019i treguar vendin nj\u00ebrit prej hajdut\u00ebve m\u00eb t\u00eb shpifur t\u00eb tok\u00ebs shqiptare, Erion Veliajt\u2019\u2019, u shpreh Berisha.<\/p>\n<p>K\u00ebto q\u00eb pam\u00eb k\u00ebt\u00eb jav\u00eb jan\u00eb pasqyr\u00eb e aleanc\u00ebs s\u00eb pushtetit me krimin nga viti 2013 gjer sot.<\/p>\n<p>T\u00eb gjitha k\u00ebto d\u00ebshmojn\u00eb se sa jetike \u00ebsht\u00eb jetesa jon\u00eb.<\/p>\n<p>Se sa vendimtare \u00ebsht\u00eb mosbindja civile.<\/p>\n<p>Prandaj dhe, duke iu p\u00ebrg\u00ebzuar dhe shprehur edhe nj\u00ebher\u00eb mir\u00ebnjohjen, ju ftoj t\u00eb vazhdojm\u00eb betej\u00ebn ton\u00eb t\u00eb pandalshme gjer n\u00eb fitore.<\/p>\n<p>Dit\u00ebn e enjte, tek bashkia n\u00eb or\u00ebn 11:00, p\u00ebr t\u2019i treguar vendin nj\u00ebrit prej hajdut\u00ebve m\u00eb t\u00eb shpifur t\u00eb tok\u00ebs shqiptare, Erion Veliajt.<\/p>\n<p>Edhe nj\u00ebher\u00eb, mir\u00ebnjohje t\u00eb pakufishme ndaj jush.<\/p>\n<p>Fitore, fitore, fitore!<\/p>\n","protected":false},"excerpt":{"rendered":"<p>N\u00eb dit\u00ebn e 232 t\u00eb q\u00ebndres\u00ebs qytetare n\u00eb mb\u00ebshtetje t\u00eb liderit t\u00eb opozit\u00ebs, Sali Berisha, ju beri thirrje qytetar\u00ebve q\u00eb t\u00eb enjten t\u2019i bashkohen protest\u00ebs tek bashkia e Tiran\u00ebs. Berisha: Dit\u00ebn e enjte, tek bashkia n\u00eb or\u00ebn 11:00, p\u00ebr t\u2019i treguar vendin nj\u00ebrit prej hajdut\u00ebve m\u00eb t\u00eb shpifur t\u00eb tok\u00ebs shqiptare, Erion Veliajt\u2019\u2019, u shpreh &hellip;<\/p>\n","protected":false},"author":4,"featured_media":82610,"comment_status":"closed","ping_status":"closed","sticky":false,"template":"","format":"standard","meta":{"footnotes":""},"categories":[37],"tags":[],"class_list":["post-87200","post","type-post","status-publish","format-standard","has-post-thumbnail","","category-politike"],"_links":{"self":[{"href":"https:\/\/rdnews.al\/index.php\/wp-json\/wp\/v2\/posts\/87200","targetHints":{"allow":["GET"]}}],"collection":[{"href":"https:\/\/rdnews.al\/index.php\/wp-json\/wp\/v2\/posts"}],"about":[{"href":"https:\/\/rdnews.al\/index.php\/wp-json\/wp\/v2\/types\/post"}],"author":[{"embeddable":true,"href":"https:\/\/rdnews.al\/index.php\/wp-json\/wp\/v2\/users\/4"}],"replies":[{"embeddable":true,"href":"https:\/\/rdnews.al\/index.php\/wp-json\/wp\/v2\/comments?post=87200"}],"version-history":[{"count":0,"href":"https:\/\/rdnews.al\/index.php\/wp-json\/wp\/v2\/posts\/87200\/revisions"}],"wp:featuredmedia":[{"embeddable":true,"href":"https:\/\/rdnews.al\/index.php\/wp-json\/wp\/v2\/media\/82610"}],"wp:attachment":[{"href":"https:\/\/rdnews.al\/index.php\/wp-json\/wp\/v2\/media?parent=87200"}],"wp:term":[{"taxonomy":"category","embeddable":true,"href":"https:\/\/rdnews.al\/index.php\/wp-json\/wp\/v2\/categories?post=87200"},{"taxonomy":"post_tag","embeddable":true,"href":"https:\/\/rdnews.al\/index.php\/wp-json\/wp\/v2\/tags?post=87200"}],"curies":[{"name":"wp","href":"https:\/\/api.w.org\/{rel}","templated":true}]}}