{"id":87204,"date":"2024-08-20T19:59:44","date_gmt":"2024-08-20T19:59:44","guid":{"rendered":"https:\/\/rdnews.al\/?p=87204"},"modified":"2024-08-20T20:00:08","modified_gmt":"2024-08-20T20:00:08","slug":"berisha-nje-jave-lufte-te-vrare-te-plagosur-te-vetevrare-me-shume-se-ne-te-gjithe-evropen","status":"publish","type":"post","link":"https:\/\/rdnews.al\/index.php\/2024\/08\/20\/berisha-nje-jave-lufte-te-vrare-te-plagosur-te-vetevrare-me-shume-se-ne-te-gjithe-evropen\/","title":{"rendered":"Berisha: Nj\u00eb jav\u00eb lufte! T\u00eb vrar\u00eb, t\u00eb plagosur dhe t\u00eb vet\u00ebvrar\u00eb m\u00eb shum\u00eb se n\u00eb t\u00eb gjith\u00eb Evrop\u00ebn!"},"content":{"rendered":"<p>Kryetari i PD, Sali Berisha ka folur s\u00ebrish sonte p\u00ebr protest\u00ebn e banor\u00ebve t\u00eb Thuman\u00ebs kund\u00ebr bllokimit t\u00eb hyrje-daljeve n\u00eb autostrad\u00ebn Thuman\u00eb-Kashar.<\/p>\n<p>Berisha ka faj\u00ebsuar kryeministrin Edi Rama p\u00ebr bllokimin e rrug\u00ebve dhe l\u00ebvizjen e lir\u00eb t\u00eb banor\u00ebve t\u00eb k\u00ebsaj zone. Ai tha se, urrejtja raciste q\u00eb Rama ka ndaj banor\u00ebve t\u00eb veriut, shihet qart\u00eb nga bllokimi i rrug\u00ebs.<\/p>\n<p>Lideri i opozit\u00ebs, Sali Berisha, gjat\u00eb tubimit t\u00eb sot\u00ebm deklaroi se Rama po b\u00ebn p\u00ebrpjekje direkte kriminale p\u00ebr t\u00eb liruar Dritan Dajtin, vras\u00ebsin e kat\u00ebr d\u00ebshmor\u00ebve, kat\u00ebr oficer\u00ebve t\u00eb policis\u00eb.<\/p>\n<p>Berisha gjat\u00eb fjal\u00ebs n\u00eb tubimin qytetar ka b\u00ebr\u00eb nj\u00eb denoncim ndaj Edi Ram\u00ebs, t\u00eb cilin e ka akuzuar se ka k\u00ebrc\u00ebnuar Ervis Martinajn. Berisha tha se, edhe kush\u00ebririn e Martinajt, Brilant Martinaj, e kan\u00eb vrar\u00eb polic\u00ebt. Sipas Berish\u00ebs, pas \u00e7do akti kriminal fshihet nj\u00eb minist\u00ebr, nj\u00eb deputet, nj\u00eb zyrtar, nj\u00eb gjykat\u00ebs, nj\u00eb prokuror, nj\u00eb oficer policie.<\/p>\n<p>Po ashtu Berisha foli edhe p\u00ebr 6 vrasjet q\u00eb ndodh\u00ebn brenda nj\u00eb dite. Berisha e cil\u00ebsoi si nj\u00eb jav\u00eb lufte. Ai tha se, t\u00eb vrar\u00eb, t\u00eb plagosur, t\u00eb vet\u00ebvrar\u00eb m\u00eb shum\u00eb se n\u00eb t\u00eb gjith\u00eb Evrop\u00ebn t\u00eb marr\u00eb s\u00eb bashku.<\/p>\n<p><strong>FJALA E PLOT\u00cb<\/strong><\/p>\n<p>Mir\u00ebmbr\u00ebma dhe p\u00ebrsh\u00ebndetjet m\u00eb t\u00eb p\u00ebrzem\u00ebrta, mir\u00ebnjohjen m\u00eb t\u00eb pakufishme ndaj jush q\u00ebndrestar\u00ebve t\u00eb pamposhtur t\u00eb kauz\u00ebs s\u00eb drejt\u00eb t\u00eb shqiptar\u00ebve.<\/p>\n<p>Mir\u00ebnjohje ndaj orator\u00ebve t\u00eb k\u00ebsaj platforme q\u00eb shp\u00ebrndajn\u00eb anek\u00ebnd vendit t\u00eb v\u00ebrtetat e kauz\u00ebs ton\u00eb.<\/p>\n<p>T\u00eb dashur miq, sot p\u00ebrs\u00ebri vazhdon beteja e guximtar\u00ebve t\u00eb Thuman\u00ebs, Fush\u00eb Kruj\u00ebs dhe Kruj\u00ebs.<\/p>\n<p>Beteja kund\u00ebr nd\u00ebshkimit t\u00eb 80 mij\u00eb banor\u00ebve duke i privuar nga rruga e nd\u00ebrtuar mbi tok\u00ebn e tyre.<\/p>\n<p>Beteja n\u00eb em\u00ebr t\u00eb 500 mij\u00eb shqiptar\u00ebve, m\u00eb t\u00eb varfrit e Shqip\u00ebris\u00eb, m\u00eb t\u00eb varfrit e Europ\u00ebs, q\u00eb n\u00eb nj\u00eb akt madhor antikushtetues, n\u00eb nj\u00eb akt urrejtje raciste antishqiptare t\u00eb Edi Ram\u00ebs, u v\u00eb taks\u00ebn e ardhjes n\u00eb Tiran\u00eb, nd\u00ebrkoh\u00eb q\u00eb qytetar\u00ebt e t\u00eb gjitha zonave t\u00eb tjera t\u00eb vendit me t\u00eb ardhura dy dhe tre her\u00eb m\u00eb t\u00eb m\u00ebdha se ato t\u00eb veriut, nuk paguajn\u00eb asnj\u00eb qindark\u00eb p\u00ebr t\u00eb ardhur n\u00eb kryeqytetin e tyre.<\/p>\n<p>Edhe ata udh\u00ebtojn\u00eb n\u00eb rrug\u00eb, autostrada, superstrada, kalojn\u00eb tunele dhe rrug\u00eb t\u00eb gjera, por asnj\u00eb nuk paguan sepse Edi Rama urren me nj\u00eb urrejtje t\u00eb trash\u00ebguar veriun dhe banor\u00ebt e saj.<\/p>\n<p>Hiqe nga mendja Edi Rama se do e fitosh dot at\u00eb betej\u00eb, ajo do jet\u00eb beteja n\u00eb t\u00eb cil\u00ebn do mjerohet regjimi.<\/p>\n<p>Do jet\u00eb kryengritja paq\u00ebsore e t\u00eb gjitha zonave t\u00eb veriut kund\u00ebr diskriminimit, kund\u00ebr urrejtjes raciste, kund\u00ebr nd\u00ebshkimit t\u00eb pamerituar.<\/p>\n<p>T\u00eb dashur miq, kjo jav\u00eb ishte nj\u00eb jav\u00eb lufte.<\/p>\n<p>Nj\u00eb jav\u00eb sikur Shqip\u00ebria t\u00eb ishte nj\u00eb zon\u00eb lufte.<\/p>\n<p>T\u00eb vrar\u00eb, t\u00eb plagosur, t\u00eb vet\u00ebvrar\u00eb m\u00eb shum\u00eb se n\u00eb t\u00eb gjith\u00eb Europ\u00ebn t\u00eb marr\u00eb s\u00eb bashku p\u00ebrve\u00e7 frontit t\u00eb Ukrain\u00ebs.<\/p>\n<p>Dje, n\u00eb mes t\u00eb rrug\u00ebve, n\u00eb mes t\u00eb dit\u00ebs, n\u00eb rrug\u00ebt m\u00eb kryesore shkrehen bateri plumbash.<\/p>\n<p>Mbr\u00ebm\u00eb ekzekutohen n\u00eb Velipoj\u00eb dy v\u00ebllez\u00ebr.<\/p>\n<p>Kryeplaku i nj\u00eb fshati n\u00eb Memaliaj gjendet i therur me thik\u00eb n\u00eb nj\u00eb p\u00ebrrua t\u00eb Zhapokik\u00ebs.<\/p>\n<p>N\u00eb \u00e7do k\u00ebnd t\u00eb k\u00ebtij vendi, krimi zot\u00ebron, b\u00ebn ligjin, kontrollon rendin dhe ka n\u00eb duar rendin.<\/p>\n<p>T\u00eb dashur miq, krimi, vrasjet, trafiqet, grabitjet jan\u00eb sot k\u00ebrc\u00ebnim madhor p\u00ebr jet\u00ebn e \u00e7do shqiptari.<\/p>\n<p>Dhe \u00e7do dit\u00eb, \u00e7do jav\u00eb ato do b\u00ebhen m\u00eb t\u00eb rrezikshme.<\/p>\n<p>Aleanca e qelb\u00ebsirave q\u00eb u krijua n\u00eb vitin 2013 kund\u00ebr rendit demokratik nga Edi Rama \u00ebsht\u00eb shnd\u00ebrruar sot n\u00eb aleanc\u00eb krimi, droge, trafiqesh, vrasjesh, vjedhjesh t\u00eb shqiptar\u00ebve.<\/p>\n<p>Ishte ajo aleanc\u00eb n\u00eb moton \u2018qelb\u00ebsira t\u00eb t\u00eb gjith\u00eb vendit bashkohuni kund\u00ebr Sali Berish\u00ebs\u2019 q\u00eb sot shprehet me sundimin e krimit shtet\u00ebror. Me dominimin e krimit mbi parlamentit, mbi qeverin\u00eb, mbi drejt\u00ebsin\u00eb, mbi policin\u00eb, mbi t\u00eb gjitha institucionet.<\/p>\n<p>Me t\u00eb ardhur n\u00eb pushtet, Edi Rama si shp\u00ebrblim ndaj bandave kriminale, liroi nj\u00eb e nga nj\u00eb vras\u00ebsit serial\u00eb t\u00eb d\u00ebnuar p\u00ebrjet\u00eb.<\/p>\n<p>Nd\u00ebrhyri n\u00eb \u00e7do rast dhe liroi faktikisht t\u00eb gjith\u00eb p\u00ebrve\u00e7 nj\u00ebrit.<\/p>\n<p>Ka b\u00ebr\u00eb dhe b\u00ebn p\u00ebrpjekje direkte kriminale p\u00ebr t\u00eb liruar Dritan Dajtin, vras\u00ebsin e kat\u00ebr d\u00ebshmor\u00ebve, kat\u00ebr oficer\u00ebve t\u00eb policis\u00eb.<\/p>\n<p>Sepse Edi Rama ka qen\u00eb dikur i kontrolluar kryek\u00ebput nga Dajti dhe sot ai k\u00ebrkon reston.<\/p>\n<p>T\u00eb dashur miq, ju d\u00ebgjoni p\u00ebr vrasje, p\u00ebr plagosje, p\u00ebr vjedhje.<\/p>\n<p>Por mos harroni se n\u00eb t\u00eb gjitha k\u00ebto raste pa p\u00ebrjashtim q\u00ebndron nj\u00eb zyrtar, q\u00ebndron nj\u00eb deputet, q\u00ebndron nj\u00eb qeveritar, q\u00ebndron vet\u00eb Edi Rama.<\/p>\n<p>Po, po!<\/p>\n<p>Krimi solli Saimir Tahirin.<\/p>\n<p>Askush nuk e mori vesh, por truproja e tij u ekzekutua duke folur n\u00eb telefon me Tahirin.<\/p>\n<p>Kjo \u00ebsht\u00eb e v\u00ebrteta dhe ndodhi n\u00eb mes t\u00eb Tiran\u00ebs.<\/p>\n<p>Pastaj dol\u00ebn Habilajt, k\u00ebta trafikant\u00eb t\u00eb rreziksh\u00ebm p\u00ebr Shqip\u00ebrin\u00eb dhe Italin\u00eb, q\u00eb p\u00ebrdornin<\/p>\n<p>skafin, p\u00ebrdornin vetur\u00ebn, p\u00ebrdornin t\u00eb gjith\u00eb pushtetin e tij.<\/p>\n<p>Krimi, pasi e largoi antimafia italiane Tahirin nga detyra, solli n\u00eb pushtet Xhaf\u00ebn.<\/p>\n<p>I v\u00ebllai i tij, nj\u00eb kriminel i pam\u00ebshirsh\u00ebm, nj\u00eb drejtues rrjeti nd\u00ebrkomb\u00ebtar droge n\u00eb Bolonj\u00eb dhe Venezuel\u00eb.<\/p>\n<p>P\u00ebrfundoi rendi tek Taulant Balla, i akuzuar p\u00ebr porosit\u00ebs vrasjesh n\u00eb sall\u00eb gjyqi.<\/p>\n<p>I akuzuar se ka urdh\u00ebruar vrasjen e avokatit q\u00eb pa dokumentet se Taulant krimineli kishte<\/p>\n<p>porositur vrasje.<\/p>\n<p>I shp\u00eblar\u00eb nga akuza, nga serial-killeri Nuredin Dumani, q\u00eb do thoshte n\u00eb rr\u00ebfimet e tij se nuk \u00ebsht\u00eb Taulanti q\u00eb urdh\u00ebroi futjen e revoles p\u00ebr t\u00eb arrestuar Manahas\u00ebn, n\u00eb nj\u00eb koh\u00eb kur ata nuk kishin asnj\u00eb lidhje.<\/p>\n<p>U mbajt\u00ebn muaj t\u00eb t\u00ebr\u00eb n\u00eb burg p\u00ebr Tualet kriminelin.<\/p>\n<p>A nuk ishte Edi Rama q\u00eb do i thoshte Ervis Martinit se ta dim\u00eb targ\u00ebn?<\/p>\n<p>A nuk u ekzekutua kush\u00ebriri i tij n\u00eb ur\u00eb, dhe vrasjet n\u00eb ur\u00eb, n\u00eb t\u00eb gjitha koh\u00ebrat, jan\u00eb vrasje policie?<\/p>\n<p>A nuk ishte Ervis Martini q\u00eb n\u00eb pamjet e tij t\u00eb fundit shoq\u00ebrohej nga nj\u00eb oficer policie?<\/p>\n<p>A nuk ishte Edi Rama q\u00eb Rrahman Rraj\u00ebn e b\u00ebnte deputet p\u00ebr s\u00eb dyti dhe tani q\u00eb e kan\u00eb hequr, fut n\u00eb asamble vajz\u00ebn apo mbes\u00ebn e tij?<\/p>\n<p>A nuk \u00ebsht\u00eb Edi Rama q\u00eb pasi u largua nga parlamenti krimineli Arben Ndoka, e em\u00ebroi kryetar politik p\u00ebr Lezh\u00ebn t\u00eb partis\u00eb s\u00eb krimit?<\/p>\n<p>Pra miq, ky \u00ebsht\u00eb mjedis krimi, \u00ebsht\u00eb terren krimi.<\/p>\n<p>Qeveria dhe krimi jan\u00eb nj\u00eb dhe t\u00eb pandar\u00eb.<\/p>\n<p>Edhe nj\u00ebher\u00eb, prapa \u00e7do akti kriminal fshihet nj\u00eb minist\u00ebr, nj\u00eb deputet, nj\u00eb zyrtar, nj\u00eb gjykat\u00ebs, nj\u00eb prokuror, nj\u00eb oficer policie.<\/p>\n<p>A nuk treguan dosjet se si shefat e krimeve u tregonin bandave se ku i kan\u00eb kund\u00ebrshtar\u00ebt n\u00eb zbatim t\u00eb strategjis\u00eb s\u00eb Edi Ram\u00ebs\u00a0 q\u00eb kokat t\u2019i han\u00eb nj\u00ebri-tjetrit?<\/p>\n<p>K\u00ebto q\u00eb pam\u00eb k\u00ebt\u00eb jav\u00eb jan\u00eb pasqyr\u00eb e aleanc\u00ebs s\u00eb pushtetit me krimin nga viti 2013 gjer sot.<\/p>\n<p>T\u00eb gjitha k\u00ebto d\u00ebshmojn\u00eb se sa jetike \u00ebsht\u00eb jetesa jon\u00eb.<\/p>\n<p>Se sa vendimtare \u00ebsht\u00eb mosbindja civile.<\/p>\n<p>Prandaj dhe, duke iu p\u00ebrg\u00ebzuar dhe shprehur edhe nj\u00ebher\u00eb mir\u00ebnjohjen, ju ftoj t\u00eb vazhdojm\u00eb betej\u00ebn ton\u00eb t\u00eb pandalshme gjer n\u00eb fitore.<\/p>\n<p>Dit\u00ebn e enjte, tek bashkia n\u00eb or\u00ebn 11:00, p\u00ebr t\u2019i treguar vendin nj\u00ebrit prej hajdut\u00ebve m\u00eb t\u00eb shpifur t\u00eb tok\u00ebs shqiptare, Erion Veliajt.<\/p>\n<p>Edhe nj\u00ebher\u00eb, mir\u00ebnjohje t\u00eb pakufishme ndaj jush.<\/p>\n<p>Fitore, fitore, fitore!<\/p>\n","protected":false},"excerpt":{"rendered":"<p>Kryetari i PD, Sali Berisha ka folur s\u00ebrish sonte p\u00ebr protest\u00ebn e banor\u00ebve t\u00eb Thuman\u00ebs kund\u00ebr bllokimit t\u00eb hyrje-daljeve n\u00eb autostrad\u00ebn Thuman\u00eb-Kashar. Berisha ka faj\u00ebsuar kryeministrin Edi Rama p\u00ebr bllokimin e rrug\u00ebve dhe l\u00ebvizjen e lir\u00eb t\u00eb banor\u00ebve t\u00eb k\u00ebsaj zone. Ai tha se, urrejtja raciste q\u00eb Rama ka ndaj banor\u00ebve t\u00eb veriut, shihet qart\u00eb &hellip;<\/p>\n","protected":false},"author":4,"featured_media":81930,"comment_status":"closed","ping_status":"closed","sticky":false,"template":"","format":"standard","meta":{"footnotes":""},"categories":[37],"tags":[],"class_list":["post-87204","post","type-post","status-publish","format-standard","has-post-thumbnail","","category-politike"],"_links":{"self":[{"href":"https:\/\/rdnews.al\/index.php\/wp-json\/wp\/v2\/posts\/87204","targetHints":{"allow":["GET"]}}],"collection":[{"href":"https:\/\/rdnews.al\/index.php\/wp-json\/wp\/v2\/posts"}],"about":[{"href":"https:\/\/rdnews.al\/index.php\/wp-json\/wp\/v2\/types\/post"}],"author":[{"embeddable":true,"href":"https:\/\/rdnews.al\/index.php\/wp-json\/wp\/v2\/users\/4"}],"replies":[{"embeddable":true,"href":"https:\/\/rdnews.al\/index.php\/wp-json\/wp\/v2\/comments?post=87204"}],"version-history":[{"count":0,"href":"https:\/\/rdnews.al\/index.php\/wp-json\/wp\/v2\/posts\/87204\/revisions"}],"wp:featuredmedia":[{"embeddable":true,"href":"https:\/\/rdnews.al\/index.php\/wp-json\/wp\/v2\/media\/81930"}],"wp:attachment":[{"href":"https:\/\/rdnews.al\/index.php\/wp-json\/wp\/v2\/media?parent=87204"}],"wp:term":[{"taxonomy":"category","embeddable":true,"href":"https:\/\/rdnews.al\/index.php\/wp-json\/wp\/v2\/categories?post=87204"},{"taxonomy":"post_tag","embeddable":true,"href":"https:\/\/rdnews.al\/index.php\/wp-json\/wp\/v2\/tags?post=87204"}],"curies":[{"name":"wp","href":"https:\/\/api.w.org\/{rel}","templated":true}]}}