{"id":87269,"date":"2024-08-21T16:45:54","date_gmt":"2024-08-21T16:45:54","guid":{"rendered":"https:\/\/rdnews.al\/?p=87269"},"modified":"2024-08-21T16:45:54","modified_gmt":"2024-08-21T16:45:54","slug":"meta-rama-eshte-i-perfshire-ne-trafikun-nderkombetar-te-mbetjeve-toksike","status":"publish","type":"post","link":"https:\/\/rdnews.al\/index.php\/2024\/08\/21\/meta-rama-eshte-i-perfshire-ne-trafikun-nderkombetar-te-mbetjeve-toksike\/","title":{"rendered":"Meta: Rama \u00ebsht\u00eb i p\u00ebrfshir\u00eb n\u00eb trafikun nd\u00ebrkomb\u00ebtar t\u00eb mbetjeve toksike"},"content":{"rendered":"<p>Presidenti i Partis\u00eb s\u00eb Liris\u00eb, Ilir Meta, ka akuzuar kryeministrin Edi Rama se \u00ebsht\u00eb i p\u00ebrfshir\u00eb n\u00eb trafikun nd\u00ebrkomb\u00ebtar t\u00eb mbetjeve toksike.<\/p>\n<p>Meta n\u00eb nj\u00eb deklarat\u00eb p\u00ebr mediat k\u00ebt\u00eb t\u00eb m\u00ebrkur\u00eb, tha se n\u00eb kulmin e k\u00ebtij skandali, Rama rikthen fshehurazi projektligjin p\u00ebr importin e plehrave.<\/p>\n<p>\u201cDy \u00e7\u00ebshtje madhore, nj\u00ebra \u00ebsht\u00eb alarmante dhe skandaloze, duke shqet\u00ebsuar edhe organizatat nd\u00ebrkomb\u00ebtare t\u00eb mjedisit dhe t\u00eb sh\u00ebndetit. Jemi k\u00ebtu p\u00ebr t\u00eb d\u00ebnuar rikthimin fshehurazi nga qeveria Rama t\u00eb projektligjit p\u00ebr importin e plehrave, pik\u00ebrisht n\u00eb kulmin e shp\u00ebrthimit t\u00eb skandalit t\u00eb p\u00ebrfshirjes s\u00eb Edi Ram\u00ebs n\u00eb trafikun nd\u00ebrkomb\u00ebtar t\u00eb mbetjeve toksike. Plehrat jan\u00eb kthyer n\u00eb nj\u00eb minier\u00eb t\u00eb thell\u00eb korrupsioni dhe zhvatjen \u00e7do dit\u00eb t\u00eb qindra milion\u00eb eurove, por edhe helmimit t\u00eb qytetar\u00ebve shqiptar\u00eb\u201d, tha Meta.<\/p>\n","protected":false},"excerpt":{"rendered":"<p>Presidenti i Partis\u00eb s\u00eb Liris\u00eb, Ilir Meta, ka akuzuar kryeministrin Edi Rama se \u00ebsht\u00eb i p\u00ebrfshir\u00eb n\u00eb trafikun nd\u00ebrkomb\u00ebtar t\u00eb mbetjeve toksike. Meta n\u00eb nj\u00eb deklarat\u00eb p\u00ebr mediat k\u00ebt\u00eb t\u00eb m\u00ebrkur\u00eb, tha se n\u00eb kulmin e k\u00ebtij skandali, Rama rikthen fshehurazi projektligjin p\u00ebr importin e plehrave. \u201cDy \u00e7\u00ebshtje madhore, nj\u00ebra \u00ebsht\u00eb alarmante dhe skandaloze, duke &hellip;<\/p>\n","protected":false},"author":4,"featured_media":87270,"comment_status":"closed","ping_status":"closed","sticky":false,"template":"","format":"standard","meta":{"footnotes":""},"categories":[37],"tags":[],"class_list":["post-87269","post","type-post","status-publish","format-standard","has-post-thumbnail","","category-politike"],"_links":{"self":[{"href":"https:\/\/rdnews.al\/index.php\/wp-json\/wp\/v2\/posts\/87269","targetHints":{"allow":["GET"]}}],"collection":[{"href":"https:\/\/rdnews.al\/index.php\/wp-json\/wp\/v2\/posts"}],"about":[{"href":"https:\/\/rdnews.al\/index.php\/wp-json\/wp\/v2\/types\/post"}],"author":[{"embeddable":true,"href":"https:\/\/rdnews.al\/index.php\/wp-json\/wp\/v2\/users\/4"}],"replies":[{"embeddable":true,"href":"https:\/\/rdnews.al\/index.php\/wp-json\/wp\/v2\/comments?post=87269"}],"version-history":[{"count":0,"href":"https:\/\/rdnews.al\/index.php\/wp-json\/wp\/v2\/posts\/87269\/revisions"}],"wp:featuredmedia":[{"embeddable":true,"href":"https:\/\/rdnews.al\/index.php\/wp-json\/wp\/v2\/media\/87270"}],"wp:attachment":[{"href":"https:\/\/rdnews.al\/index.php\/wp-json\/wp\/v2\/media?parent=87269"}],"wp:term":[{"taxonomy":"category","embeddable":true,"href":"https:\/\/rdnews.al\/index.php\/wp-json\/wp\/v2\/categories?post=87269"},{"taxonomy":"post_tag","embeddable":true,"href":"https:\/\/rdnews.al\/index.php\/wp-json\/wp\/v2\/tags?post=87269"}],"curies":[{"name":"wp","href":"https:\/\/api.w.org\/{rel}","templated":true}]}}