{"id":87272,"date":"2024-08-21T17:08:11","date_gmt":"2024-08-21T17:08:11","guid":{"rendered":"https:\/\/rdnews.al\/?p=87272"},"modified":"2024-08-21T17:08:11","modified_gmt":"2024-08-21T17:08:11","slug":"faktori-r","status":"publish","type":"post","link":"https:\/\/rdnews.al\/index.php\/2024\/08\/21\/faktori-r\/","title":{"rendered":"Faktori \u201cR\u201d"},"content":{"rendered":"<div class=\"container no-gutter responsive-full-width\">\n<div class=\"row\">\n<div class=\"col-md-12 col-sm-12\">\n<div class=\"news-full-content\">\n<p class=\"news-additional-info\">Real Madrid kishte n\u00eb dispozicion nj\u00eb sulm \u201cshp\u00ebrthyes\u201d q\u00eb vet\u00ebm nj\u00eb vit m\u00eb par\u00eb i dhuroi Champions dhe La Liga, por drejtuesit e klubit mbret\u00ebror investuan s\u00ebrish n\u00eb faz\u00ebn ofensive duke afruar n\u00eb kryeqytet dy sulmues t\u00eb tjer\u00eb si Mbappe dhe Endrich. Ky fakt ka vendosur jo pak n\u00eb v\u00ebshtir\u00ebsi Carlo Ancelotti-n dhe drejtuesit e Realit, pasi nj\u00ebri prej tyre, braziliani Endrich e ka thuajse t\u00eb pamundur t\u00eb gjej\u00eb hap\u00ebsira.<\/p>\n<\/div>\n<\/div>\n<\/div>\n<\/div>\n<div class=\"container no-gutter responsive-full-width article_content\">\n<div class=\"row\">\n<div class=\"col-md-10 col-sm-10 article-text\">\n<figure id=\"attachment_2506215\" class=\"wp-caption alignnone\" aria-describedby=\"caption-attachment-2506215\"><a href=\"https:\/\/www.balkanweb.com\/wp-content\/uploads\/2024\/08\/reali.jpg\" rel=\"lightbox noopener\" target=\"_blank\"><img loading=\"lazy\" decoding=\"async\" class=\"wp-image-2506215 size-full\" src=\"https:\/\/www.balkanweb.com\/wp-content\/uploads\/2024\/08\/reali.jpg\" sizes=\"auto, (max-width: 1371px) 100vw, 1371px\" srcset=\"https:\/\/www.balkanweb.com\/wp-content\/uploads\/2024\/08\/reali.jpg 1371w, https:\/\/www.balkanweb.com\/wp-content\/uploads\/2024\/08\/reali-400x267.jpg 400w, https:\/\/www.balkanweb.com\/wp-content\/uploads\/2024\/08\/reali-524x350.jpg 524w, https:\/\/www.balkanweb.com\/wp-content\/uploads\/2024\/08\/reali-768x513.jpg 768w, https:\/\/www.balkanweb.com\/wp-content\/uploads\/2024\/08\/reali-370x247.jpg 370w, https:\/\/www.balkanweb.com\/wp-content\/uploads\/2024\/08\/reali-113x75.jpg 113w, https:\/\/www.balkanweb.com\/wp-content\/uploads\/2024\/08\/reali-674x450.jpg 674w\" alt=\"Reali\" width=\"1371\" height=\"916\" \/><\/a><\/figure>\n<p>Ancelottti nuk i ka rezervuar asnj\u00eb minut\u00eb dhe ky detaj nuk \u00ebsht\u00eb pritur mir\u00eb nga braziliani. Sipas t\u00eb p\u00ebrditshmes Sport, Endrich dhe p\u00ebrfaq\u00ebsuesit e tij po mendojn\u00eb p\u00ebr nj\u00eb huazim gjat\u00eb merkatos s\u00eb janarit, gjithnj\u00eb n\u00ebse situata nuk ndryshon. N\u00eb Madrid mund t\u00eb vijn\u00eb lojtar\u00eb t\u00eb rinj, por diferenc\u00ebn vijon t\u00eb b\u00ebj\u00eb Rodrygo, nj\u00eb nga lojtar\u00ebt m\u00eb t\u00eb n\u00ebnvler\u00ebsuar.<\/p>\n<figure id=\"attachment_2506216\" class=\"wp-caption alignnone\" aria-describedby=\"caption-attachment-2506216\"><a href=\"https:\/\/www.balkanweb.com\/wp-content\/uploads\/2024\/08\/MARCA-1.jpg\" rel=\"lightbox noopener\" target=\"_blank\"><img loading=\"lazy\" decoding=\"async\" class=\"wp-image-2506216 size-full\" src=\"https:\/\/www.balkanweb.com\/wp-content\/uploads\/2024\/08\/MARCA-1.jpg\" sizes=\"auto, (max-width: 648px) 100vw, 648px\" srcset=\"https:\/\/www.balkanweb.com\/wp-content\/uploads\/2024\/08\/MARCA-1.jpg 648w, https:\/\/www.balkanweb.com\/wp-content\/uploads\/2024\/08\/MARCA-1-216x280.jpg 216w, https:\/\/www.balkanweb.com\/wp-content\/uploads\/2024\/08\/MARCA-1-270x350.jpg 270w, https:\/\/www.balkanweb.com\/wp-content\/uploads\/2024\/08\/MARCA-1-203x263.jpg 203w, https:\/\/www.balkanweb.com\/wp-content\/uploads\/2024\/08\/MARCA-1-62x80.jpg 62w, https:\/\/www.balkanweb.com\/wp-content\/uploads\/2024\/08\/MARCA-1-348x450.jpg 348w\" alt=\"Marca\" width=\"648\" height=\"839\" \/><\/a><\/figure>\n<p>Flitet gjithnj\u00eb p\u00ebr Vinicius, Mbappe apo Bellingham, por n\u00eb fakt protagonist absolut mbetet Rodrygo.\u00a0<strong><em>\u201cFaktori R\u201d<\/em><\/strong>, shkruan Marca n\u00eb faqen e par\u00eb, duke sjell\u00eb n\u00eb kujtes\u00eb ndikimin e tij n\u00eb formacionin e Ancelottit. Edhe n\u00eb sfid\u00ebn e par\u00eb t\u00eb k\u00ebtij sezoni, at\u00eb kund\u00ebr Mallorca, Rodrigo ishte autori i golit p\u00ebr Realin.<\/p>\n<\/div>\n<\/div>\n<\/div>\n","protected":false},"excerpt":{"rendered":"<p>Real Madrid kishte n\u00eb dispozicion nj\u00eb sulm \u201cshp\u00ebrthyes\u201d q\u00eb vet\u00ebm nj\u00eb vit m\u00eb par\u00eb i dhuroi Champions dhe La Liga, por drejtuesit e klubit mbret\u00ebror investuan s\u00ebrish n\u00eb faz\u00ebn ofensive duke afruar n\u00eb kryeqytet dy sulmues t\u00eb tjer\u00eb si Mbappe dhe Endrich. Ky fakt ka vendosur jo pak n\u00eb v\u00ebshtir\u00ebsi Carlo Ancelotti-n dhe drejtuesit e &hellip;<\/p>\n","protected":false},"author":4,"featured_media":87273,"comment_status":"closed","ping_status":"closed","sticky":false,"template":"","format":"standard","meta":{"footnotes":""},"categories":[39],"tags":[],"class_list":["post-87272","post","type-post","status-publish","format-standard","has-post-thumbnail","","category-sport"],"_links":{"self":[{"href":"https:\/\/rdnews.al\/index.php\/wp-json\/wp\/v2\/posts\/87272","targetHints":{"allow":["GET"]}}],"collection":[{"href":"https:\/\/rdnews.al\/index.php\/wp-json\/wp\/v2\/posts"}],"about":[{"href":"https:\/\/rdnews.al\/index.php\/wp-json\/wp\/v2\/types\/post"}],"author":[{"embeddable":true,"href":"https:\/\/rdnews.al\/index.php\/wp-json\/wp\/v2\/users\/4"}],"replies":[{"embeddable":true,"href":"https:\/\/rdnews.al\/index.php\/wp-json\/wp\/v2\/comments?post=87272"}],"version-history":[{"count":0,"href":"https:\/\/rdnews.al\/index.php\/wp-json\/wp\/v2\/posts\/87272\/revisions"}],"wp:featuredmedia":[{"embeddable":true,"href":"https:\/\/rdnews.al\/index.php\/wp-json\/wp\/v2\/media\/87273"}],"wp:attachment":[{"href":"https:\/\/rdnews.al\/index.php\/wp-json\/wp\/v2\/media?parent=87272"}],"wp:term":[{"taxonomy":"category","embeddable":true,"href":"https:\/\/rdnews.al\/index.php\/wp-json\/wp\/v2\/categories?post=87272"},{"taxonomy":"post_tag","embeddable":true,"href":"https:\/\/rdnews.al\/index.php\/wp-json\/wp\/v2\/tags?post=87272"}],"curies":[{"name":"wp","href":"https:\/\/api.w.org\/{rel}","templated":true}]}}