{"id":87275,"date":"2024-08-21T18:34:59","date_gmt":"2024-08-21T18:34:59","guid":{"rendered":"https:\/\/rdnews.al\/?p=87275"},"modified":"2024-08-21T18:34:59","modified_gmt":"2024-08-21T18:34:59","slug":"sula-jetojme-ne-nje-vend-ku-krimi-shetit-me-kamxhik-dhe-kjo-qeveri-na-godet-dhe-qesh","status":"publish","type":"post","link":"https:\/\/rdnews.al\/index.php\/2024\/08\/21\/sula-jetojme-ne-nje-vend-ku-krimi-shetit-me-kamxhik-dhe-kjo-qeveri-na-godet-dhe-qesh\/","title":{"rendered":"Sula: Jetojm\u00eb n\u00eb nj\u00eb v\u00ebnd ku krimi sh\u00ebtit m\u00eb kamxhik dhe kjo qeveri na godet dhe qesh"},"content":{"rendered":"<p>Lili Sula, drejtuese e departamentit t\u00eb arsimit t\u00eb lart\u00eb n\u00eb PD n\u00eb tubimin posht\u00eb sht\u00ebpis\u00eb s\u00eb liderit t\u00eb Pd, u shpreh se\u00a0ne jetojm\u00eb n\u00eb nj\u00eb v\u00ebnd ku krimi sh\u00ebtit m\u00eb kamxhik dhe kjo qeveri neve na godet dhe n\u00eb heshtje qesh, se ky popull e mban k\u00ebrrbacin n\u00eb kurriz.<\/p>\n<p>\u201cE kam t\u00eb pamundur t\u00eb dal te arsimi pa p\u00ebrmendur 2 3 shqet\u00ebsime t\u00eb mijat si qytetare dhe si n\u00ebn\u00eb, \u00ebsht\u00eb fjala p\u00ebr k\u00ebt\u00eb gusht t\u00eb nxeht\u00eb, dit\u00eb t\u00eb nxehta, p\u00ebrgjakje rrug\u00ebsh automobilistike t\u00eb cilat nuk sigurojn\u00eb asnj\u00eb standart nd\u00ebrkomb\u00ebtar, p\u00ebrpos e jan\u00eb b\u00ebr\u00eb me cmim\u00eb shyme t\u00eb m\u00eb t\u00eb shtrenjta se standartet nd\u00ebrkomb\u00ebtare.<\/p>\n<p>P\u00ebr aksidentet rrugore, p\u00ebr vrasjen barbare dhe primitive t\u00eb 2 kamarjer\u00ebve, djalosh\u00ebve q\u00eb punonin n\u00eb velipoj\u00eb, p\u00ebr shkrehjen me arme n\u00eb mes t\u00eb tiran\u00ebs nga nj\u00eb officer i policis\u00eb, p\u00ebr motive t\u00eb dob\u00ebta, p\u00ebr nj\u00eb kryeplak i cili gjendet pa jet\u00eb m\u00eb nj\u00eb p\u00ebrrua dhe aty ku kulmojn\u00eb ngjarjet, p\u00ebr Egli Prog\u00ebn, nj\u00eb pogradecar, qytetar i ndersh\u00ebm i cili nuk iu p\u00ebrul gjo\u00ebv\u00ebn\u00ebsit dhe id ha shoqeris\u00eb ton\u00eb nj\u00eb l\u00ebksion jashtezakonisht t\u00eb fuqish\u00ebm.<\/p>\n<p>Vij sot n\u00eb aktin e fundit, t\u00eb 800 ton\u00eb mbeturinash, mbetjesh t\u00eb rrezikshme toksike t\u00eb cilat mua m\u00eb sjellin nd\u00ebrm\u00ebnd nj\u00eb lloj cernobili alla ahqiptar, por q\u00eb nuk \u00ebsht\u00eb spontan, p\u00ebr sa koh\u00eb qeveria nuk informon, nuk b\u00ebn transparenc\u00eb p\u00ebr hqiptar\u00ebt e nuk jep llogari , dhe t\u00eb githa informacionet neve na vijn\u00eb nga mediat e huaja.<\/p>\n<p>Pyetja ekzistenciale. Ku jetojm\u00eb? N\u00eb nj\u00eb v\u00ebnd ku krimi sh\u00ebtit m\u00eb kamxhik dhe kjo qeveri neve na godet dhe n\u00eb heshtje qesh, se ky popull e mban k\u00ebrrbacin n\u00eb kurriz do thoshin poet\u00ebt tan\u00eb.<\/p>\n<p>Do t\u00eb dal tashm\u00eb tek arsimi p\u00ebr nj\u00eb nga taksat m\u00eb galopante t\u00eb arsimit e cila \u00ebsht\u00eb taksa e infrastruktur\u00ebs t\u00eb cil\u00ebn Veliaj na e vuri me t\u00eb madhe n\u00eb 2015 kur zaptoi bashkine dhe na tha se do t\u00eb jet\u00eb nj\u00eb taks\u00eb e p\u00ebrkohshme.<\/p>\n<p>Dhe cfar\u00eb ka ndodhur nga 2015 deri n\u00eb 2023 bashkia ka mbledhur 55 milion euro de deri n\u00eb 2025 kjo do t\u00eb b\u00ebhet 74 milion\u00eb euro.<\/p>\n<p>Me k\u00ebto lek\u00eb Veliaj ka nd\u00ebrtuar 9 shkolla. Kryetari i kryeqytetit nuk jep asnje informaqcion dhe nuk b\u00ebn asnj\u00eb transparenc\u00eb.<\/p>\n<p>Veliaj i nd\u00ebrton shkollat n\u00eb tiran\u00eb n\u00eb nj\u00eb skem\u00eb korruptive. Me nje kosto 3 her\u00eb m\u00eb shum\u00eb sesa kostoja q\u00eb nd\u00ebrton bashkmi europian\u201d, tha Sula.<\/p>\n","protected":false},"excerpt":{"rendered":"<p>Lili Sula, drejtuese e departamentit t\u00eb arsimit t\u00eb lart\u00eb n\u00eb PD n\u00eb tubimin posht\u00eb sht\u00ebpis\u00eb s\u00eb liderit t\u00eb Pd, u shpreh se\u00a0ne jetojm\u00eb n\u00eb nj\u00eb v\u00ebnd ku krimi sh\u00ebtit m\u00eb kamxhik dhe kjo qeveri neve na godet dhe n\u00eb heshtje qesh, se ky popull e mban k\u00ebrrbacin n\u00eb kurriz. \u201cE kam t\u00eb pamundur t\u00eb dal &hellip;<\/p>\n","protected":false},"author":4,"featured_media":71155,"comment_status":"closed","ping_status":"closed","sticky":false,"template":"","format":"standard","meta":{"footnotes":""},"categories":[37],"tags":[],"class_list":["post-87275","post","type-post","status-publish","format-standard","has-post-thumbnail","","category-politike"],"_links":{"self":[{"href":"https:\/\/rdnews.al\/index.php\/wp-json\/wp\/v2\/posts\/87275","targetHints":{"allow":["GET"]}}],"collection":[{"href":"https:\/\/rdnews.al\/index.php\/wp-json\/wp\/v2\/posts"}],"about":[{"href":"https:\/\/rdnews.al\/index.php\/wp-json\/wp\/v2\/types\/post"}],"author":[{"embeddable":true,"href":"https:\/\/rdnews.al\/index.php\/wp-json\/wp\/v2\/users\/4"}],"replies":[{"embeddable":true,"href":"https:\/\/rdnews.al\/index.php\/wp-json\/wp\/v2\/comments?post=87275"}],"version-history":[{"count":0,"href":"https:\/\/rdnews.al\/index.php\/wp-json\/wp\/v2\/posts\/87275\/revisions"}],"wp:featuredmedia":[{"embeddable":true,"href":"https:\/\/rdnews.al\/index.php\/wp-json\/wp\/v2\/media\/71155"}],"wp:attachment":[{"href":"https:\/\/rdnews.al\/index.php\/wp-json\/wp\/v2\/media?parent=87275"}],"wp:term":[{"taxonomy":"category","embeddable":true,"href":"https:\/\/rdnews.al\/index.php\/wp-json\/wp\/v2\/categories?post=87275"},{"taxonomy":"post_tag","embeddable":true,"href":"https:\/\/rdnews.al\/index.php\/wp-json\/wp\/v2\/tags?post=87275"}],"curies":[{"name":"wp","href":"https:\/\/api.w.org\/{rel}","templated":true}]}}