{"id":87364,"date":"2024-08-22T21:21:48","date_gmt":"2024-08-22T21:21:48","guid":{"rendered":"https:\/\/rdnews.al\/?p=87364"},"modified":"2024-08-22T21:22:06","modified_gmt":"2024-08-22T21:22:06","slug":"cia-dhe-nato-i-tregojne-dhembet-vucicit-kerkohet-arrestimi-i-radoicicit","status":"publish","type":"post","link":"https:\/\/rdnews.al\/index.php\/2024\/08\/22\/cia-dhe-nato-i-tregojne-dhembet-vucicit-kerkohet-arrestimi-i-radoicicit\/","title":{"rendered":"CIA dhe NATO i tregojn\u00eb dh\u00ebmb\u00ebt Vu\u00e7i\u00e7it, k\u00ebrkohet arrestimi i Radoi\u00e7i\u00e7it"},"content":{"rendered":"<p><strong>N\u00eb t\u00eb nj\u00ebjt\u00ebn dit\u00eb Beogradin e vizituan Ndihm\u00ebs Sekretari i P\u00ebrgjithsh\u00ebm i NATO-s p\u00ebr \u00c7\u00ebshtjet Politike dhe Politik\u00ebn e Siguris\u00eb, Boris Ruge dhe kreu i Agjencis\u00eb amerikane t\u00eb Inteligjenc\u00ebs CIA-s, William Burns.<\/strong><\/p>\n<p>Nd\u00ebrsa vizita e Burnsit kaloi n\u00eb fsheht\u00ebsi t\u00eb plot\u00eb, nj\u00eb nga njer\u00ebzit kryesor\u00eb t\u00eb Aleanc\u00ebs s\u00eb NATO-s i p\u00ebrcolli nj\u00eb mesazh t\u00eb qart\u00eb presidentit serb, Aleksandar Vu\u00e7iq \u2013 Serbia pritet t\u00eb ndihmoj\u00eb n\u00eb gjetjen e p\u00ebrgjegj\u00ebsive kryesor p\u00ebr ngjarjet n\u00eb Kosov\u00eb n\u00eb maj t\u00eb vitit t\u00eb kaluar dhe m\u00eb pas p\u00ebr sulmin e armatosur n\u00eb Banjsk\u00eb, i cili ndodhi n\u00eb shtator t\u00eb vitit t\u00eb kaluar, shkruan\u00a0<a href=\"https:\/\/nova.rs\/vesti\/politika\/zvanicnici-cia-i-nato-uputili-vucicu-u-beogradu-jednu-kljucnu-poruku\/\" target=\"_blank\" rel=\"noopener\"><strong>nova.rs.<\/strong><\/a><\/p>\n<p>Dit\u00eb m\u00eb par\u00eb mediat raportuan p\u00ebr vizit\u00ebn e shefit t\u00eb CIA-s, William Burns n\u00eb k\u00ebt\u00eb pjes\u00eb t\u00eb Ballkanit. Nga Sarajeva, p\u00ebrmes Beogradit, n\u00eb Prishtin\u00eb, drejtori i agjencis\u00eb m\u00eb t\u00eb fuqishme t\u00eb inteligjenc\u00ebs n\u00eb bot\u00eb u takua edhe me zyrtar\u00eb politik\u00eb, gj\u00eb q\u00eb, sipas ekspert\u00ebve, nuk ishte praktik\u00eb deri m\u00eb tani.<\/p>\n<div class=\"code-block code-block-43 code-block-pas-paragrafit-2t-inarticle-outstream\">Pas vizit\u00ebs n\u00eb Sarajev\u00eb, Burns shkoi n\u00eb Beograd dhe askush nuk e di se me k\u00eb u takua dhe p\u00ebr \u00e7far\u00eb diskutoi, transmeton Telegrafi.<\/div>\n<p><img loading=\"lazy\" decoding=\"async\" class=\"size-full wp-image-4085768\" src=\"https:\/\/telegrafi.com\/wp-content\/uploads\/2024\/08\/1685532635-11507555-1024x683-1.jpg\" alt=\"\" width=\"1024\" height=\"683\" \/><\/p>\n<p>\u00cbsht\u00eb interesante se n\u00eb t\u00eb nj\u00ebjt\u00ebn dit\u00eb presidenti i Serbis\u00eb, Aleksandar Vu\u00e7iq, ka pritur Boris Ruge, Ndihm\u00ebs Sekretarin e P\u00ebrgjithsh\u00ebm t\u00eb NATO-s p\u00ebr Politik\u00eb dhe Politik\u00eb t\u00eb Siguris\u00eb.<\/p>\n<p>Vu\u00e7iq ka njoftuar publikun p\u00ebr k\u00ebt\u00eb takim p\u00ebrmes llogaris\u00eb zyrtare n\u00eb Instagram, duke th\u00ebn\u00eb se ishte nj\u00eb takim i mir\u00eb, ku u diskutuan \u00e7\u00ebshtje t\u00eb r\u00ebnd\u00ebsishme, situata n\u00eb rajon, siguria n\u00eb Kosov\u00eb dhe implikimet e mundshme t\u00eb l\u00ebvizjeve t\u00eb nj\u00ebanshme t\u00eb kryeministrit t\u00eb Kosov\u00ebs, Albin Kurtit.<\/p>\n<p>Me nj\u00eb ton disi ndryshe, Ruge foli p\u00ebr takimin me Vu\u00e7iqin.<\/p>\n<p>\u201cNe diskutuam edhe \u00e7\u00ebshtjet rajonale, duke p\u00ebrfshir\u00eb sigurin\u00eb e p\u00ebrhershme n\u00eb Kosov\u00eb. NATO pret q\u00eb Serbia t\u00eb ndihmoj\u00eb n\u00eb gjetjen e p\u00ebrgjegj\u00ebsve kryesor p\u00ebr aktet e dhunshme n\u00eb maj dhe shtator t\u00eb vitit 2023\u201d, tha Ruge.<\/p>\n<p>Kujtojm\u00eb se n\u00eb muajin maj t\u00eb vitit 2023, huligan\u00ebt serb\u00eb sulmuan pjes\u00ebtar\u00ebt e KFOR-it, t\u00eb cil\u00ebt nuk lejuan t\u00eb sulmoheshin kryetar\u00ebt e zgjedhur t\u00eb kat\u00ebr komunave veriore t\u00eb Kosov\u00ebs q\u00eb hynin n\u00eb nd\u00ebrtesat komunale.<\/p>\n<p><img loading=\"lazy\" decoding=\"async\" class=\"alignnone size-full wp-image-4085769\" src=\"https:\/\/telegrafi.com\/wp-content\/uploads\/2024\/08\/1696784878-11742162-1024x687-1.jpg\" alt=\"\" width=\"1024\" height=\"687\" \/><\/p>\n<p>KFOR-i m\u00eb pas raportoi se q\u00eb nga ardhja e misionit t\u00eb tyre n\u00eb Kosov\u00eb, numri m\u00eb i madh i pjes\u00ebtar\u00ebve t\u00eb tyre \u2013 m\u00eb sakt\u00ebsisht 93 ushtar\u00eb t\u00eb KFOR-it \u2013 jan\u00eb l\u00ebnduar n\u00eb Zve\u00e7an.<\/p>\n<p>Disa muaj m\u00eb von\u00eb, m\u00eb 24 shtator t\u00eb po k\u00ebtij viti, n\u00eb fshatin Banjsk\u00eb ndodhi nj\u00eb sulm i armatosur. At\u00eb e ka organizuar ish-n\u00ebnkryetari i List\u00ebs Serbe, Milan Radoi\u00e7iq, t\u00eb cilin e ka pranuar edhe vet\u00eb. U vra polici shqiptar, Afrim Bunjaku dhe tre serb\u00eb t\u00eb armatosur.<\/p>\n<p>\u00cbsht\u00eb interesant fakti se vizita e Ruges, por edhe e Burnsit vjen n\u00eb koh\u00ebn kur u paralajm\u00ebrua ardhja e presidentit francez, Emmanuel Macron, i cili do t\u00eb jet\u00eb n\u00eb Serbi m\u00eb 29 dhe 30 gusht.<\/p>\n<p>S\u00eb fundmi, kryetarja e L\u00ebvizjes Evropiane t\u00eb Serb\u00ebve nga Kosova, Rada Trajkoviq, tha se \u201carrestimi i Milan Radoi\u00e7iqit \u00ebsht\u00eb nj\u00eb nga kushtet p\u00ebr vizit\u00ebn e presidentit francez, Emmanuel Macron n\u00eb Beograd\u201d.<\/p>\n<p>Po ashtu, pothuajse n\u00eb t\u00eb nj\u00ebjt\u00ebn koh\u00eb, qeveria e Kosov\u00ebs refuzoi k\u00ebrkes\u00ebn e Serbis\u00eb p\u00ebr bashk\u00ebpunim n\u00eb lidhje me rastin Banjsk\u00eb dhe sigurimin e provave p\u00ebr Milan Radoi\u00e7iq.<\/p>\n<p>N\u00eb arrestimin e Radoi\u00e7iqit ka shpresuar edhe ambasadori amerikan n\u00eb Prishtin\u00eb, Jeffrey Hovinier, i cili paraprakisht ka th\u00ebn\u00eb se pret q\u00eb Prishtina t\u2019i p\u00ebrgjigjet k\u00ebrkes\u00ebs s\u00eb pal\u00ebs serbe, gj\u00eb q\u00eb nuk ka ndodhur.<\/p>\n","protected":false},"excerpt":{"rendered":"<p>N\u00eb t\u00eb nj\u00ebjt\u00ebn dit\u00eb Beogradin e vizituan Ndihm\u00ebs Sekretari i P\u00ebrgjithsh\u00ebm i NATO-s p\u00ebr \u00c7\u00ebshtjet Politike dhe Politik\u00ebn e Siguris\u00eb, Boris Ruge dhe kreu i Agjencis\u00eb amerikane t\u00eb Inteligjenc\u00ebs CIA-s, William Burns. Nd\u00ebrsa vizita e Burnsit kaloi n\u00eb fsheht\u00ebsi t\u00eb plot\u00eb, nj\u00eb nga njer\u00ebzit kryesor\u00eb t\u00eb Aleanc\u00ebs s\u00eb NATO-s i p\u00ebrcolli nj\u00eb mesazh t\u00eb qart\u00eb &hellip;<\/p>\n","protected":false},"author":3,"featured_media":87365,"comment_status":"closed","ping_status":"closed","sticky":false,"template":"","format":"standard","meta":{"footnotes":""},"categories":[38],"tags":[],"class_list":["post-87364","post","type-post","status-publish","format-standard","has-post-thumbnail","","category-bota"],"_links":{"self":[{"href":"https:\/\/rdnews.al\/index.php\/wp-json\/wp\/v2\/posts\/87364","targetHints":{"allow":["GET"]}}],"collection":[{"href":"https:\/\/rdnews.al\/index.php\/wp-json\/wp\/v2\/posts"}],"about":[{"href":"https:\/\/rdnews.al\/index.php\/wp-json\/wp\/v2\/types\/post"}],"author":[{"embeddable":true,"href":"https:\/\/rdnews.al\/index.php\/wp-json\/wp\/v2\/users\/3"}],"replies":[{"embeddable":true,"href":"https:\/\/rdnews.al\/index.php\/wp-json\/wp\/v2\/comments?post=87364"}],"version-history":[{"count":0,"href":"https:\/\/rdnews.al\/index.php\/wp-json\/wp\/v2\/posts\/87364\/revisions"}],"wp:featuredmedia":[{"embeddable":true,"href":"https:\/\/rdnews.al\/index.php\/wp-json\/wp\/v2\/media\/87365"}],"wp:attachment":[{"href":"https:\/\/rdnews.al\/index.php\/wp-json\/wp\/v2\/media?parent=87364"}],"wp:term":[{"taxonomy":"category","embeddable":true,"href":"https:\/\/rdnews.al\/index.php\/wp-json\/wp\/v2\/categories?post=87364"},{"taxonomy":"post_tag","embeddable":true,"href":"https:\/\/rdnews.al\/index.php\/wp-json\/wp\/v2\/tags?post=87364"}],"curies":[{"name":"wp","href":"https:\/\/api.w.org\/{rel}","templated":true}]}}