{"id":87472,"date":"2024-08-24T09:54:48","date_gmt":"2024-08-24T09:54:48","guid":{"rendered":"https:\/\/rdnews.al\/?p=87472"},"modified":"2024-08-24T09:54:48","modified_gmt":"2024-08-24T09:54:48","slug":"mbetjet-e-rrezikshme-ne-elbasan-transparence-tani-dhe-menjehere","status":"publish","type":"post","link":"https:\/\/rdnews.al\/index.php\/2024\/08\/24\/mbetjet-e-rrezikshme-ne-elbasan-transparence-tani-dhe-menjehere\/","title":{"rendered":"Mbetjet e rrezikshme n\u00eb Elbasan? Transparenc\u00eb tani dhe menj\u00ebher\u00eb!"},"content":{"rendered":"<p><strong>Nga Zheni GJERGJI<\/strong><\/p>\n<p>Si deputete e Kuvendit, si qytetare, si prind jam thell\u00ebsisht e tronditur nga zbulimi i trafikut nd\u00ebrkomb\u00ebtar t\u00eb mbetjeve t\u00eb rrezikshme ku vendi yn\u00eb del i p\u00ebrfshir\u00eb dhe do t\u00eb mb\u00ebshtes nismat e Grupit Parlamentar t\u00eb PD p\u00ebr transparenc\u00eb, sapo t\u00eb nis\u00eb sesioni i ri i Kuvendit.<\/p>\n<p>Si e zgjedhur dhe e mandatuar nga qytetar\u00ebt e Elbasanit ku edhe banoj, jam edhe m\u00eb shum\u00eb e shqet\u00ebsuar p\u00ebr k\u00ebt\u00eb kanosje t\u00eb mjedisit, t\u00eb sh\u00ebndetit, t\u00eb jet\u00ebs, kjo pasi shum\u00eb raportime, e t\u00eb dh\u00ebna deri tani, sugjerojn\u00eb se gjeneruesi i mbetjeve \u00ebsht\u00eb Kurum.<\/p>\n<p>E kuptoj se skena tani \u00ebsht\u00eb b\u00ebr\u00eb e madhe, nga Durr\u00ebsi n\u00eb Tajland\u00eb, por s&#8217;duhet t\u00eb harrojm\u00eb se Elbasani e banor\u00ebt e tij, jan\u00eb m\u00eb t\u00eb prekurit, duke qwn\u00eb se Kurum e ka aktivitetin pik\u00ebrisht n\u00eb qytetin ton\u00eb.<\/p>\n<p>Ndotja e ajrit nuk \u00ebsht\u00eb e re p\u00ebr elbasanllinjt\u00eb q\u00eb jan\u00eb d\u00ebnuar t\u00eb jetojn\u00eb n\u00eb k\u00ebt\u00eb ferr mjedisor prej koh\u00ebsh.<\/p>\n<p>Asgj\u00eb nuk ka ndryshuar me gjith\u00eb k\u00ebrkesat tona, ngritjen e z\u00ebrit e protestat prej ndotjes q\u00eb vjen nga Metalurgjiku, q\u00eb tanim\u00eb i \u00ebsht\u00eb shtuar edhe kontributi i Bashkis\u00eb me inceneratorin.<\/p>\n<p>Por tani mesa duket kemi kaluar nga krimi mjedisor, n\u00eb krimin e trafikut t\u00eb l\u00ebnd\u00ebve t\u00eb rrezikshme, s\u00ebrish me origjin\u00eb Elbasanin.<\/p>\n<p>Kjo kompani n\u00eb fillim e ka mohuar. Por m\u00eb pas, ka refuzuar t&#8217;i p\u00ebrgjigjet medias.<\/p>\n<p>I k\u00ebrkoj drejtuesve t\u00eb saj t\u00eb b\u00ebjn\u00eb menj\u00ebher\u00eb transparenc\u00eb e t&#8217;u thon\u00eb qytetar\u00ebve t\u00eb Elbasanit ku prej vitesh ushtrojn\u00eb aktivitetin, n\u00ebse gjenerojn\u00eb l\u00ebnd\u00eb t\u00eb rrezikshme e toksike e si i trajtojn\u00eb ato. E kan\u00eb k\u00ebt\u00eb detyrim ndaj elbasanllinjve.<\/p>\n<p>E nxis prokurorin\u00eb e Durr\u00ebsit q\u00eb ka hapur procedimin, t\u00eb b\u00ebj\u00eb nj\u00eb hetim t\u00eb plot\u00eb e t\u00eb thell\u00eb t\u00eb rastit.<\/p>\n<p>Institucionet e agjencit\u00eb rajonale e lokale t\u00eb b\u00ebjn\u00eb detyr\u00ebn e t\u00eb verifikojn\u00eb sipas ligjit, dyshimet q\u00eb kan\u00eb lindur.<\/p>\n<p>Sa p\u00ebr qeverin\u00eb, e cila duhej t\u00eb ishte n\u00eb komunikim t\u00eb vazhduesh\u00ebm me publikun prej dit\u00ebs s\u00eb par\u00eb, nuk kam asnj\u00eb shpres\u00eb. Me siguri ata jan\u00eb t\u00eb z\u00ebn\u00eb duke num\u00ebruar turist\u00ebt e renditur sukseset e paimagjinueshme t\u00eb rilindjes.<\/p>\n","protected":false},"excerpt":{"rendered":"<p>Nga Zheni GJERGJI Si deputete e Kuvendit, si qytetare, si prind jam thell\u00ebsisht e tronditur nga zbulimi i trafikut nd\u00ebrkomb\u00ebtar t\u00eb mbetjeve t\u00eb rrezikshme ku vendi yn\u00eb del i p\u00ebrfshir\u00eb dhe do t\u00eb mb\u00ebshtes nismat e Grupit Parlamentar t\u00eb PD p\u00ebr transparenc\u00eb, sapo t\u00eb nis\u00eb sesioni i ri i Kuvendit. Si e zgjedhur dhe e &hellip;<\/p>\n","protected":false},"author":4,"featured_media":83175,"comment_status":"closed","ping_status":"closed","sticky":false,"template":"","format":"standard","meta":{"footnotes":""},"categories":[37],"tags":[],"class_list":["post-87472","post","type-post","status-publish","format-standard","has-post-thumbnail","","category-politike"],"_links":{"self":[{"href":"https:\/\/rdnews.al\/index.php\/wp-json\/wp\/v2\/posts\/87472","targetHints":{"allow":["GET"]}}],"collection":[{"href":"https:\/\/rdnews.al\/index.php\/wp-json\/wp\/v2\/posts"}],"about":[{"href":"https:\/\/rdnews.al\/index.php\/wp-json\/wp\/v2\/types\/post"}],"author":[{"embeddable":true,"href":"https:\/\/rdnews.al\/index.php\/wp-json\/wp\/v2\/users\/4"}],"replies":[{"embeddable":true,"href":"https:\/\/rdnews.al\/index.php\/wp-json\/wp\/v2\/comments?post=87472"}],"version-history":[{"count":0,"href":"https:\/\/rdnews.al\/index.php\/wp-json\/wp\/v2\/posts\/87472\/revisions"}],"wp:featuredmedia":[{"embeddable":true,"href":"https:\/\/rdnews.al\/index.php\/wp-json\/wp\/v2\/media\/83175"}],"wp:attachment":[{"href":"https:\/\/rdnews.al\/index.php\/wp-json\/wp\/v2\/media?parent=87472"}],"wp:term":[{"taxonomy":"category","embeddable":true,"href":"https:\/\/rdnews.al\/index.php\/wp-json\/wp\/v2\/categories?post=87472"},{"taxonomy":"post_tag","embeddable":true,"href":"https:\/\/rdnews.al\/index.php\/wp-json\/wp\/v2\/tags?post=87472"}],"curies":[{"name":"wp","href":"https:\/\/api.w.org\/{rel}","templated":true}]}}