{"id":87474,"date":"2024-08-24T10:00:58","date_gmt":"2024-08-24T10:00:58","guid":{"rendered":"https:\/\/rdnews.al\/?p=87474"},"modified":"2024-08-24T10:00:58","modified_gmt":"2024-08-24T10:00:58","slug":"fund-gjenocidit-protesta-jashte-parlamentit-te-irlandes-ne-mes-te-vizites-se-delegacionit-amerikan","status":"publish","type":"post","link":"https:\/\/rdnews.al\/index.php\/2024\/08\/24\/fund-gjenocidit-protesta-jashte-parlamentit-te-irlandes-ne-mes-te-vizites-se-delegacionit-amerikan\/","title":{"rendered":"Fund gjenocidit\/ Protesta jasht\u00eb parlamentit t\u00eb Irland\u00ebs n\u00eb mes t\u00eb vizit\u00ebs s\u00eb delegacionit amerikan"},"content":{"rendered":"<p>Dhjetra demonstrues u mblodh\u00ebn para parlamentit irlandez t\u00eb premten p\u00ebr t\u00eb shprehur mb\u00ebshtetjen e tyre p\u00ebr Palestin\u00ebn dhe p\u00ebr t\u00eb protestuar kund\u00ebr politikave t\u00eb SHBA.<\/p>\n<p>Demonstrata u zhvillua pak p\u00ebrpara nj\u00eb takimi t\u00eb planifikuar t\u00eb mbahej n\u00eb nd\u00ebrtes\u00ebn e parlamentit me an\u00ebtar\u00ebt e Dhom\u00ebs s\u00eb P\u00ebrfaq\u00ebsuesve t\u00eb SHBA.<\/p>\n<p>Protestuesit mbanin pankarta me slogane t\u00eb tilla si \u201cFund gjenocidit\u201d, \u201cF\u00ebmij\u00ebt palestinez\u00eb nuk jan\u00eb objektiva\u201d dhe \u201cNakba nuk mbaroi kurr\u00eb\u201d, duke theksuar kund\u00ebrshtimin e tyre ndaj dhun\u00ebs s\u00eb vazhdueshme n\u00eb rajon.<\/p>\n<p>Disa demonstrues mbanin maska \u200b\u200bq\u00eb p\u00ebrshkruanin presidentin amerikan Joe Biden dhe kryeministrin izraelit Benjamin Netanyahu, duke p\u00ebrdorur k\u00ebto imazhe p\u00ebr t\u00eb kritikuar t\u00eb dy udh\u00ebheq\u00ebsit p\u00ebr rolet e tyre n\u00eb konfliktin e Lindjes s\u00eb Mesme.<\/p>\n<p>N\u00ebp\u00ebrmjet thirrjeve dhe pankartave t\u00eb tyre, protestuesit d\u00ebnuan politikat e qeveris\u00eb amerikane dhe izraelite, ve\u00e7an\u00ebrisht n\u00eb lidhje me shkeljet e t\u00eb drejtave t\u00eb njeriut n\u00eb Palestin\u00eb.<\/p>\n<p>Ata b\u00ebn\u00eb thirrje p\u00ebr ndalimin e menj\u00ebhersh\u00ebm t\u00eb dhun\u00ebs dhe vendosjen e drejt\u00ebsis\u00eb n\u00eb Rripin e Gaz\u00ebs.<\/p>\n<p>Jack Spicer, nj\u00eb Zelandez i Ri q\u00eb mori pjes\u00eb n\u00eb protest\u00eb, foli p\u00ebr Anadolu p\u00ebr r\u00ebnd\u00ebsin\u00eb e demonstrat\u00ebs.<\/p>\n<p>\u2018\u2019N\u00eb Irland\u00eb, ku fryma e rezistenc\u00ebs \u00ebsht\u00eb e fort\u00eb, \u00ebsht\u00eb e papranueshme q\u00eb kriminel\u00ebt e luft\u00ebs dhe terrorizmi amerikan t\u00eb bashkohen k\u00ebtu\u201d, tha Spicer.<\/p>\n<p>\u201cNe jemi k\u00ebtu p\u00ebr t\u00eb mb\u00ebshtetur Palestin\u00ebn kund\u00ebr shtetit terrorist sionist t\u00eb Izraelit. Ne q\u00ebndrojm\u00eb me popullin palestinez, rajonet e pushtuara t\u00eb vitit 1948, Bregun Per\u00ebndimor dhe Gaz\u00ebn. Ne jemi k\u00ebtu p\u00ebr t\u2019i th\u00ebn\u00eb \u2018jo\u2019 gjenocidit, arm\u00ebve dhe Ushtria amerikane q\u00eb ndihmon shtetin terrorist izraelit p\u00ebrmes Irland\u00ebs Ne do t\u00eb q\u00ebndrojm\u00eb k\u00ebtu dhe do t\u00eb q\u00ebndrojm\u00eb me popullin palestinez.<\/p>\n<p>Izraeli ka vrar\u00eb m\u00eb shum\u00eb se 40,200 palestinez\u00eb q\u00eb nga sulmi nd\u00ebrkufitar i Hamasit m\u00eb 7 tetor 2023. Veprimet kan\u00eb shkaktuar nj\u00eb katastrof\u00eb humanitare dhe nj\u00eb gjyq n\u00eb vazhdim mbi gjenocidin e supozuar n\u00eb Gjykat\u00ebn Nd\u00ebrkomb\u00ebtare t\u00eb Drejt\u00ebsis\u00eb.<\/p>\n","protected":false},"excerpt":{"rendered":"<p>Dhjetra demonstrues u mblodh\u00ebn para parlamentit irlandez t\u00eb premten p\u00ebr t\u00eb shprehur mb\u00ebshtetjen e tyre p\u00ebr Palestin\u00ebn dhe p\u00ebr t\u00eb protestuar kund\u00ebr politikave t\u00eb SHBA. Demonstrata u zhvillua pak p\u00ebrpara nj\u00eb takimi t\u00eb planifikuar t\u00eb mbahej n\u00eb nd\u00ebrtes\u00ebn e parlamentit me an\u00ebtar\u00ebt e Dhom\u00ebs s\u00eb P\u00ebrfaq\u00ebsuesve t\u00eb SHBA. Protestuesit mbanin pankarta me slogane t\u00eb tilla &hellip;<\/p>\n","protected":false},"author":4,"featured_media":87475,"comment_status":"closed","ping_status":"closed","sticky":false,"template":"","format":"standard","meta":{"footnotes":""},"categories":[38],"tags":[],"class_list":["post-87474","post","type-post","status-publish","format-standard","has-post-thumbnail","","category-bota"],"_links":{"self":[{"href":"https:\/\/rdnews.al\/index.php\/wp-json\/wp\/v2\/posts\/87474","targetHints":{"allow":["GET"]}}],"collection":[{"href":"https:\/\/rdnews.al\/index.php\/wp-json\/wp\/v2\/posts"}],"about":[{"href":"https:\/\/rdnews.al\/index.php\/wp-json\/wp\/v2\/types\/post"}],"author":[{"embeddable":true,"href":"https:\/\/rdnews.al\/index.php\/wp-json\/wp\/v2\/users\/4"}],"replies":[{"embeddable":true,"href":"https:\/\/rdnews.al\/index.php\/wp-json\/wp\/v2\/comments?post=87474"}],"version-history":[{"count":0,"href":"https:\/\/rdnews.al\/index.php\/wp-json\/wp\/v2\/posts\/87474\/revisions"}],"wp:featuredmedia":[{"embeddable":true,"href":"https:\/\/rdnews.al\/index.php\/wp-json\/wp\/v2\/media\/87475"}],"wp:attachment":[{"href":"https:\/\/rdnews.al\/index.php\/wp-json\/wp\/v2\/media?parent=87474"}],"wp:term":[{"taxonomy":"category","embeddable":true,"href":"https:\/\/rdnews.al\/index.php\/wp-json\/wp\/v2\/categories?post=87474"},{"taxonomy":"post_tag","embeddable":true,"href":"https:\/\/rdnews.al\/index.php\/wp-json\/wp\/v2\/tags?post=87474"}],"curies":[{"name":"wp","href":"https:\/\/api.w.org\/{rel}","templated":true}]}}