{"id":87708,"date":"2024-08-28T12:40:42","date_gmt":"2024-08-28T12:40:42","guid":{"rendered":"https:\/\/rdnews.al\/?p=87708"},"modified":"2024-08-28T12:42:05","modified_gmt":"2024-08-28T12:42:05","slug":"reforma-ne-drejtesi-meksika-ngrin-marredheniet-me-ambasadat-e-shteteve-te-bashkuara-dhe-kanadase","status":"publish","type":"post","link":"https:\/\/rdnews.al\/index.php\/2024\/08\/28\/reforma-ne-drejtesi-meksika-ngrin-marredheniet-me-ambasadat-e-shteteve-te-bashkuara-dhe-kanadase\/","title":{"rendered":"Reforma n\u00eb drejt\u00ebsi, Meksika ngrin marr\u00ebdh\u00ebniet me ambasadat e Shteteve t\u00eb Bashkuara dhe Kanadas\u00eb"},"content":{"rendered":"<p>Qeveria e Meksik\u00ebs ka ngrir\u00eb marr\u00ebdh\u00ebniet me ambasadat e Shteteve t\u00eb Bashkuara dhe Kanadas\u00eb, tha t\u00eb mart\u00ebn Presidenti Andres Manuel Lopez Obrador, pasi ambasador\u00ebt e tyre kritikuan nj\u00eb reform\u00eb t\u00eb propozuar gjyq\u00ebsore t\u00eb mb\u00ebshtetur nga udh\u00ebheq\u00ebsi meksikan.<\/p>\n<p><em>\u201cKa nj\u00eb pauz\u00eb\u201d,<\/em>\u00a0tha Presidenti Lopez Obrador gjat\u00eb nj\u00eb konference shtypi, duke sqaruar se ngrirja ishte me ambasadat dhe jo me vendet.<\/p>\n<p>Presidenti meksikan mb\u00ebshtet nj\u00eb reform\u00eb q\u00eb k\u00ebrkon zgjedhjen e gjyqtar\u00ebve si dhe an\u00ebtar\u00ebve t\u00eb Gjykat\u00ebs s\u00eb Lart\u00eb p\u00ebrmes nj\u00eb votimi popullor.<\/p>\n<p>Nj\u00eb komision i dhom\u00ebs s\u00eb ul\u00ebt t\u00eb Kongresit t\u00eb Meksik\u00ebs e miratoi propozimin t\u00eb h\u00ebn\u00ebn von\u00eb, duke i hapur rrug\u00ebn miratimit nga Kongresi i sapozgjedhur q\u00eb merr detyr\u00ebn n\u00eb muajin shtator.<\/p>\n<p>P\u00ebrkrah\u00ebsit thon\u00eb se reforma do ta forcoj\u00eb demokracin\u00eb dhe do t\u00eb ndihmoj\u00eb n\u00eb rregullimin e nj\u00eb sistemi, p\u00ebr t\u00eb cilin ata argumentojn\u00eb se nuk i sh\u00ebrben publikut. Nga ana tjet\u00ebr, kritik\u00ebt thon\u00eb se reforma do t\u00eb anonte gjyq\u00ebsorin n\u00eb favor t\u00eb ekzekutivit, do t\u00eb nd\u00ebrpres\u00eb karrier\u00ebn e gjyqtar\u00ebve dhe do t&#8217;i b\u00ebj\u00eb gjykatat m\u00eb t\u00eb cenueshme p\u00ebrball\u00eb ndikimit kriminal.<\/p>\n<p>Jav\u00ebn e kaluar, ambasadori amerikan, Ken Salazar, e cil\u00ebsoi reform\u00ebn si nj\u00eb \u201crrezik t\u00eb madh p\u00ebr funksionimin e demokracis\u00eb n\u00eb Meksik\u00eb\u201d dhe paralajm\u00ebroi p\u00ebr nj\u00eb rrezikim t\u00eb mundsh\u00ebm t\u00eb marr\u00ebdh\u00ebnieve tregtare mes Shteteve t\u00eb Bashkuara dhe Meksik\u00ebs. SHBA-t\u00eb dhe Meksika jan\u00eb partner\u00ebt m\u00eb t\u00eb m\u00ebdhenj tregtar\u00eb t\u00eb nj\u00ebra-tjetr\u00ebs.<\/p>\n<p>Ambasadori i Kanadas\u00eb n\u00eb Meksik\u00eb, Graeme Clark, ngriti gjithashtu shqet\u00ebsimin p\u00ebr investimet.<\/p>\n<p>T\u00eb mart\u00ebn, pas komenteve t\u00eb Presidentit Lopez Obrador, ambasadori amerikan Ken Salazar postoi nj\u00eb not\u00eb diplomatike nga ambasada q\u00eb mbante dat\u00ebn 23 gusht.<\/p>\n<p><em>\u201cShtetet e Bashkuara e mb\u00ebshtesin konceptin e reform\u00ebs gjyq\u00ebsore n\u00eb Meksik\u00eb, por kemi shqet\u00ebsime dometh\u00ebn\u00ebse se zgjedhja e gjyqtar\u00ebve p\u00ebrmes vot\u00ebs popullore nuk do ta trajtoj\u00eb as korrupsionin n\u00eb gjyq\u00ebsor dhe as nuk do t\u00eb forcoj\u00eb deg\u00ebn juridike t\u00eb qeveris\u00eb s\u00eb Meksik\u00ebs\u201d<\/em>, thuhej n\u00eb letr\u00ebn zyrtare.<\/p>\n<p>Ambasada kanadeze nuk iu p\u00ebrgjigj menj\u00ebher\u00eb nj\u00eb k\u00ebrkese t\u00eb agjencis\u00eb s\u00eb lajmeve Reuters p\u00ebr koment.<\/p>\n<p>Presidenti meksikan e ka kritikuar at\u00eb q\u00eb e ka cil\u00ebsuar si nd\u00ebrhyrje t\u00eb ambasadorit Salazar n\u00eb politik\u00ebn e brendshme t\u00eb vendit t\u00eb tij.<\/p>\n<p><em>\u201cSi do ta lejojm\u00eb ambasadorin t\u00eb jap\u00eb mendimin e tij, t\u00eb thot\u00eb se kjo q\u00eb po b\u00ebjm\u00eb \u00ebsht\u00eb e gabuar? Ne nuk do t&#8217;i themi t\u00eb largohet nga vendi. Por q\u00eb ai ta lexoj\u00eb Kushtetut\u00ebn ton\u00eb\u201d.<\/em><\/p>\n<p>Presidenti Lopez Obrador tha se: &#8220;pauza&#8221; do t\u00eb vazhdoj\u00eb derisa \u201ct\u00eb ket\u00eb konfirmim se (ambasadat) do t\u00eb respektojn\u00eb pavar\u00ebsin\u00eb e Meksik\u00ebs&#8221;.<\/p>\n<p>M\u00eb von\u00eb t\u00eb mart\u00ebn, Ministrja e Jashtme e Meksik\u00ebs, Alicia Barcena, mb\u00ebshteti presidentin p\u00ebrmes nj\u00eb mesazhi t\u00eb postuar n\u00eb rrjetin X, duke th\u00ebn\u00eb se vendimet p\u00ebr Meksik\u00ebn merren nga meksikan\u00ebt.<\/p>\n<p>Ajo theksoi se marr\u00ebdh\u00ebniet me \u201cmiqt\u00eb dhe fqinj\u00ebt n\u00eb Amerik\u00ebn e Veriut\u201d kan\u00eb p\u00ebrpar\u00ebsi dhe mbeten \u201cnormale dhe fluide\u201d n\u00eb baza ditore.<\/p>\n<p>N\u00eb not\u00ebn diplomatike amerikane thuhej se Shtetet e Bashkuara kishin \u201crespektin maksimal p\u00ebr sovranitetin e Meksik\u00ebs\u201d.<\/p>\n","protected":false},"excerpt":{"rendered":"<p>Qeveria e Meksik\u00ebs ka ngrir\u00eb marr\u00ebdh\u00ebniet me ambasadat e Shteteve t\u00eb Bashkuara dhe Kanadas\u00eb, tha t\u00eb mart\u00ebn Presidenti Andres Manuel Lopez Obrador, pasi ambasador\u00ebt e tyre kritikuan nj\u00eb reform\u00eb t\u00eb propozuar gjyq\u00ebsore t\u00eb mb\u00ebshtetur nga udh\u00ebheq\u00ebsi meksikan. \u201cKa nj\u00eb pauz\u00eb\u201d,\u00a0tha Presidenti Lopez Obrador gjat\u00eb nj\u00eb konference shtypi, duke sqaruar se ngrirja ishte me ambasadat dhe &hellip;<\/p>\n","protected":false},"author":3,"featured_media":87711,"comment_status":"closed","ping_status":"closed","sticky":false,"template":"","format":"standard","meta":{"footnotes":""},"categories":[38],"tags":[],"class_list":["post-87708","post","type-post","status-publish","format-standard","has-post-thumbnail","","category-bota"],"_links":{"self":[{"href":"https:\/\/rdnews.al\/index.php\/wp-json\/wp\/v2\/posts\/87708","targetHints":{"allow":["GET"]}}],"collection":[{"href":"https:\/\/rdnews.al\/index.php\/wp-json\/wp\/v2\/posts"}],"about":[{"href":"https:\/\/rdnews.al\/index.php\/wp-json\/wp\/v2\/types\/post"}],"author":[{"embeddable":true,"href":"https:\/\/rdnews.al\/index.php\/wp-json\/wp\/v2\/users\/3"}],"replies":[{"embeddable":true,"href":"https:\/\/rdnews.al\/index.php\/wp-json\/wp\/v2\/comments?post=87708"}],"version-history":[{"count":0,"href":"https:\/\/rdnews.al\/index.php\/wp-json\/wp\/v2\/posts\/87708\/revisions"}],"wp:featuredmedia":[{"embeddable":true,"href":"https:\/\/rdnews.al\/index.php\/wp-json\/wp\/v2\/media\/87711"}],"wp:attachment":[{"href":"https:\/\/rdnews.al\/index.php\/wp-json\/wp\/v2\/media?parent=87708"}],"wp:term":[{"taxonomy":"category","embeddable":true,"href":"https:\/\/rdnews.al\/index.php\/wp-json\/wp\/v2\/categories?post=87708"},{"taxonomy":"post_tag","embeddable":true,"href":"https:\/\/rdnews.al\/index.php\/wp-json\/wp\/v2\/tags?post=87708"}],"curies":[{"name":"wp","href":"https:\/\/api.w.org\/{rel}","templated":true}]}}