{"id":87720,"date":"2024-08-28T17:28:41","date_gmt":"2024-08-28T17:28:41","guid":{"rendered":"https:\/\/rdnews.al\/?p=87720"},"modified":"2024-08-28T17:28:41","modified_gmt":"2024-08-28T17:28:41","slug":"ish-komandanti-i-focave-detare-nxjerr-bllof-ballukun-porti-i-durresit-pergjegjes-per-kalimin-e-mbetjeve-te-rrezikshme","status":"publish","type":"post","link":"https:\/\/rdnews.al\/index.php\/2024\/08\/28\/ish-komandanti-i-focave-detare-nxjerr-bllof-ballukun-porti-i-durresit-pergjegjes-per-kalimin-e-mbetjeve-te-rrezikshme\/","title":{"rendered":"Ish-komandanti i Focave Detare nxjerr \u2018bllof\u2019 Ballukun: Porti i Durr\u00ebsit p\u00ebrgjegj\u00ebs p\u00ebr kalimin e mbetjeve t\u00eb rrezikshme"},"content":{"rendered":"<p>Ish-komandanti i Focave Detare Artur Me\u00e7ollari, ka reaguar pasi zv.kryeministrja Belinda Balluku tentoi q\u00eb skandalin e mbetjeve t\u00eb ja kalonte kompanis\u00eb private \u2018Kurum\u2019 dhe duke shfaj\u00ebsuar Portin e Durr\u00ebsit dhe ka sulmuar mediat se po b\u00ebjn\u00eb \u2018pis\u2019 portin e Durr\u00ebsit.<\/p>\n<p>\u201c<em style=\"font-weight: inherit;\">Autoriteti potual i Durr\u00ebsit nuk ka asnj\u00eb lidhje me k\u00ebt\u00eb proces. Jan\u00eb procesuar nga nj\u00eb koncesionar q\u00eb operon n\u00eb Portin e Durr\u00ebsit. Atutoriteti portuar dhe koncensionari q\u00eb ka kryet transportin jan\u00eb dy entitete konkurente<\/em>\u201d,tha Balluku.<\/p>\n<p>Me\u00e7ollari shkruan se Ballukut do t\u2019i duhet nj\u00eb avokat kur flet p\u00ebr mbetjet toksike q\u00eb kaluan nga Porti i Durr\u00ebsit, pasi K\u00ebshilli Drejtues i Autoritetit Portual Durr\u00ebs n\u00eb vendimin e dat\u00ebs 21 dhjetor 2021 ka miratuar rregulloren p\u00ebr p\u00ebrpunimin e ngarkesave t\u00eb rrezikshme n\u00eb Portin e Durr\u00ebsit.<\/p>\n<p>Sipas tij, kodi IMDG \u00ebsht\u00eb i detyruesh\u00ebm n\u00eb Portin e Durr\u00ebsit dhe autoriteti i zbatimit t\u00eb tij \u00ebsht\u00eb Autoriteti Portual Durr\u00ebs (APD).<\/p>\n<p><strong>Postimi i Me\u00e7ollarit<\/strong><\/p>\n<p><span style=\"font-style: inherit; font-weight: inherit;\">Dikush duhet ti thot\u00eb Zv\/KM dhe Ministres p\u00ebrgjegj\u00ebse p\u00ebr Portin e Durr\u00ebsit Znj. Belinda Balluku, q\u00eb t\u00eb marri nj\u00eb avokat kur flet p\u00ebr mbetjet toksike q\u00eb kaluan nga Porti i Durr\u00ebsit.<\/span><\/p>\n<p>K\u00ebshilli Drejtues i Autoritetit Portual Durr\u00ebs me vendimin nr. 16, dat\u00eb 21 dhjetor 2021 ka miratuar rregulloren p\u00ebr p\u00ebrpunimin e ngarkesave t\u00eb rrezikshme n\u00eb Portin e Durr\u00ebsit.<\/p>\n<p>Kodi IMDG (Kodi Nd\u00ebrkomb\u00ebtar i Mallrave t\u00eb Rrezikshme Detare) \u00ebsht\u00eb i detyruesh\u00ebm sipas Konvent\u00ebs Nd\u00ebrkomb\u00ebtare p\u00ebr Sigurin\u00eb e Jet\u00ebs n\u00eb Det (SOLAS) dhe Konvent\u00ebs Nd\u00ebrkomb\u00ebtare p\u00ebr Parandalimin e Ndotjes nga Anijet (MARPOL).<\/p>\n<p>Kodi IMDG \u00ebsht\u00eb i detyruesh\u00ebm n\u00eb Portin e Durr\u00ebsit dhe autoriteti i zbatimit t\u00eb tij \u00ebsht\u00eb Autoriteti Portual Durr\u00ebs (APD).<\/p>\n<p>Kodi IMDG \u00ebsht\u00eb n\u00eb fuqi n\u00eb Portin e Durr\u00ebsit pasi:<\/p>\n<p>1) Shqip\u00ebria me ligji nr. 9594, dat\u00eb 27.07.2006, ka aderuar n\u00eb Konvent\u00ebn MARPOL.<\/p>\n<p>2) Shqip\u00ebria me ligji nr. 9213, dat\u00eb 1.4.2004, ka aderuar n\u00eb Konvent\u00ebn\u00a0 SOLAS.<\/p>\n<p>Detyrat e APD:<\/p>\n<p>Zbatimi i legjislacionit komb\u00ebtar dhe nd\u00ebrkomb\u00ebtar p\u00ebr transportin e mallrave t\u00eb rrezikshme.<\/p>\n<p>T\u00eb udh\u00ebzoj\u00eb t\u00eb gjith\u00eb agjent\u00ebt, p\u00ebrdoruesit\/punonj\u00ebsit\/strukturat p\u00ebrgjegj\u00ebse t\u00eb portit n\u00eb p\u00ebrpunimin e mallrave t\u00eb rrezikshme.<\/p>\n<p>Dokumentimi i t\u00eb gjith\u00eb procesit t\u00eb ngarkesave t\u00eb rrezikshme.<\/p>\n<p>Pajisja e t\u00eb gjith\u00eb punonj\u00ebsve q\u00eb merren me mallra t\u00eb rrezikshme dhe pajisje sigurie ku k\u00ebrkohet trajnim p\u00ebr p\u00ebrdorimin e tyre.<\/p>\n<p>Klasifikimi i substancave (NGARKESAVE TE RREZIKSHME) sipas kodit IMDG (International Maritime Dangerous Goods Code)<\/p>\n<p>Klasa 1 \u2013\u00a0 Materialet dhe substancat shp\u00ebrthyese.<\/p>\n<p>Klasa 2 \u2013\u00a0 Gazet e presuara dhe gazet e lengshme\u00a0 n\u00ebn presion.<\/p>\n<p>Klasa 3 \u2013\u00a0 Materialet e l\u00ebng\u00ebshme me rrezikshmeri t\u00eb lart\u00eb ndezje.<\/p>\n<p>Klasa 4 \u2013 Materialet solide t\u00eb ndez\u00ebshme, materiale dhe substanca q\u00eb\u00a0 ndizen n\u00eb m\u00ebnyr\u00eb spontane ose me prekjen me t\u00eb leht\u00eb.<\/p>\n<p>Klasa 5\u00a0\u00a0 \u2013 Materialet hidrokarbure dhe piroksidet organike.<\/p>\n<p>Klasa 6\u00a0\u00a0\u00a0 \u2013 Materialet toksike dhe ato infektuese.<\/p>\n<p>Klasa 7 \u2013\u00a0\u00a0\u00a0 Materialet\u00a0 radioaktive.<\/p>\n<p>Klasa 8 \u2013\u00a0\u00a0\u00a0 Materialet\u00a0 korrozive.<\/p>\n<p>Klasa 9 \u2013 Materialet e rrezikshme q\u00eb, nga p\u00ebrvoja, p\u00ebrdorimi\u00a0 e karakteri i tyre, mund t\u00eb paraqesin rrezikshm\u00ebri p\u00ebr mjedisin dhe q\u00ebniet e gjalla.<\/p>\n<p>M\u00eb posht\u00eb nj\u00eb brifing inmbajtur nga APD mbi zbatimin e Kodot IMGD.<\/p>\n<p><a href=\"https:\/\/www.transport-community.org\/wp-content\/uploads\/2023\/06\/10-2-ALB-Port-Administration-Durres-IMDG-information-07.06.2023.pdf\" target=\"_blank\" rel=\"noopener\">https:\/\/www.transport-community.org\/\u2026\/10-2-ALB-Port\u2026<\/a><\/p>\n","protected":false},"excerpt":{"rendered":"<p>Ish-komandanti i Focave Detare Artur Me\u00e7ollari, ka reaguar pasi zv.kryeministrja Belinda Balluku tentoi q\u00eb skandalin e mbetjeve t\u00eb ja kalonte kompanis\u00eb private \u2018Kurum\u2019 dhe duke shfaj\u00ebsuar Portin e Durr\u00ebsit dhe ka sulmuar mediat se po b\u00ebjn\u00eb \u2018pis\u2019 portin e Durr\u00ebsit. \u201cAutoriteti potual i Durr\u00ebsit nuk ka asnj\u00eb lidhje me k\u00ebt\u00eb proces. Jan\u00eb procesuar nga nj\u00eb &hellip;<\/p>\n","protected":false},"author":4,"featured_media":87721,"comment_status":"closed","ping_status":"closed","sticky":false,"template":"","format":"standard","meta":{"footnotes":""},"categories":[37],"tags":[],"class_list":["post-87720","post","type-post","status-publish","format-standard","has-post-thumbnail","","category-politike"],"_links":{"self":[{"href":"https:\/\/rdnews.al\/index.php\/wp-json\/wp\/v2\/posts\/87720","targetHints":{"allow":["GET"]}}],"collection":[{"href":"https:\/\/rdnews.al\/index.php\/wp-json\/wp\/v2\/posts"}],"about":[{"href":"https:\/\/rdnews.al\/index.php\/wp-json\/wp\/v2\/types\/post"}],"author":[{"embeddable":true,"href":"https:\/\/rdnews.al\/index.php\/wp-json\/wp\/v2\/users\/4"}],"replies":[{"embeddable":true,"href":"https:\/\/rdnews.al\/index.php\/wp-json\/wp\/v2\/comments?post=87720"}],"version-history":[{"count":0,"href":"https:\/\/rdnews.al\/index.php\/wp-json\/wp\/v2\/posts\/87720\/revisions"}],"wp:featuredmedia":[{"embeddable":true,"href":"https:\/\/rdnews.al\/index.php\/wp-json\/wp\/v2\/media\/87721"}],"wp:attachment":[{"href":"https:\/\/rdnews.al\/index.php\/wp-json\/wp\/v2\/media?parent=87720"}],"wp:term":[{"taxonomy":"category","embeddable":true,"href":"https:\/\/rdnews.al\/index.php\/wp-json\/wp\/v2\/categories?post=87720"},{"taxonomy":"post_tag","embeddable":true,"href":"https:\/\/rdnews.al\/index.php\/wp-json\/wp\/v2\/tags?post=87720"}],"curies":[{"name":"wp","href":"https:\/\/api.w.org\/{rel}","templated":true}]}}