{"id":87733,"date":"2024-08-28T19:44:58","date_gmt":"2024-08-28T19:44:58","guid":{"rendered":"https:\/\/rdnews.al\/?p=87733"},"modified":"2024-08-28T19:44:58","modified_gmt":"2024-08-28T19:44:58","slug":"berisha-veliaj-meriton-varjen-ne-shtyllen-e-turpit-te-historise-te-gjithe-ne-proteste","status":"publish","type":"post","link":"https:\/\/rdnews.al\/index.php\/2024\/08\/28\/berisha-veliaj-meriton-varjen-ne-shtyllen-e-turpit-te-historise-te-gjithe-ne-proteste\/","title":{"rendered":"Berisha: Veliaj meriton varjen n\u00eb shtyll\u00ebn e turpit t\u00eb historis\u00eb! T\u00eb gjith\u00eb n\u00eb protest\u00eb!"},"content":{"rendered":"<p>Lideri i opozit\u00ebs, Sali Berisha ftoi qytetar\u00ebt t\u00eb ngrihen n\u00eb protest\u00eb t\u00eb enjten para bashkis\u00eb s\u00eb kryeqytetit, kund\u00ebr nj\u00eb hajduti q\u00eb Tirana nuk e ka njohur kurr\u00eb m\u00eb par\u00eb.<\/p>\n<p>Sipas Berish\u00ebs, Veliaj meriton t\u00eb varet n\u00eb at\u00eb q\u00eb e cil\u00ebsoi, shtyll\u00ebn e turpit t\u00eb historis\u00eb, p\u00ebr shkak t\u00eb vjedhjeve t\u00eb vazhdueshme q\u00eb u ka b\u00ebr\u00eb taksapaguesve t\u00eb Tiran\u00ebs.<\/p>\n<p>Berisha tha se protesta e s\u00eb enjtes duhet t\u00eb d\u00ebshmoj\u00eb shpirtin e pamposhtur qytetar, vendosm\u00ebrin\u00eb drejt fitores, qeveris\u00eb teknike, zgjedhjeve t\u00eb lira, ndryshimit t\u00eb pushtetit dhe fitores s\u00eb opozit\u00ebs.<\/p>\n<p><strong>Berisha:<\/strong> Nes\u00ebr tek bashkia \u00ebsht\u00eb protesta te bashkia kund\u00ebr nj\u00ebrit prej hajdut\u00ebve m\u00eb t\u00eb shp\u00ebrfytyruar t\u00eb koh\u00ebrave, hajdut q\u00eb Tirana nuk e ka njohur kurr\u00eb m\u00eb par\u00eb. Kund\u00ebr nj\u00eb njeriu q\u00eb vjedhjen, pla\u00e7kitjen ka moral, pasurimin me vjedhjen e ka ideal, fjal\u00ebn e ka mashtrim.<\/p>\n<p>Ai meriton p\u00ebrzenien p\u00ebr zverku nga bashkia, varjen n\u00eb shtyll\u00ebn e turpit t\u00eb historis\u00eb!<\/p>\n<p>Ndaj edhe ju b\u00ebj thirrje mbar\u00eb qytetar\u00ebve t\u00eb Tiran\u00ebs, nes\u00ebr t\u00eb gjith\u00eb tek bashkia n\u00eb nj\u00eb protest\u00eb n\u00eb t\u00eb cil\u00ebn ne duhet t\u00eb d\u00ebshmojm\u00eb shpirtin e pamposhtur qytetar, vendosm\u00ebrin\u00eb ton\u00eb n\u00eb duar t\u00eb sigurta drejt fitores, qeveris\u00eb teknike, zgjedhjeve t\u00eb lira, ndryshimit t\u00eb pushtetit, fitores s\u00eb opozit\u00ebs.<\/p>\n<p>Rrofshi ju, rroft\u00eb Shqip\u00ebria! Fitore, fitore, fitore!<\/p>\n","protected":false},"excerpt":{"rendered":"<p>Lideri i opozit\u00ebs, Sali Berisha ftoi qytetar\u00ebt t\u00eb ngrihen n\u00eb protest\u00eb t\u00eb enjten para bashkis\u00eb s\u00eb kryeqytetit, kund\u00ebr nj\u00eb hajduti q\u00eb Tirana nuk e ka njohur kurr\u00eb m\u00eb par\u00eb. Sipas Berish\u00ebs, Veliaj meriton t\u00eb varet n\u00eb at\u00eb q\u00eb e cil\u00ebsoi, shtyll\u00ebn e turpit t\u00eb historis\u00eb, p\u00ebr shkak t\u00eb vjedhjeve t\u00eb vazhdueshme q\u00eb u ka b\u00ebr\u00eb &hellip;<\/p>\n","protected":false},"author":4,"featured_media":82610,"comment_status":"closed","ping_status":"closed","sticky":false,"template":"","format":"standard","meta":{"footnotes":""},"categories":[37],"tags":[],"class_list":["post-87733","post","type-post","status-publish","format-standard","has-post-thumbnail","","category-politike"],"_links":{"self":[{"href":"https:\/\/rdnews.al\/index.php\/wp-json\/wp\/v2\/posts\/87733","targetHints":{"allow":["GET"]}}],"collection":[{"href":"https:\/\/rdnews.al\/index.php\/wp-json\/wp\/v2\/posts"}],"about":[{"href":"https:\/\/rdnews.al\/index.php\/wp-json\/wp\/v2\/types\/post"}],"author":[{"embeddable":true,"href":"https:\/\/rdnews.al\/index.php\/wp-json\/wp\/v2\/users\/4"}],"replies":[{"embeddable":true,"href":"https:\/\/rdnews.al\/index.php\/wp-json\/wp\/v2\/comments?post=87733"}],"version-history":[{"count":0,"href":"https:\/\/rdnews.al\/index.php\/wp-json\/wp\/v2\/posts\/87733\/revisions"}],"wp:featuredmedia":[{"embeddable":true,"href":"https:\/\/rdnews.al\/index.php\/wp-json\/wp\/v2\/media\/82610"}],"wp:attachment":[{"href":"https:\/\/rdnews.al\/index.php\/wp-json\/wp\/v2\/media?parent=87733"}],"wp:term":[{"taxonomy":"category","embeddable":true,"href":"https:\/\/rdnews.al\/index.php\/wp-json\/wp\/v2\/categories?post=87733"},{"taxonomy":"post_tag","embeddable":true,"href":"https:\/\/rdnews.al\/index.php\/wp-json\/wp\/v2\/tags?post=87733"}],"curies":[{"name":"wp","href":"https:\/\/api.w.org\/{rel}","templated":true}]}}