{"id":87747,"date":"2024-08-29T09:48:02","date_gmt":"2024-08-29T09:48:02","guid":{"rendered":"https:\/\/rdnews.al\/?p=87747"},"modified":"2024-08-29T09:49:28","modified_gmt":"2024-08-29T09:49:28","slug":"tirana-e-vjedhur-viti-i-dyte-qe-familjet-ne-nevoje-lihen-pa-ndihma-sociale-gjate-muajit-gusht","status":"publish","type":"post","link":"https:\/\/rdnews.al\/index.php\/2024\/08\/29\/tirana-e-vjedhur-viti-i-dyte-qe-familjet-ne-nevoje-lihen-pa-ndihma-sociale-gjate-muajit-gusht\/","title":{"rendered":"Viti i dyt\u00eb q\u00eb Veliaj le familjet n\u00eb nevoj\u00eb pa ndihma sociale gjat\u00eb muajit Gusht"},"content":{"rendered":"<p>Jonathan Pano, an\u00ebtar i\u00a0K\u00ebshillit Bashkiak, pjes\u00ebmarr\u00ebs n\u00eb protest\u00ebn e sotme para bashkis\u00eb Tiran\u00eb,\u00a0 mbi Afer\u00ebn\u00a0&#8216;5D&#8217; dhe incenerator\u00ebt, mbajti fjal\u00ebn e tij n\u00eb podium.<\/p>\n<p>Pano denoncoi se as k\u00ebt\u00eb ver\u00eb, nj\u00eblloj si ver\u00ebn e kaluar, qytetar\u00ebt n\u00eb nevoj\u00eb t\u00eb Tiran\u00ebs, nuk e mor\u00ebn dot bonusin e qerave dhe ndihm\u00ebn sociale gjat\u00eb muajit gusht, dhe kjo p\u00ebr shkak t\u00eb neglizhenc\u00ebs nga bashkia. Nd\u00ebr t\u00eb tjera, Pano shtoi se Tirana \u00ebsht\u00eb nj\u00eb nga qytetet m\u00eb t\u00eb vjedhura.<\/p>\n<p>\u201cTirana sot duhet t\u00eb ishte e bukur, por nuk \u00ebsht\u00eb, sepse \u00ebsht\u00eb e vjedhur. Tirana sot duhet t\u00eb ishte e lir\u00eb por nuk \u00ebsht\u00eb sepse \u00ebsht\u00eb e kapur nga hajdut\u00ebt\u201d,\u00a0u shpreh an\u00ebtari i\u00a0K\u00ebshillit Bashkiak.<\/p>\n<p>Kam nj\u00eb lajm shum\u00eb t\u00eb keq.<\/p>\n<p>Si vitin e kaluar n\u00eb 2023, por edhe k\u00ebt\u00eb gusht Erion Veliaj, nuk mbledh\u00a0 K\u00ebshillin Bashkiak p\u00ebr t\u00eb kaluar ndihm\u00ebn sociale p\u00ebr njer\u00ebzit q\u00eb \u00a0jan\u00eb n\u00eb nevoj\u00eb.<\/p>\n<p>\u00cbsht\u00eb viti i\u00a0dyt\u00eb rresht q\u00eb kafshat\u00ebn e buk\u00ebs, personat q\u00eb jan\u00eb n\u00eb nevoj\u00eb, personat q\u00eb kan\u00eb nevoj\u00eb p\u00ebr bonus t\u00eb qerave, nuk ja japin.<\/p>\n<p>Por \u00e7far\u00eb b\u00ebjn\u00eb? A e keni par\u00eb sa t\u00eb leht\u00eb e kan\u00eb t\u00eb miratojn\u00eb tendera?<\/p>\n<p>Tirana duhet t\u00eb ishte sot nj\u00eb qytet i\u00a0past\u00ebr, pasi kemi paguar mbi 130 milion\u00eb euro p\u00ebr inceneratorin q\u00eb nuk egzsiton.<\/p>\n<p>Tirana duhet t\u00eb ishte sot me shkolla, nd\u00ebrkoh\u00eb q\u00eb kemi zon\u00ebn e Astirit, me 70 mij\u00eb banor\u00eb q\u00eb nuk kemi asnj\u00eb institucion arsimor, nd\u00ebrkoh\u00eb q\u00eb qytetar\u00ebt e<\/p>\n<p>Tiran\u00ebs deri tani kan\u00eb paguar 55 milion\u00eb euro vet\u00ebm p\u00ebr taks\u00ebn e p\u00ebrkohshm\u00eb t\u00eb infrastruktur\u00ebs arsimore e cila duhet t\u00eb kishte p\u00ebrfunduar q\u00eb n\u00eb vitin 2019.<\/p>\n<p>Tirana sot duhet t\u00eb ishte e bukur, por nuk \u00ebsht\u00eb, sepse \u00ebsht\u00eb e vjedhur.<\/p>\n<p>Tirana sot duhet t\u00eb ishte e lir\u00eb por nuk \u00ebsht\u00eb, sepse \u00ebsht\u00eb e kapur nga hajdut\u00ebt.<\/p>\n<p>Tiransit sot duhet t\u00eb ishin duke g\u00ebzuar dhe festuar por nuk jan\u00eb sepse jan\u00eb t\u00eb vjedhur, dhe duart e hajdut\u00ebve jan\u00eb futur\u00a0ne xhepat e qytetar\u00ebve t\u00eb Tiran\u00ebs!\u201d, tha ai.<\/p>\n","protected":false},"excerpt":{"rendered":"<p>Jonathan Pano, an\u00ebtar i\u00a0K\u00ebshillit Bashkiak, pjes\u00ebmarr\u00ebs n\u00eb protest\u00ebn e sotme para bashkis\u00eb Tiran\u00eb,\u00a0 mbi Afer\u00ebn\u00a0&#8216;5D&#8217; dhe incenerator\u00ebt, mbajti fjal\u00ebn e tij n\u00eb podium. Pano denoncoi se as k\u00ebt\u00eb ver\u00eb, nj\u00eblloj si ver\u00ebn e kaluar, qytetar\u00ebt n\u00eb nevoj\u00eb t\u00eb Tiran\u00ebs, nuk e mor\u00ebn dot bonusin e qerave dhe ndihm\u00ebn sociale gjat\u00eb muajit gusht, dhe kjo p\u00ebr &hellip;<\/p>\n","protected":false},"author":4,"featured_media":83392,"comment_status":"closed","ping_status":"closed","sticky":false,"template":"","format":"standard","meta":{"footnotes":""},"categories":[37],"tags":[],"class_list":["post-87747","post","type-post","status-publish","format-standard","has-post-thumbnail","","category-politike"],"_links":{"self":[{"href":"https:\/\/rdnews.al\/index.php\/wp-json\/wp\/v2\/posts\/87747","targetHints":{"allow":["GET"]}}],"collection":[{"href":"https:\/\/rdnews.al\/index.php\/wp-json\/wp\/v2\/posts"}],"about":[{"href":"https:\/\/rdnews.al\/index.php\/wp-json\/wp\/v2\/types\/post"}],"author":[{"embeddable":true,"href":"https:\/\/rdnews.al\/index.php\/wp-json\/wp\/v2\/users\/4"}],"replies":[{"embeddable":true,"href":"https:\/\/rdnews.al\/index.php\/wp-json\/wp\/v2\/comments?post=87747"}],"version-history":[{"count":0,"href":"https:\/\/rdnews.al\/index.php\/wp-json\/wp\/v2\/posts\/87747\/revisions"}],"wp:featuredmedia":[{"embeddable":true,"href":"https:\/\/rdnews.al\/index.php\/wp-json\/wp\/v2\/media\/83392"}],"wp:attachment":[{"href":"https:\/\/rdnews.al\/index.php\/wp-json\/wp\/v2\/media?parent=87747"}],"wp:term":[{"taxonomy":"category","embeddable":true,"href":"https:\/\/rdnews.al\/index.php\/wp-json\/wp\/v2\/categories?post=87747"},{"taxonomy":"post_tag","embeddable":true,"href":"https:\/\/rdnews.al\/index.php\/wp-json\/wp\/v2\/tags?post=87747"}],"curies":[{"name":"wp","href":"https:\/\/api.w.org\/{rel}","templated":true}]}}